	{"id":23361,"date":"2023-02-23T11:48:25","date_gmt":"2023-02-23T11:48:25","guid":{"rendered":"https:\/\/lavostrallar.com\/?p=23361"},"modified":"2023-03-14T09:57:19","modified_gmt":"2023-03-14T09:57:19","slug":"tercer-mes-del-ano-marzo-en-clot","status":"publish","type":"post","link":"https:\/\/lavostrallar.com\/noticias\/tercer-mes-del-ano-marzo-en-clot\/","title":{"rendered":"Tercer mes del a\u00f1o, \u00a1Marzo en la residencia La Vostra Llar Clot!"},"content":{"rendered":"\n<p>Bienvenidos un mes m\u00e1s a <strong><a href=\"https:\/\/lavostrallar.com\/residencia-y-centro-de-dia-clot\/\">La Vostra Llar Clot<\/a><\/strong> y a nuestro fant\u00e1stico programa de actividades de marzo.<\/p>\n\n\n\n<p>Empezamos el d\u00eda 2, primer jueves del mes, con una cita doble: para comer degustaremos del <strong>\u00abMen\u00fa del abuelo\u00bb<\/strong> con los platos m\u00e1s especiales para los residentes escogidos por ellos mismos. Este mes se conforma de habas a la catalana, de primero; mariscada, de segundo, y manzana al horno de postre.<\/p>\n\n\n\n<p>El d\u00eda no termina aqu\u00ed, porque por la tarde, disfrutaremos del concierto en vivo del gran <strong>Pedro Paya<\/strong>, un residente con mucho arte. Adem\u00e1s, inauguramos nuevas tradiciones, ya que Pedro nos deleitar\u00e1 con sus conciertos cada jueves del mes a las 17 horas en nuestra residencia a partir de ahora.<\/p>\n\n\n\n<p>Este mes empieza un <strong>taller de zumba<\/strong> que se realizar\u00e1 cada 15 d\u00edas en el centro. Nuestros residentes podr\u00e1n disfrutar de las danzas latinas cada dos viernes a las 11 horas. Como resulta muy importante la actividad f\u00edsica, tambi\u00e9n se implementar\u00e1n <strong>salidas l\u00fadicas<\/strong> como ir a jugar a la petanca o ir al mercado.<\/p>\n\n\n\n<p>La <strong>estimulaci\u00f3n cognitiva<\/strong>, sensorial, emocional y motora, no se deben perder. Por ello, continuar\u00e1n nuestros talleres para promoverla. Seguiremos realizando el taller de belleza, bingos, karaokes, musicoterapia, rehabilitaci\u00f3n individual y grupal\u2026 Y por supuesto, seguiremos recreando nuestros concursos y programas de televisi\u00f3n favoritos.<\/p>\n\n\n\n<p><a href=\"https:\/\/www.itcan.cat\/\"><strong>ItCan<\/strong><\/a>; una asociaci\u00f3n que ofrecen programas terap\u00e9uticos, educativos y l\u00fadicos con perros; nos seguir\u00e1 visitando cada 15 d\u00edas los martes a las 11 horas con su maravilloso equipo formado por Eli, Lucas y Asia.  <a href=\"http:\/\/artransforma.org\/art\/es\/inicio\/\"><strong>ARTransforma<\/strong><\/a> tambi\u00e9n nos visitar\u00e1, de la mano de Julia, para deleitarnos una vez m\u00e1s con su proyecto <strong>M\u00fasica para el olvido<\/strong> y sus sesiones participativas de m\u00fasica, movimiento y creatividad.<\/p>\n\n\n\n<p>Adem\u00e1s, la <strong>Parroquia de Sant Mart\u00ed del Clot <\/strong>volver\u00e1 a ofrecer el servicio religioso el d\u00eda 15, los ni\u00f1os de la <strong>Escuela Proven\u00e7als<\/strong>; junto a sus tutores; nos deleitar\u00e1n con su visita el d\u00eda 21 y los cumplea\u00f1os de todos los residentes se celebrar\u00e1n el d\u00eda 28 de forma conjunta.<\/p>\n\n\n\n<p>Por \u00faltimo, no nos olvidamos de las fiestas t\u00edpicas de marzo. En motivo de la <strong>Quaresma<\/strong>, cada viernes se merendar\u00e1n bu\u00f1uelos de viento, aprovechando que es temporada celebraremos una <strong>cal\u00e7otada popular<\/strong> y el d\u00eda 19 en motivo de <strong>San Josep<\/strong>, de postre, disfrutaremos de crema catalana.<\/p>\n\n\n\n<p>\u00a1A divertirse mucho!<\/p>\n\n\n<h2>Descubre m\u00e1s actividades en nuestra residencia de ancianos<\/h2>\n\n\n<p><\/p>\n","protected":false},"excerpt":{"rendered":"<p>Bienvenidos un mes m\u00e1s a La Vostra Llar Clot y a nuestro fant\u00e1stico programa de actividades de marzo. Empezamos el d\u00eda 2, primer jueves del mes, con una cita doble: para comer degustaremos del \u00abMen\u00fa del abuelo\u00bb con los platos m\u00e1s especiales para los residentes escogidos por ellos mismos. Este mes se conforma de habas [&hellip;]<\/p>\n","protected":false},"author":15,"featured_media":23363,"comment_status":"closed","ping_status":"closed","sticky":false,"template":"","format":"standard","meta":{"content-type":"","footnotes":""},"categories":[47,1],"tags":[21,7,65,9,20,64],"class_list":["post-23361","post","type-post","status-publish","format-standard","has-post-thumbnail","hentry","category-noticias-clot","category-uncategorized","tag-atencion-centrada-en-la-persona","tag-compromiso-social","tag-estimulacion-cognitiva","tag-residencias-de-ancianos","tag-salud-y-envejecimiento-activo","tag-talleres"],"yoast_head":"<!-- This site is optimized with the Yoast SEO plugin v26.0 - https:\/\/yoast.com\/wordpress\/plugins\/seo\/ -->\n<title>Marzo en la residencia La Vostra Llar Clot- Noticias La Vostra Llar<\/title>\n<meta name=\"description\" content=\"Bienvenidos un mes mas a La Vostra Llar Clot y a nuestro fant\u00e1stico programa de actividades y festividades de marzo.\" \/>\n<meta name=\"robots\" content=\"index, follow, max-snippet:-1, max-image-preview:large, max-video-preview:-1\" \/>\n<link rel=\"canonical\" href=\"https:\/\/lavostrallar.com\/noticias\/tercer-mes-del-ano-marzo-en-clot\/\" \/>\n<meta property=\"og:locale\" content=\"es_ES\" \/>\n<meta property=\"og:type\" content=\"article\" \/>\n<meta property=\"og:title\" content=\"Marzo en la residencia La Vostra Llar Clot- Noticias La Vostra Llar\" \/>\n<meta property=\"og:description\" content=\"Bienvenidos un mes mas a La Vostra Llar Clot y a nuestro fant\u00e1stico programa de actividades y festividades de marzo.\" \/>\n<meta property=\"og:url\" content=\"https:\/\/lavostrallar.com\/noticias\/tercer-mes-del-ano-marzo-en-clot\/\" \/>\n<meta property=\"og:site_name\" content=\"Noticias La Vostra Llar\" \/>\n<meta property=\"article:publisher\" content=\"https:\/\/www.facebook.com\/lavostra.llar\" \/>\n<meta property=\"article:published_time\" content=\"2023-02-23T11:48:25+00:00\" \/>\n<meta property=\"article:modified_time\" content=\"2023-03-14T09:57:19+00:00\" \/>\n<meta property=\"og:image\" content=\"https:\/\/lavostrallar.com\/noticias\/wp-content\/uploads\/2023\/02\/328613137_872664070708243_4451012995529083676_n.jpg\" \/>\n\t<meta property=\"og:image:width\" content=\"1418\" \/>\n\t<meta property=\"og:image:height\" content=\"1199\" \/>\n\t<meta property=\"og:image:type\" content=\"image\/jpeg\" \/>\n<meta name=\"author\" content=\"clot\" \/>\n<meta name=\"twitter:card\" content=\"summary_large_image\" \/>\n<meta name=\"twitter:creator\" content=\"@lavostrallar\" \/>\n<meta name=\"twitter:site\" content=\"@lavostrallar\" \/>\n<meta name=\"twitter:label1\" content=\"Escrito por\" \/>\n\t<meta name=\"twitter:data1\" content=\"clot\" \/>\n\t<meta name=\"twitter:label2\" content=\"Tiempo de lectura\" \/>\n\t<meta name=\"twitter:data2\" content=\"2 minutos\" \/>\n<script type=\"application\/ld+json\" class=\"yoast-schema-graph\">{\"@context\":\"https:\/\/schema.org\",\"@graph\":[{\"@type\":\"Article\",\"@id\":\"https:\/\/lavostrallar.com\/noticias\/ca\/tercer-mes-del-ano-marzo-en-clot\/#article\",\"isPartOf\":{\"@id\":\"https:\/\/lavostrallar.com\/noticias\/ca\/tercer-mes-del-ano-marzo-en-clot\/\"},\"author\":{\"name\":\"clot\",\"@id\":\"https:\/\/lavostrallar.com\/noticias\/#\/schema\/person\/2511dfae685f7be889a50167b3d88a38\"},\"headline\":\"Tercer mes del a\u00f1o, \u00a1Marzo en la residencia La Vostra Llar Clot!\",\"datePublished\":\"2023-02-23T11:48:25+00:00\",\"dateModified\":\"2023-03-14T09:57:19+00:00\",\"mainEntityOfPage\":{\"@id\":\"https:\/\/lavostrallar.com\/noticias\/ca\/tercer-mes-del-ano-marzo-en-clot\/\"},\"wordCount\":429,\"publisher\":{\"@id\":\"https:\/\/lavostrallar.com\/noticias\/#organization\"},\"image\":{\"@id\":\"https:\/\/lavostrallar.com\/noticias\/ca\/tercer-mes-del-ano-marzo-en-clot\/#primaryimage\"},\"thumbnailUrl\":\"https:\/\/lavostrallar.com\/noticias\/wp-content\/uploads\/2023\/02\/328613137_872664070708243_4451012995529083676_n.jpg\",\"keywords\":[\"Atenci\u00f3n centrada en la persona\",\"Compromiso social\",\"Estimulaci\u00f3n cognitiva\",\"Residencias de ancianos\",\"Salud y envejecimiento activo\",\"Talleres\"],\"articleSection\":[\"Noticias Clot\",\"Uncategorized\"],\"inLanguage\":\"es\"},{\"@type\":\"WebPage\",\"@id\":\"https:\/\/lavostrallar.com\/noticias\/ca\/tercer-mes-del-ano-marzo-en-clot\/\",\"url\":\"https:\/\/lavostrallar.com\/noticias\/ca\/tercer-mes-del-ano-marzo-en-clot\/\",\"name\":\"Marzo en la residencia La Vostra Llar Clot- Noticias La Vostra Llar\",\"isPartOf\":{\"@id\":\"https:\/\/lavostrallar.com\/noticias\/#website\"},\"primaryImageOfPage\":{\"@id\":\"https:\/\/lavostrallar.com\/noticias\/ca\/tercer-mes-del-ano-marzo-en-clot\/#primaryimage\"},\"image\":{\"@id\":\"https:\/\/lavostrallar.com\/noticias\/ca\/tercer-mes-del-ano-marzo-en-clot\/#primaryimage\"},\"thumbnailUrl\":\"https:\/\/lavostrallar.com\/noticias\/wp-content\/uploads\/2023\/02\/328613137_872664070708243_4451012995529083676_n.jpg\",\"datePublished\":\"2023-02-23T11:48:25+00:00\",\"dateModified\":\"2023-03-14T09:57:19+00:00\",\"description\":\"Bienvenidos un mes mas a La Vostra Llar Clot y a nuestro fant\u00e1stico programa de actividades y festividades de marzo.\",\"breadcrumb\":{\"@id\":\"https:\/\/lavostrallar.com\/noticias\/ca\/tercer-mes-del-ano-marzo-en-clot\/#breadcrumb\"},\"inLanguage\":\"es\",\"potentialAction\":[{\"@type\":\"ReadAction\",\"target\":[\"https:\/\/lavostrallar.com\/noticias\/ca\/tercer-mes-del-ano-marzo-en-clot\/\"]}]},{\"@type\":\"ImageObject\",\"inLanguage\":\"es\",\"@id\":\"https:\/\/lavostrallar.com\/noticias\/ca\/tercer-mes-del-ano-marzo-en-clot\/#primaryimage\",\"url\":\"https:\/\/lavostrallar.com\/noticias\/wp-content\/uploads\/2023\/02\/328613137_872664070708243_4451012995529083676_n.jpg\",\"contentUrl\":\"https:\/\/lavostrallar.com\/noticias\/wp-content\/uploads\/2023\/02\/328613137_872664070708243_4451012995529083676_n.jpg\",\"width\":1418,\"height\":1199,\"caption\":\"Residencia de ancianos\"},{\"@type\":\"BreadcrumbList\",\"@id\":\"https:\/\/lavostrallar.com\/noticias\/ca\/tercer-mes-del-ano-marzo-en-clot\/#breadcrumb\",\"itemListElement\":[{\"@type\":\"ListItem\",\"position\":1,\"name\":\"Portada\",\"item\":\"https:\/\/lavostrallar.com\/noticias\/\"},{\"@type\":\"ListItem\",\"position\":2,\"name\":\"Tercer mes del a\u00f1o, \u00a1Marzo en la residencia La Vostra Llar Clot!\"}]},{\"@type\":\"WebSite\",\"@id\":\"https:\/\/lavostrallar.com\/noticias\/#website\",\"url\":\"https:\/\/lavostrallar.com\/noticias\/\",\"name\":\"La Vostra Llar\",\"description\":\"La Vostra Llar gestiona resid\u00e8ncies geri\u00e0triques des de 1987 amb la missi\u00f3 d\u2019oferir assist\u00e8ncia personalitzada per estimular, acollir i atendre les persones grans amb qualsevol grau de depend\u00e8ncia.\",\"publisher\":{\"@id\":\"https:\/\/lavostrallar.com\/noticias\/#organization\"},\"potentialAction\":[{\"@type\":\"SearchAction\",\"target\":{\"@type\":\"EntryPoint\",\"urlTemplate\":\"https:\/\/lavostrallar.com\/noticias\/?s={search_term_string}\"},\"query-input\":{\"@type\":\"PropertyValueSpecification\",\"valueRequired\":true,\"valueName\":\"search_term_string\"}}],\"inLanguage\":\"es\"},{\"@type\":\"Organization\",\"@id\":\"https:\/\/lavostrallar.com\/noticias\/#organization\",\"name\":\"La Vostra Llar\",\"url\":\"https:\/\/lavostrallar.com\/noticias\/\",\"logo\":{\"@type\":\"ImageObject\",\"inLanguage\":\"es\",\"@id\":\"https:\/\/lavostrallar.com\/noticias\/#\/schema\/logo\/image\/\",\"url\":\"https:\/\/lavostrallar.com\/noticias\/wp-content\/uploads\/2021\/12\/logo_lavostrallar.png\",\"contentUrl\":\"https:\/\/lavostrallar.com\/noticias\/wp-content\/uploads\/2021\/12\/logo_lavostrallar.png\",\"width\":217,\"height\":109,\"caption\":\"La Vostra Llar\"},\"image\":{\"@id\":\"https:\/\/lavostrallar.com\/noticias\/#\/schema\/logo\/image\/\"},\"sameAs\":[\"https:\/\/www.facebook.com\/lavostra.llar\",\"https:\/\/x.com\/lavostrallar\",\"https:\/\/www.instagram.com\/lavostrallar\/\"]},{\"@type\":\"Person\",\"@id\":\"https:\/\/lavostrallar.com\/noticias\/#\/schema\/person\/2511dfae685f7be889a50167b3d88a38\",\"name\":\"clot\",\"image\":{\"@type\":\"ImageObject\",\"inLanguage\":\"es\",\"@id\":\"https:\/\/lavostrallar.com\/noticias\/#\/schema\/person\/image\/\",\"url\":\"https:\/\/secure.gravatar.com\/avatar\/3c1df0739940f5c4c6ddbf0cbaa0c04d540ea3f04119bc2b24c94557acb1067c?s=96&d=mm&r=g\",\"contentUrl\":\"https:\/\/secure.gravatar.com\/avatar\/3c1df0739940f5c4c6ddbf0cbaa0c04d540ea3f04119bc2b24c94557acb1067c?s=96&d=mm&r=g\",\"caption\":\"clot\"},\"url\":\"https:\/\/lavostrallar.com\/noticias\/author\/lavostrallar-clot\/\"}]}<\/script>\n<!-- \/ Yoast SEO plugin. -->","yoast_head_json":{"title":"Marzo en la residencia La Vostra Llar Clot- Noticias La Vostra Llar","description":"Bienvenidos un mes mas a La Vostra Llar Clot y a nuestro fant\u00e1stico programa de actividades y festividades de marzo.","robots":{"index":"index","follow":"follow","max-snippet":"max-snippet:-1","max-image-preview":"max-image-preview:large","max-video-preview":"max-video-preview:-1"},"canonical":"https:\/\/lavostrallar.com\/noticias\/tercer-mes-del-ano-marzo-en-clot\/","og_locale":"es_ES","og_type":"article","og_title":"Marzo en la residencia La Vostra Llar Clot- Noticias La Vostra Llar","og_description":"Bienvenidos un mes mas a La Vostra Llar Clot y a nuestro fant\u00e1stico programa de actividades y festividades de marzo.","og_url":"https:\/\/lavostrallar.com\/noticias\/tercer-mes-del-ano-marzo-en-clot\/","og_site_name":"Noticias La Vostra Llar","article_publisher":"https:\/\/www.facebook.com\/lavostra.llar","article_published_time":"2023-02-23T11:48:25+00:00","article_modified_time":"2023-03-14T09:57:19+00:00","og_image":[{"width":1418,"height":1199,"url":"https:\/\/lavostrallar.com\/noticias\/wp-content\/uploads\/2023\/02\/328613137_872664070708243_4451012995529083676_n.jpg","type":"image\/jpeg"}],"author":"clot","twitter_card":"summary_large_image","twitter_creator":"@lavostrallar","twitter_site":"@lavostrallar","twitter_misc":{"Escrito por":"clot","Tiempo de lectura":"2 minutos"},"schema":{"@context":"https:\/\/schema.org","@graph":[{"@type":"Article","@id":"https:\/\/lavostrallar.com\/noticias\/ca\/tercer-mes-del-ano-marzo-en-clot\/#article","isPartOf":{"@id":"https:\/\/lavostrallar.com\/noticias\/ca\/tercer-mes-del-ano-marzo-en-clot\/"},"author":{"name":"clot","@id":"https:\/\/lavostrallar.com\/noticias\/#\/schema\/person\/2511dfae685f7be889a50167b3d88a38"},"headline":"Tercer mes del a\u00f1o, \u00a1Marzo en la residencia La Vostra Llar Clot!","datePublished":"2023-02-23T11:48:25+00:00","dateModified":"2023-03-14T09:57:19+00:00","mainEntityOfPage":{"@id":"https:\/\/lavostrallar.com\/noticias\/ca\/tercer-mes-del-ano-marzo-en-clot\/"},"wordCount":429,"publisher":{"@id":"https:\/\/lavostrallar.com\/noticias\/#organization"},"image":{"@id":"https:\/\/lavostrallar.com\/noticias\/ca\/tercer-mes-del-ano-marzo-en-clot\/#primaryimage"},"thumbnailUrl":"https:\/\/lavostrallar.com\/noticias\/wp-content\/uploads\/2023\/02\/328613137_872664070708243_4451012995529083676_n.jpg","keywords":["Atenci\u00f3n centrada en la persona","Compromiso social","Estimulaci\u00f3n cognitiva","Residencias de ancianos","Salud y envejecimiento activo","Talleres"],"articleSection":["Noticias Clot","Uncategorized"],"inLanguage":"es"},{"@type":"WebPage","@id":"https:\/\/lavostrallar.com\/noticias\/ca\/tercer-mes-del-ano-marzo-en-clot\/","url":"https:\/\/lavostrallar.com\/noticias\/ca\/tercer-mes-del-ano-marzo-en-clot\/","name":"Marzo en la residencia La Vostra Llar Clot- Noticias La Vostra Llar","isPartOf":{"@id":"https:\/\/lavostrallar.com\/noticias\/#website"},"primaryImageOfPage":{"@id":"https:\/\/lavostrallar.com\/noticias\/ca\/tercer-mes-del-ano-marzo-en-clot\/#primaryimage"},"image":{"@id":"https:\/\/lavostrallar.com\/noticias\/ca\/tercer-mes-del-ano-marzo-en-clot\/#primaryimage"},"thumbnailUrl":"https:\/\/lavostrallar.com\/noticias\/wp-content\/uploads\/2023\/02\/328613137_872664070708243_4451012995529083676_n.jpg","datePublished":"2023-02-23T11:48:25+00:00","dateModified":"2023-03-14T09:57:19+00:00","description":"Bienvenidos un mes mas a La Vostra Llar Clot y a nuestro fant\u00e1stico programa de actividades y festividades de marzo.","breadcrumb":{"@id":"https:\/\/lavostrallar.com\/noticias\/ca\/tercer-mes-del-ano-marzo-en-clot\/#breadcrumb"},"inLanguage":"es","potentialAction":[{"@type":"ReadAction","target":["https:\/\/lavostrallar.com\/noticias\/ca\/tercer-mes-del-ano-marzo-en-clot\/"]}]},{"@type":"ImageObject","inLanguage":"es","@id":"https:\/\/lavostrallar.com\/noticias\/ca\/tercer-mes-del-ano-marzo-en-clot\/#primaryimage","url":"https:\/\/lavostrallar.com\/noticias\/wp-content\/uploads\/2023\/02\/328613137_872664070708243_4451012995529083676_n.jpg","contentUrl":"https:\/\/lavostrallar.com\/noticias\/wp-content\/uploads\/2023\/02\/328613137_872664070708243_4451012995529083676_n.jpg","width":1418,"height":1199,"caption":"Residencia de ancianos"},{"@type":"BreadcrumbList","@id":"https:\/\/lavostrallar.com\/noticias\/ca\/tercer-mes-del-ano-marzo-en-clot\/#breadcrumb","itemListElement":[{"@type":"ListItem","position":1,"name":"Portada","item":"https:\/\/lavostrallar.com\/noticias\/"},{"@type":"ListItem","position":2,"name":"Tercer mes del a\u00f1o, \u00a1Marzo en la residencia La Vostra Llar Clot!"}]},{"@type":"WebSite","@id":"https:\/\/lavostrallar.com\/noticias\/#website","url":"https:\/\/lavostrallar.com\/noticias\/","name":"La Vostra Llar","description":"La Vostra Llar gestiona resid\u00e8ncies geri\u00e0triques des de 1987 amb la missi\u00f3 d\u2019oferir assist\u00e8ncia personalitzada per estimular, acollir i atendre les persones grans amb qualsevol grau de depend\u00e8ncia.","publisher":{"@id":"https:\/\/lavostrallar.com\/noticias\/#organization"},"potentialAction":[{"@type":"SearchAction","target":{"@type":"EntryPoint","urlTemplate":"https:\/\/lavostrallar.com\/noticias\/?s={search_term_string}"},"query-input":{"@type":"PropertyValueSpecification","valueRequired":true,"valueName":"search_term_string"}}],"inLanguage":"es"},{"@type":"Organization","@id":"https:\/\/lavostrallar.com\/noticias\/#organization","name":"La Vostra Llar","url":"https:\/\/lavostrallar.com\/noticias\/","logo":{"@type":"ImageObject","inLanguage":"es","@id":"https:\/\/lavostrallar.com\/noticias\/#\/schema\/logo\/image\/","url":"https:\/\/lavostrallar.com\/noticias\/wp-content\/uploads\/2021\/12\/logo_lavostrallar.png","contentUrl":"https:\/\/lavostrallar.com\/noticias\/wp-content\/uploads\/2021\/12\/logo_lavostrallar.png","width":217,"height":109,"caption":"La Vostra Llar"},"image":{"@id":"https:\/\/lavostrallar.com\/noticias\/#\/schema\/logo\/image\/"},"sameAs":["https:\/\/www.facebook.com\/lavostra.llar","https:\/\/x.com\/lavostrallar","https:\/\/www.instagram.com\/lavostrallar\/"]},{"@type":"Person","@id":"https:\/\/lavostrallar.com\/noticias\/#\/schema\/person\/2511dfae685f7be889a50167b3d88a38","name":"clot","image":{"@type":"ImageObject","inLanguage":"es","@id":"https:\/\/lavostrallar.com\/noticias\/#\/schema\/person\/image\/","url":"https:\/\/secure.gravatar.com\/avatar\/3c1df0739940f5c4c6ddbf0cbaa0c04d540ea3f04119bc2b24c94557acb1067c?s=96&d=mm&r=g","contentUrl":"https:\/\/secure.gravatar.com\/avatar\/3c1df0739940f5c4c6ddbf0cbaa0c04d540ea3f04119bc2b24c94557acb1067c?s=96&d=mm&r=g","caption":"clot"},"url":"https:\/\/lavostrallar.com\/noticias\/author\/lavostrallar-clot\/"}]}},"_links":{"self":[{"href":"https:\/\/lavostrallar.com\/noticias\/wp-json\/wp\/v2\/posts\/23361","targetHints":{"allow":["GET"]}}],"collection":[{"href":"https:\/\/lavostrallar.com\/noticias\/wp-json\/wp\/v2\/posts"}],"about":[{"href":"https:\/\/lavostrallar.com\/noticias\/wp-json\/wp\/v2\/types\/post"}],"author":[{"embeddable":true,"href":"https:\/\/lavostrallar.com\/noticias\/wp-json\/wp\/v2\/users\/15"}],"replies":[{"embeddable":true,"href":"https:\/\/lavostrallar.com\/noticias\/wp-json\/wp\/v2\/comments?post=23361"}],"version-history":[{"count":13,"href":"https:\/\/lavostrallar.com\/noticias\/wp-json\/wp\/v2\/posts\/23361\/revisions"}],"predecessor-version":[{"id":23907,"href":"https:\/\/lavostrallar.com\/noticias\/wp-json\/wp\/v2\/posts\/23361\/revisions\/23907"}],"wp:featuredmedia":[{"embeddable":true,"href":"https:\/\/lavostrallar.com\/noticias\/wp-json\/wp\/v2\/media\/23363"}],"wp:attachment":[{"href":"https:\/\/lavostrallar.com\/noticias\/wp-json\/wp\/v2\/media?parent=23361"}],"wp:term":[{"taxonomy":"category","embeddable":true,"href":"https:\/\/lavostrallar.com\/noticias\/wp-json\/wp\/v2\/categories?post=23361"},{"taxonomy":"post_tag","embeddable":true,"href":"https:\/\/lavostrallar.com\/noticias\/wp-json\/wp\/v2\/tags?post=23361"}],"curies":[{"name":"wp","href":"https:\/\/api.w.org\/{rel}","templated":true}]}}