	{"id":23367,"date":"2023-02-23T14:36:17","date_gmt":"2023-02-23T14:36:17","guid":{"rendered":"https:\/\/lavostrallar.com\/?p=23367"},"modified":"2023-03-14T10:00:02","modified_gmt":"2023-03-14T10:00:02","slug":"bienvenido-marzo","status":"publish","type":"post","link":"https:\/\/lavostrallar.com\/noticias\/bienvenido-marzo\/","title":{"rendered":"\u00a1Bienvenido Marzo desde nuestra residencia geri\u00e1trica Reig!"},"content":{"rendered":"\n<p>Dejamos atr\u00e1s el mes de febrero y el carnaval. Pero llega marzo en <strong><a href=\"https:\/\/lavostrallar.com\/residencia-reig\/\">la residencia Reig de La Garriga.<\/a><\/strong> Un mes que llega cargado de nuevos proyectos y actividades.<\/p>\n\n\n\n<p>Por un lado, contaremos con los <strong>talleres m\u00e1s populares<\/strong>: el taller de cocina, el taller de manualidades, el taller de reminiscencia, el taller de juegos, etc. Por otro lado, disfrutaremos de<strong> nuevos talleres o proyectos<\/strong> como es el caso del taller intergeneracional, taller de huerto y jardiner\u00eda y el taller de pulseras. Creemos que estas nuevas actividades son muy positivas y enriquecedoras, puesto que tienen muchos beneficios para el bienestar emocional y psicomotriz de los residentes.<\/p>\n\n\n\n<p>Tambi\u00e9n, se mantienen los talleres con especialistas externos como las sesiones de terapia con perros impartidas por los profesionales de&nbsp;<a href=\"https:\/\/www.itcan.cat\/\"><strong>ItCan<\/strong><\/a>&nbsp;y de las sesiones de <strong>\u201cM\u00fasica para el olvido\u201d<\/strong> de la mano de&nbsp;<strong><a href=\"http:\/\/artransforma.org\/art\/es\/inicio\/\">ARTransforma<\/a>.<\/strong><\/p>\n\n\n\n<p>En cuanto al tema de los men\u00fas, en el mes de marzo podremos disfrutar de una fant\u00e1stica&nbsp;<strong>cal\u00e7otada&nbsp;popular<\/strong>, que tendr\u00e1 lugar la segunda quincena del mes. Adem\u00e1s, celebraremos el d\u00eda de <strong>Sant Josep<\/strong> con una crema catalana de postres. En motivo de <strong>Cuaresma<\/strong>, todos los viernes tendremos bu\u00f1uelos de viento para merendar y, finalmente, contaremos el primer jueves del mes con el <strong>\u00abMen\u00fa del abuelo\u00bb<\/strong> formado por los platos favoritos de nuestros residentes. Este mes constar\u00e1 de: como primer plato habas a la catalana, de segundo una mariscada y de postres manzana al horno con canela.<br><\/p>\n\n\n\n<p>\u00a1Empezamos el mes de marzo con mucha ilusi\u00f3n!<\/p>\n\n\n<h2>Descubre m\u00e1s talleres y actividades en nuestra residencia de gente mayor<\/h2>","protected":false},"excerpt":{"rendered":"<p>Dejamos atr\u00e1s el mes de febrero y el carnaval. Pero llega marzo en la residencia Reig de La Garriga. Un mes que llega cargado de nuevos proyectos y actividades. Por un lado, contaremos con los talleres m\u00e1s populares: el taller de cocina, el taller de manualidades, el taller de reminiscencia, el taller de juegos, etc. [&hellip;]<\/p>\n","protected":false},"author":9,"featured_media":23368,"comment_status":"closed","ping_status":"closed","sticky":false,"template":"","format":"standard","meta":{"content-type":"","footnotes":""},"categories":[16],"tags":[21,66,67,9,20,64],"class_list":["post-23367","post","type-post","status-publish","format-standard","has-post-thumbnail","hentry","category-noticias-reig","tag-atencion-centrada-en-la-persona","tag-gente-mayor","tag-musica","tag-residencias-de-ancianos","tag-salud-y-envejecimiento-activo","tag-talleres"],"yoast_head":"<!-- This site is optimized with the Yoast SEO plugin v26.0 - https:\/\/yoast.com\/wordpress\/plugins\/seo\/ -->\n<title>Marzo en la residencia geri\u00e1trica La Vostra Llar Reig - Noticias La Vostra Llar<\/title>\n<meta name=\"description\" content=\"El mes de marzo a la residencia Reig de la Garriga. Un mes que llega lleno de nuevos proyectos y actividades.\" \/>\n<meta name=\"robots\" content=\"index, follow, max-snippet:-1, max-image-preview:large, max-video-preview:-1\" \/>\n<link rel=\"canonical\" href=\"https:\/\/lavostrallar.com\/noticias\/bienvenido-marzo\/\" \/>\n<meta property=\"og:locale\" content=\"es_ES\" \/>\n<meta property=\"og:type\" content=\"article\" \/>\n<meta property=\"og:title\" content=\"Marzo en la residencia geri\u00e1trica La Vostra Llar Reig - Noticias La Vostra Llar\" \/>\n<meta property=\"og:description\" content=\"El mes de marzo a la residencia Reig de la Garriga. Un mes que llega lleno de nuevos proyectos y actividades.\" \/>\n<meta property=\"og:url\" content=\"https:\/\/lavostrallar.com\/noticias\/bienvenido-marzo\/\" \/>\n<meta property=\"og:site_name\" content=\"Noticias La Vostra Llar\" \/>\n<meta property=\"article:publisher\" content=\"https:\/\/www.facebook.com\/lavostra.llar\" \/>\n<meta property=\"article:published_time\" content=\"2023-02-23T14:36:17+00:00\" \/>\n<meta property=\"article:modified_time\" content=\"2023-03-14T10:00:02+00:00\" \/>\n<meta property=\"og:image\" content=\"https:\/\/lavostrallar.com\/noticias\/wp-content\/uploads\/2023\/02\/331058290_928842198302066_8418903309663117679_n.jpg\" \/>\n\t<meta property=\"og:image:width\" content=\"2048\" \/>\n\t<meta property=\"og:image:height\" content=\"1536\" \/>\n\t<meta property=\"og:image:type\" content=\"image\/jpeg\" \/>\n<meta name=\"author\" content=\"lavostrallar reig\" \/>\n<meta name=\"twitter:card\" content=\"summary_large_image\" \/>\n<meta name=\"twitter:creator\" content=\"@lavostrallar\" \/>\n<meta name=\"twitter:site\" content=\"@lavostrallar\" \/>\n<meta name=\"twitter:label1\" content=\"Escrito por\" \/>\n\t<meta name=\"twitter:data1\" content=\"lavostrallar reig\" \/>\n\t<meta name=\"twitter:label2\" content=\"Tiempo de lectura\" \/>\n\t<meta name=\"twitter:data2\" content=\"2 minutos\" \/>\n<script type=\"application\/ld+json\" class=\"yoast-schema-graph\">{\"@context\":\"https:\/\/schema.org\",\"@graph\":[{\"@type\":\"Article\",\"@id\":\"https:\/\/lavostrallar.com\/noticias\/bienvenido-marzo\/#article\",\"isPartOf\":{\"@id\":\"https:\/\/lavostrallar.com\/noticias\/bienvenido-marzo\/\"},\"author\":{\"name\":\"lavostrallar reig\",\"@id\":\"https:\/\/lavostrallar.com\/noticias\/#\/schema\/person\/f0156d99ab81745b474496cb6568ce8c\"},\"headline\":\"\u00a1Bienvenido Marzo desde nuestra residencia geri\u00e1trica Reig!\",\"datePublished\":\"2023-02-23T14:36:17+00:00\",\"dateModified\":\"2023-03-14T10:00:02+00:00\",\"mainEntityOfPage\":{\"@id\":\"https:\/\/lavostrallar.com\/noticias\/bienvenido-marzo\/\"},\"wordCount\":282,\"publisher\":{\"@id\":\"https:\/\/lavostrallar.com\/noticias\/#organization\"},\"image\":{\"@id\":\"https:\/\/lavostrallar.com\/noticias\/bienvenido-marzo\/#primaryimage\"},\"thumbnailUrl\":\"https:\/\/lavostrallar.com\/noticias\/wp-content\/uploads\/2023\/02\/331058290_928842198302066_8418903309663117679_n.jpg\",\"keywords\":[\"Atenci\u00f3n centrada en la persona\",\"Gente mayor\",\"M\u00fasica\",\"Residencias de ancianos\",\"Salud y envejecimiento activo\",\"Talleres\"],\"articleSection\":[\"Noticias Reig\"],\"inLanguage\":\"es\"},{\"@type\":\"WebPage\",\"@id\":\"https:\/\/lavostrallar.com\/noticias\/bienvenido-marzo\/\",\"url\":\"https:\/\/lavostrallar.com\/noticias\/bienvenido-marzo\/\",\"name\":\"Marzo en la residencia geri\u00e1trica La Vostra Llar Reig - Noticias La Vostra Llar\",\"isPartOf\":{\"@id\":\"https:\/\/lavostrallar.com\/noticias\/#website\"},\"primaryImageOfPage\":{\"@id\":\"https:\/\/lavostrallar.com\/noticias\/bienvenido-marzo\/#primaryimage\"},\"image\":{\"@id\":\"https:\/\/lavostrallar.com\/noticias\/bienvenido-marzo\/#primaryimage\"},\"thumbnailUrl\":\"https:\/\/lavostrallar.com\/noticias\/wp-content\/uploads\/2023\/02\/331058290_928842198302066_8418903309663117679_n.jpg\",\"datePublished\":\"2023-02-23T14:36:17+00:00\",\"dateModified\":\"2023-03-14T10:00:02+00:00\",\"description\":\"El mes de marzo a la residencia Reig de la Garriga. Un mes que llega lleno de nuevos proyectos y actividades.\",\"breadcrumb\":{\"@id\":\"https:\/\/lavostrallar.com\/noticias\/bienvenido-marzo\/#breadcrumb\"},\"inLanguage\":\"es\",\"potentialAction\":[{\"@type\":\"ReadAction\",\"target\":[\"https:\/\/lavostrallar.com\/noticias\/bienvenido-marzo\/\"]}]},{\"@type\":\"ImageObject\",\"inLanguage\":\"es\",\"@id\":\"https:\/\/lavostrallar.com\/noticias\/bienvenido-marzo\/#primaryimage\",\"url\":\"https:\/\/lavostrallar.com\/noticias\/wp-content\/uploads\/2023\/02\/331058290_928842198302066_8418903309663117679_n.jpg\",\"contentUrl\":\"https:\/\/lavostrallar.com\/noticias\/wp-content\/uploads\/2023\/02\/331058290_928842198302066_8418903309663117679_n.jpg\",\"width\":2048,\"height\":1536,\"caption\":\"Residencias de ancianos Reig\"},{\"@type\":\"BreadcrumbList\",\"@id\":\"https:\/\/lavostrallar.com\/noticias\/bienvenido-marzo\/#breadcrumb\",\"itemListElement\":[{\"@type\":\"ListItem\",\"position\":1,\"name\":\"Portada\",\"item\":\"https:\/\/lavostrallar.com\/noticias\/\"},{\"@type\":\"ListItem\",\"position\":2,\"name\":\"\u00a1Bienvenido Marzo desde nuestra residencia geri\u00e1trica Reig!\"}]},{\"@type\":\"WebSite\",\"@id\":\"https:\/\/lavostrallar.com\/noticias\/#website\",\"url\":\"https:\/\/lavostrallar.com\/noticias\/\",\"name\":\"La Vostra Llar\",\"description\":\"La Vostra Llar gestiona resid\u00e8ncies geri\u00e0triques des de 1987 amb la missi\u00f3 d\u2019oferir assist\u00e8ncia personalitzada per estimular, acollir i atendre les persones grans amb qualsevol grau de depend\u00e8ncia.\",\"publisher\":{\"@id\":\"https:\/\/lavostrallar.com\/noticias\/#organization\"},\"potentialAction\":[{\"@type\":\"SearchAction\",\"target\":{\"@type\":\"EntryPoint\",\"urlTemplate\":\"https:\/\/lavostrallar.com\/noticias\/?s={search_term_string}\"},\"query-input\":{\"@type\":\"PropertyValueSpecification\",\"valueRequired\":true,\"valueName\":\"search_term_string\"}}],\"inLanguage\":\"es\"},{\"@type\":\"Organization\",\"@id\":\"https:\/\/lavostrallar.com\/noticias\/#organization\",\"name\":\"La Vostra Llar\",\"url\":\"https:\/\/lavostrallar.com\/noticias\/\",\"logo\":{\"@type\":\"ImageObject\",\"inLanguage\":\"es\",\"@id\":\"https:\/\/lavostrallar.com\/noticias\/#\/schema\/logo\/image\/\",\"url\":\"https:\/\/lavostrallar.com\/noticias\/wp-content\/uploads\/2021\/12\/logo_lavostrallar.png\",\"contentUrl\":\"https:\/\/lavostrallar.com\/noticias\/wp-content\/uploads\/2021\/12\/logo_lavostrallar.png\",\"width\":217,\"height\":109,\"caption\":\"La Vostra Llar\"},\"image\":{\"@id\":\"https:\/\/lavostrallar.com\/noticias\/#\/schema\/logo\/image\/\"},\"sameAs\":[\"https:\/\/www.facebook.com\/lavostra.llar\",\"https:\/\/x.com\/lavostrallar\",\"https:\/\/www.instagram.com\/lavostrallar\/\"]},{\"@type\":\"Person\",\"@id\":\"https:\/\/lavostrallar.com\/noticias\/#\/schema\/person\/f0156d99ab81745b474496cb6568ce8c\",\"name\":\"lavostrallar reig\",\"image\":{\"@type\":\"ImageObject\",\"inLanguage\":\"es\",\"@id\":\"https:\/\/lavostrallar.com\/noticias\/#\/schema\/person\/image\/\",\"url\":\"https:\/\/secure.gravatar.com\/avatar\/1bd7948849cba23f3fa24fb357a1b2098ef7bbf716e16675b91d0d85927cbd28?s=96&d=mm&r=g\",\"contentUrl\":\"https:\/\/secure.gravatar.com\/avatar\/1bd7948849cba23f3fa24fb357a1b2098ef7bbf716e16675b91d0d85927cbd28?s=96&d=mm&r=g\",\"caption\":\"lavostrallar reig\"},\"sameAs\":[\"lavostrallar\"],\"url\":\"https:\/\/lavostrallar.com\/noticias\/author\/lavostrallar-reig\/\"}]}<\/script>\n<!-- \/ Yoast SEO plugin. -->","yoast_head_json":{"title":"Marzo en la residencia geri\u00e1trica La Vostra Llar Reig - Noticias La Vostra Llar","description":"El mes de marzo a la residencia Reig de la Garriga. Un mes que llega lleno de nuevos proyectos y actividades.","robots":{"index":"index","follow":"follow","max-snippet":"max-snippet:-1","max-image-preview":"max-image-preview:large","max-video-preview":"max-video-preview:-1"},"canonical":"https:\/\/lavostrallar.com\/noticias\/bienvenido-marzo\/","og_locale":"es_ES","og_type":"article","og_title":"Marzo en la residencia geri\u00e1trica La Vostra Llar Reig - Noticias La Vostra Llar","og_description":"El mes de marzo a la residencia Reig de la Garriga. Un mes que llega lleno de nuevos proyectos y actividades.","og_url":"https:\/\/lavostrallar.com\/noticias\/bienvenido-marzo\/","og_site_name":"Noticias La Vostra Llar","article_publisher":"https:\/\/www.facebook.com\/lavostra.llar","article_published_time":"2023-02-23T14:36:17+00:00","article_modified_time":"2023-03-14T10:00:02+00:00","og_image":[{"width":2048,"height":1536,"url":"https:\/\/lavostrallar.com\/noticias\/wp-content\/uploads\/2023\/02\/331058290_928842198302066_8418903309663117679_n.jpg","type":"image\/jpeg"}],"author":"lavostrallar reig","twitter_card":"summary_large_image","twitter_creator":"@lavostrallar","twitter_site":"@lavostrallar","twitter_misc":{"Escrito por":"lavostrallar reig","Tiempo de lectura":"2 minutos"},"schema":{"@context":"https:\/\/schema.org","@graph":[{"@type":"Article","@id":"https:\/\/lavostrallar.com\/noticias\/bienvenido-marzo\/#article","isPartOf":{"@id":"https:\/\/lavostrallar.com\/noticias\/bienvenido-marzo\/"},"author":{"name":"lavostrallar reig","@id":"https:\/\/lavostrallar.com\/noticias\/#\/schema\/person\/f0156d99ab81745b474496cb6568ce8c"},"headline":"\u00a1Bienvenido Marzo desde nuestra residencia geri\u00e1trica Reig!","datePublished":"2023-02-23T14:36:17+00:00","dateModified":"2023-03-14T10:00:02+00:00","mainEntityOfPage":{"@id":"https:\/\/lavostrallar.com\/noticias\/bienvenido-marzo\/"},"wordCount":282,"publisher":{"@id":"https:\/\/lavostrallar.com\/noticias\/#organization"},"image":{"@id":"https:\/\/lavostrallar.com\/noticias\/bienvenido-marzo\/#primaryimage"},"thumbnailUrl":"https:\/\/lavostrallar.com\/noticias\/wp-content\/uploads\/2023\/02\/331058290_928842198302066_8418903309663117679_n.jpg","keywords":["Atenci\u00f3n centrada en la persona","Gente mayor","M\u00fasica","Residencias de ancianos","Salud y envejecimiento activo","Talleres"],"articleSection":["Noticias Reig"],"inLanguage":"es"},{"@type":"WebPage","@id":"https:\/\/lavostrallar.com\/noticias\/bienvenido-marzo\/","url":"https:\/\/lavostrallar.com\/noticias\/bienvenido-marzo\/","name":"Marzo en la residencia geri\u00e1trica La Vostra Llar Reig - Noticias La Vostra Llar","isPartOf":{"@id":"https:\/\/lavostrallar.com\/noticias\/#website"},"primaryImageOfPage":{"@id":"https:\/\/lavostrallar.com\/noticias\/bienvenido-marzo\/#primaryimage"},"image":{"@id":"https:\/\/lavostrallar.com\/noticias\/bienvenido-marzo\/#primaryimage"},"thumbnailUrl":"https:\/\/lavostrallar.com\/noticias\/wp-content\/uploads\/2023\/02\/331058290_928842198302066_8418903309663117679_n.jpg","datePublished":"2023-02-23T14:36:17+00:00","dateModified":"2023-03-14T10:00:02+00:00","description":"El mes de marzo a la residencia Reig de la Garriga. Un mes que llega lleno de nuevos proyectos y actividades.","breadcrumb":{"@id":"https:\/\/lavostrallar.com\/noticias\/bienvenido-marzo\/#breadcrumb"},"inLanguage":"es","potentialAction":[{"@type":"ReadAction","target":["https:\/\/lavostrallar.com\/noticias\/bienvenido-marzo\/"]}]},{"@type":"ImageObject","inLanguage":"es","@id":"https:\/\/lavostrallar.com\/noticias\/bienvenido-marzo\/#primaryimage","url":"https:\/\/lavostrallar.com\/noticias\/wp-content\/uploads\/2023\/02\/331058290_928842198302066_8418903309663117679_n.jpg","contentUrl":"https:\/\/lavostrallar.com\/noticias\/wp-content\/uploads\/2023\/02\/331058290_928842198302066_8418903309663117679_n.jpg","width":2048,"height":1536,"caption":"Residencias de ancianos Reig"},{"@type":"BreadcrumbList","@id":"https:\/\/lavostrallar.com\/noticias\/bienvenido-marzo\/#breadcrumb","itemListElement":[{"@type":"ListItem","position":1,"name":"Portada","item":"https:\/\/lavostrallar.com\/noticias\/"},{"@type":"ListItem","position":2,"name":"\u00a1Bienvenido Marzo desde nuestra residencia geri\u00e1trica Reig!"}]},{"@type":"WebSite","@id":"https:\/\/lavostrallar.com\/noticias\/#website","url":"https:\/\/lavostrallar.com\/noticias\/","name":"La Vostra Llar","description":"La Vostra Llar gestiona resid\u00e8ncies geri\u00e0triques des de 1987 amb la missi\u00f3 d\u2019oferir assist\u00e8ncia personalitzada per estimular, acollir i atendre les persones grans amb qualsevol grau de depend\u00e8ncia.","publisher":{"@id":"https:\/\/lavostrallar.com\/noticias\/#organization"},"potentialAction":[{"@type":"SearchAction","target":{"@type":"EntryPoint","urlTemplate":"https:\/\/lavostrallar.com\/noticias\/?s={search_term_string}"},"query-input":{"@type":"PropertyValueSpecification","valueRequired":true,"valueName":"search_term_string"}}],"inLanguage":"es"},{"@type":"Organization","@id":"https:\/\/lavostrallar.com\/noticias\/#organization","name":"La Vostra Llar","url":"https:\/\/lavostrallar.com\/noticias\/","logo":{"@type":"ImageObject","inLanguage":"es","@id":"https:\/\/lavostrallar.com\/noticias\/#\/schema\/logo\/image\/","url":"https:\/\/lavostrallar.com\/noticias\/wp-content\/uploads\/2021\/12\/logo_lavostrallar.png","contentUrl":"https:\/\/lavostrallar.com\/noticias\/wp-content\/uploads\/2021\/12\/logo_lavostrallar.png","width":217,"height":109,"caption":"La Vostra Llar"},"image":{"@id":"https:\/\/lavostrallar.com\/noticias\/#\/schema\/logo\/image\/"},"sameAs":["https:\/\/www.facebook.com\/lavostra.llar","https:\/\/x.com\/lavostrallar","https:\/\/www.instagram.com\/lavostrallar\/"]},{"@type":"Person","@id":"https:\/\/lavostrallar.com\/noticias\/#\/schema\/person\/f0156d99ab81745b474496cb6568ce8c","name":"lavostrallar reig","image":{"@type":"ImageObject","inLanguage":"es","@id":"https:\/\/lavostrallar.com\/noticias\/#\/schema\/person\/image\/","url":"https:\/\/secure.gravatar.com\/avatar\/1bd7948849cba23f3fa24fb357a1b2098ef7bbf716e16675b91d0d85927cbd28?s=96&d=mm&r=g","contentUrl":"https:\/\/secure.gravatar.com\/avatar\/1bd7948849cba23f3fa24fb357a1b2098ef7bbf716e16675b91d0d85927cbd28?s=96&d=mm&r=g","caption":"lavostrallar reig"},"sameAs":["lavostrallar"],"url":"https:\/\/lavostrallar.com\/noticias\/author\/lavostrallar-reig\/"}]}},"_links":{"self":[{"href":"https:\/\/lavostrallar.com\/noticias\/wp-json\/wp\/v2\/posts\/23367","targetHints":{"allow":["GET"]}}],"collection":[{"href":"https:\/\/lavostrallar.com\/noticias\/wp-json\/wp\/v2\/posts"}],"about":[{"href":"https:\/\/lavostrallar.com\/noticias\/wp-json\/wp\/v2\/types\/post"}],"author":[{"embeddable":true,"href":"https:\/\/lavostrallar.com\/noticias\/wp-json\/wp\/v2\/users\/9"}],"replies":[{"embeddable":true,"href":"https:\/\/lavostrallar.com\/noticias\/wp-json\/wp\/v2\/comments?post=23367"}],"version-history":[{"count":18,"href":"https:\/\/lavostrallar.com\/noticias\/wp-json\/wp\/v2\/posts\/23367\/revisions"}],"predecessor-version":[{"id":23909,"href":"https:\/\/lavostrallar.com\/noticias\/wp-json\/wp\/v2\/posts\/23367\/revisions\/23909"}],"wp:featuredmedia":[{"embeddable":true,"href":"https:\/\/lavostrallar.com\/noticias\/wp-json\/wp\/v2\/media\/23368"}],"wp:attachment":[{"href":"https:\/\/lavostrallar.com\/noticias\/wp-json\/wp\/v2\/media?parent=23367"}],"wp:term":[{"taxonomy":"category","embeddable":true,"href":"https:\/\/lavostrallar.com\/noticias\/wp-json\/wp\/v2\/categories?post=23367"},{"taxonomy":"post_tag","embeddable":true,"href":"https:\/\/lavostrallar.com\/noticias\/wp-json\/wp\/v2\/tags?post=23367"}],"curies":[{"name":"wp","href":"https:\/\/api.w.org\/{rel}","templated":true}]}}