	{"id":23535,"date":"2025-01-23T12:48:31","date_gmt":"2025-01-23T10:48:31","guid":{"rendered":"https:\/\/lavostrallar.com\/?p=23535"},"modified":"2025-02-20T15:00:20","modified_gmt":"2025-02-20T13:00:20","slug":"como-se-estructuran-los-menus-de-los-residentes","status":"publish","type":"post","link":"https:\/\/lavostrallar.com\/noticias\/como-se-estructuran-los-menus-de-los-residentes\/","title":{"rendered":"C\u00f3mo se estructuran los men\u00fas en las residencias"},"content":{"rendered":"\n<p>En las <strong><a href=\"https:\/\/lavostrallar.com\/\">residencias y centros de d\u00eda La Vostra Llar<\/a><\/strong> ofrecemos men\u00fas mensuales rotativos (4 semanas) y dos temporadas; verano e invierno, valorados siempre por un dietista nutricionista colegiado.<\/p>\n\n\n\n<p>Nadie quiere comer todos los d\u00edas platos casi id\u00e9nticos, por eso, junto a nuestro equipo de nutricionistas de <a href=\"https:\/\/www.aramark.es\/sectores\/sanidad\/Resicencias\" target=\"_blank\" rel=\"noreferrer noopener\">Aramark<\/a>, aseguramos que no se repita ning\u00fan plato durante el mes y evitamos que los mismos platos coincidan los mismos d\u00edas de la semana de manera continuada proporcionando una variedad consistente de colores, sabores y texturas.<\/p>\n\n\n\n<p>Damos importancia a la tradici\u00f3n y la cultura alimentaria, por eso priorizamos la <strong>dieta mediterr\u00e1nea<\/strong>. Adem\u00e1s, los residentes se adaptan mejor a las comidas que les resultan conocidas.<\/p>\n\n\n\n<p>Algunas de las premisas que seguimos para configurar nuestros men\u00fas son:<\/p>\n\n\n\n<ol style=\"list-style-type:1\" class=\"wp-block-list\">\n<li>Energ\u00eda: <strong>1.800-2.200 kcal al d\u00eda<\/strong>. La aportaci\u00f3n cal\u00f3rica var\u00eda en funci\u00f3n del tipo de men\u00fa.<\/li>\n\n\n\n<li>Hidrataci\u00f3n: Ofrecemos al menos <strong>7-8 vasos de agua<\/strong> al d\u00eda (aunque no se tenga sensaci\u00f3n de sed).<\/li>\n\n\n\n<li>Incorporamos 5 raciones de <strong>cereales<\/strong> al d\u00eda (pan, pasta, arroz\u2026).<\/li>\n\n\n\n<li>Aseguramos un buen aporte de fibra, ofreciendo <strong>fruta<\/strong> de postre siempre al mediod\u00eda y opcional por la noche.<\/li>\n\n\n\n<li>Incorporamos <strong>verdura<\/strong> 2 veces al d\u00eda, tanto en la comida como en la cena.<\/li>\n\n\n\n<li>La <strong>leche y los productos l\u00e1cteos<\/strong> son alimentos apetecibles, de f\u00e1cil consumo y masticaci\u00f3n, que ayudan a las personas mayores a satisfacer sus necesidades energ\u00e9ticas. Nuestros men\u00fas incluyen 2-3 raciones de l\u00e1cteos al d\u00eda (leche, yogur, queso\u2026).<\/li>\n\n\n\n<li>Incorporamos dos raciones al d\u00eda de <strong>alimentos proteicos<\/strong>, como carnes, pescados, legumbres, huevos, etc.<\/li>\n\n\n\n<li>No prescindimos de <strong>dulces y grasas,<\/strong> pero siempre con moderaci\u00f3n.<\/li>\n<\/ol>\n\n\n\n<p>Adem\u00e1s, procuramos habilitar espacios con ambientes relajados donde los usuarios se sientan c\u00f3modos y no supongan una distracci\u00f3n para el comensal, a la par que nos aseguramos de que dispongan del tiempo adecuado en las comidas para as\u00ed mantener una buena digesti\u00f3n.<\/p>\n\n\n\n<h5 class=\"wp-block-heading has-text-align-center\">Lee sobre: <a href=\"https:\/\/lavostrallar.com\/noticias\/que-ocurre-cuando-un-anciano-deja-de-comer\/\"><em>\u00bfQu\u00e9 ocurre cuando un anciano deja de comer?<\/em><\/a><\/h5>\n","protected":false},"excerpt":{"rendered":"<p>En las residencias y centros de d\u00eda La Vostra Llar ofrecemos men\u00fas mensuales rotativos (4 semanas) y dos temporadas; verano e invierno, valorados siempre por un dietista nutricionista colegiado. Nadie quiere comer todos los d\u00edas platos casi id\u00e9nticos, por eso, junto a nuestro equipo de nutricionistas de Aramark, aseguramos que no se repita ning\u00fan plato [&hellip;]<\/p>\n","protected":false},"author":12,"featured_media":23540,"comment_status":"closed","ping_status":"closed","sticky":false,"template":"","format":"standard","meta":{"content-type":"","footnotes":""},"categories":[11,47,18,12,13,14,15,27,16,19],"tags":[75,9,20],"class_list":["post-23535","post","type-post","status-publish","format-standard","has-post-thumbnail","hentry","category-noticias-blanes","category-noticias-clot","category-noticias-gracia","category-noticias-la-rambla","category-noticias-les-dalies","category-noticias-les-oliveres","category-noticias-mataro","category-noticias-guell","category-noticias-reig","category-noticias-terrassa","tag-manu","tag-residencias-de-ancianos","tag-salud-y-envejecimiento-activo"],"yoast_head":"<!-- This site is optimized with the Yoast SEO plugin v26.0 - https:\/\/yoast.com\/wordpress\/plugins\/seo\/ -->\n<title>C\u00f3mo se estructuran los men\u00fas en las residencias - Noticias La Vostra Llar<\/title>\n<meta name=\"description\" content=\"En las residencias La Vostra Llar ofrecemos men\u00fas mensuales valorados siempre por un dietista nutricionista colegiado.\" \/>\n<meta name=\"robots\" content=\"index, follow, max-snippet:-1, max-image-preview:large, max-video-preview:-1\" \/>\n<link rel=\"canonical\" href=\"https:\/\/lavostrallar.com\/noticias\/como-se-estructuran-los-menus-de-los-residentes\/\" \/>\n<meta property=\"og:locale\" content=\"es_ES\" \/>\n<meta property=\"og:type\" content=\"article\" \/>\n<meta property=\"og:title\" content=\"C\u00f3mo se estructuran los men\u00fas en las residencias - Noticias La Vostra Llar\" \/>\n<meta property=\"og:description\" content=\"En las residencias La Vostra Llar ofrecemos men\u00fas mensuales valorados siempre por un dietista nutricionista colegiado.\" \/>\n<meta property=\"og:url\" content=\"https:\/\/lavostrallar.com\/noticias\/como-se-estructuran-los-menus-de-los-residentes\/\" \/>\n<meta property=\"og:site_name\" content=\"Noticias La Vostra Llar\" \/>\n<meta property=\"article:publisher\" content=\"https:\/\/www.facebook.com\/lavostra.llar\" \/>\n<meta property=\"article:published_time\" content=\"2025-01-23T10:48:31+00:00\" \/>\n<meta property=\"article:modified_time\" content=\"2025-02-20T13:00:20+00:00\" \/>\n<meta property=\"og:image\" content=\"https:\/\/lavostrallar.com\/noticias\/wp-content\/uploads\/2023\/03\/37_cocinera.jpg\" \/>\n\t<meta property=\"og:image:width\" content=\"1134\" \/>\n\t<meta property=\"og:image:height\" content=\"756\" \/>\n\t<meta property=\"og:image:type\" content=\"image\/jpeg\" \/>\n<meta name=\"author\" content=\"lavostrallar Comunicacio\" \/>\n<meta name=\"twitter:card\" content=\"summary_large_image\" \/>\n<meta name=\"twitter:creator\" content=\"@lavostrallar\" \/>\n<meta name=\"twitter:site\" content=\"@lavostrallar\" \/>\n<meta name=\"twitter:label1\" content=\"Escrito por\" \/>\n\t<meta name=\"twitter:data1\" content=\"lavostrallar Comunicacio\" \/>\n\t<meta name=\"twitter:label2\" content=\"Tiempo de lectura\" \/>\n\t<meta name=\"twitter:data2\" content=\"2 minutos\" \/>\n<script type=\"application\/ld+json\" class=\"yoast-schema-graph\">{\"@context\":\"https:\/\/schema.org\",\"@graph\":[{\"@type\":\"Article\",\"@id\":\"https:\/\/lavostrallar.com\/noticias\/ca\/como-se-estructuran-los-menus-de-los-residentes\/#article\",\"isPartOf\":{\"@id\":\"https:\/\/lavostrallar.com\/noticias\/ca\/como-se-estructuran-los-menus-de-los-residentes\/\"},\"author\":{\"name\":\"lavostrallar Comunicacio\",\"@id\":\"https:\/\/lavostrallar.com\/noticias\/#\/schema\/person\/321f189af5ebbd679ae095028db43fdd\"},\"headline\":\"C\u00f3mo se estructuran los men\u00fas en las residencias\",\"datePublished\":\"2025-01-23T10:48:31+00:00\",\"dateModified\":\"2025-02-20T13:00:20+00:00\",\"mainEntityOfPage\":{\"@id\":\"https:\/\/lavostrallar.com\/noticias\/ca\/como-se-estructuran-los-menus-de-los-residentes\/\"},\"wordCount\":351,\"publisher\":{\"@id\":\"https:\/\/lavostrallar.com\/noticias\/#organization\"},\"image\":{\"@id\":\"https:\/\/lavostrallar.com\/noticias\/ca\/como-se-estructuran-los-menus-de-los-residentes\/#primaryimage\"},\"thumbnailUrl\":\"https:\/\/lavostrallar.com\/noticias\/wp-content\/uploads\/2023\/03\/37_cocinera.jpg\",\"keywords\":[\"man\u00fa\",\"Residencias de ancianos\",\"Salud y envejecimiento activo\"],\"articleSection\":[\"Noticias Blanes\",\"Noticias Clot\",\"Noticias Gr\u00e0cia\",\"Noticias La Rambla\",\"Noticias Les D\u00e0lies\",\"Noticias Les Oliveres\",\"Noticias Matar\u00f3\",\"Noticias Parc G\u00fcell\",\"Noticias Reig\",\"Noticias Terrassa\"],\"inLanguage\":\"es\"},{\"@type\":\"WebPage\",\"@id\":\"https:\/\/lavostrallar.com\/noticias\/ca\/como-se-estructuran-los-menus-de-los-residentes\/\",\"url\":\"https:\/\/lavostrallar.com\/noticias\/ca\/como-se-estructuran-los-menus-de-los-residentes\/\",\"name\":\"C\u00f3mo se estructuran los men\u00fas en las residencias - Noticias La Vostra Llar\",\"isPartOf\":{\"@id\":\"https:\/\/lavostrallar.com\/noticias\/#website\"},\"primaryImageOfPage\":{\"@id\":\"https:\/\/lavostrallar.com\/noticias\/ca\/como-se-estructuran-los-menus-de-los-residentes\/#primaryimage\"},\"image\":{\"@id\":\"https:\/\/lavostrallar.com\/noticias\/ca\/como-se-estructuran-los-menus-de-los-residentes\/#primaryimage\"},\"thumbnailUrl\":\"https:\/\/lavostrallar.com\/noticias\/wp-content\/uploads\/2023\/03\/37_cocinera.jpg\",\"datePublished\":\"2025-01-23T10:48:31+00:00\",\"dateModified\":\"2025-02-20T13:00:20+00:00\",\"description\":\"En las residencias La Vostra Llar ofrecemos men\u00fas mensuales valorados siempre por un dietista nutricionista colegiado.\",\"breadcrumb\":{\"@id\":\"https:\/\/lavostrallar.com\/noticias\/ca\/como-se-estructuran-los-menus-de-los-residentes\/#breadcrumb\"},\"inLanguage\":\"es\",\"potentialAction\":[{\"@type\":\"ReadAction\",\"target\":[\"https:\/\/lavostrallar.com\/noticias\/ca\/como-se-estructuran-los-menus-de-los-residentes\/\"]}]},{\"@type\":\"ImageObject\",\"inLanguage\":\"es\",\"@id\":\"https:\/\/lavostrallar.com\/noticias\/ca\/como-se-estructuran-los-menus-de-los-residentes\/#primaryimage\",\"url\":\"https:\/\/lavostrallar.com\/noticias\/wp-content\/uploads\/2023\/03\/37_cocinera.jpg\",\"contentUrl\":\"https:\/\/lavostrallar.com\/noticias\/wp-content\/uploads\/2023\/03\/37_cocinera.jpg\",\"width\":1134,\"height\":756,\"caption\":\"Residencia de ancianos - men\u00fa tercera edad\"},{\"@type\":\"BreadcrumbList\",\"@id\":\"https:\/\/lavostrallar.com\/noticias\/ca\/como-se-estructuran-los-menus-de-los-residentes\/#breadcrumb\",\"itemListElement\":[{\"@type\":\"ListItem\",\"position\":1,\"name\":\"Portada\",\"item\":\"https:\/\/lavostrallar.com\/noticias\/\"},{\"@type\":\"ListItem\",\"position\":2,\"name\":\"C\u00f3mo se estructuran los men\u00fas en las residencias\"}]},{\"@type\":\"WebSite\",\"@id\":\"https:\/\/lavostrallar.com\/noticias\/#website\",\"url\":\"https:\/\/lavostrallar.com\/noticias\/\",\"name\":\"La Vostra Llar\",\"description\":\"La Vostra Llar gestiona resid\u00e8ncies geri\u00e0triques des de 1987 amb la missi\u00f3 d\u2019oferir assist\u00e8ncia personalitzada per estimular, acollir i atendre les persones grans amb qualsevol grau de depend\u00e8ncia.\",\"publisher\":{\"@id\":\"https:\/\/lavostrallar.com\/noticias\/#organization\"},\"potentialAction\":[{\"@type\":\"SearchAction\",\"target\":{\"@type\":\"EntryPoint\",\"urlTemplate\":\"https:\/\/lavostrallar.com\/noticias\/?s={search_term_string}\"},\"query-input\":{\"@type\":\"PropertyValueSpecification\",\"valueRequired\":true,\"valueName\":\"search_term_string\"}}],\"inLanguage\":\"es\"},{\"@type\":\"Organization\",\"@id\":\"https:\/\/lavostrallar.com\/noticias\/#organization\",\"name\":\"La Vostra Llar\",\"url\":\"https:\/\/lavostrallar.com\/noticias\/\",\"logo\":{\"@type\":\"ImageObject\",\"inLanguage\":\"es\",\"@id\":\"https:\/\/lavostrallar.com\/noticias\/#\/schema\/logo\/image\/\",\"url\":\"https:\/\/lavostrallar.com\/noticias\/wp-content\/uploads\/2021\/12\/logo_lavostrallar.png\",\"contentUrl\":\"https:\/\/lavostrallar.com\/noticias\/wp-content\/uploads\/2021\/12\/logo_lavostrallar.png\",\"width\":217,\"height\":109,\"caption\":\"La Vostra Llar\"},\"image\":{\"@id\":\"https:\/\/lavostrallar.com\/noticias\/#\/schema\/logo\/image\/\"},\"sameAs\":[\"https:\/\/www.facebook.com\/lavostra.llar\",\"https:\/\/x.com\/lavostrallar\",\"https:\/\/www.instagram.com\/lavostrallar\/\"]},{\"@type\":\"Person\",\"@id\":\"https:\/\/lavostrallar.com\/noticias\/#\/schema\/person\/321f189af5ebbd679ae095028db43fdd\",\"name\":\"lavostrallar Comunicacio\",\"image\":{\"@type\":\"ImageObject\",\"inLanguage\":\"es\",\"@id\":\"https:\/\/lavostrallar.com\/noticias\/#\/schema\/person\/image\/\",\"url\":\"https:\/\/secure.gravatar.com\/avatar\/69a4b73b52c8eedccce42e542861709a5afc2b40e0a43d691da018458db2d41b?s=96&d=mm&r=g\",\"contentUrl\":\"https:\/\/secure.gravatar.com\/avatar\/69a4b73b52c8eedccce42e542861709a5afc2b40e0a43d691da018458db2d41b?s=96&d=mm&r=g\",\"caption\":\"lavostrallar Comunicacio\"},\"url\":\"https:\/\/lavostrallar.com\/noticias\/author\/lavostrallar-comunicacio\/\"}]}<\/script>\n<!-- \/ Yoast SEO plugin. -->","yoast_head_json":{"title":"C\u00f3mo se estructuran los men\u00fas en las residencias - Noticias La Vostra Llar","description":"En las residencias La Vostra Llar ofrecemos men\u00fas mensuales valorados siempre por un dietista nutricionista colegiado.","robots":{"index":"index","follow":"follow","max-snippet":"max-snippet:-1","max-image-preview":"max-image-preview:large","max-video-preview":"max-video-preview:-1"},"canonical":"https:\/\/lavostrallar.com\/noticias\/como-se-estructuran-los-menus-de-los-residentes\/","og_locale":"es_ES","og_type":"article","og_title":"C\u00f3mo se estructuran los men\u00fas en las residencias - Noticias La Vostra Llar","og_description":"En las residencias La Vostra Llar ofrecemos men\u00fas mensuales valorados siempre por un dietista nutricionista colegiado.","og_url":"https:\/\/lavostrallar.com\/noticias\/como-se-estructuran-los-menus-de-los-residentes\/","og_site_name":"Noticias La Vostra Llar","article_publisher":"https:\/\/www.facebook.com\/lavostra.llar","article_published_time":"2025-01-23T10:48:31+00:00","article_modified_time":"2025-02-20T13:00:20+00:00","og_image":[{"width":1134,"height":756,"url":"https:\/\/lavostrallar.com\/noticias\/wp-content\/uploads\/2023\/03\/37_cocinera.jpg","type":"image\/jpeg"}],"author":"lavostrallar Comunicacio","twitter_card":"summary_large_image","twitter_creator":"@lavostrallar","twitter_site":"@lavostrallar","twitter_misc":{"Escrito por":"lavostrallar Comunicacio","Tiempo de lectura":"2 minutos"},"schema":{"@context":"https:\/\/schema.org","@graph":[{"@type":"Article","@id":"https:\/\/lavostrallar.com\/noticias\/ca\/como-se-estructuran-los-menus-de-los-residentes\/#article","isPartOf":{"@id":"https:\/\/lavostrallar.com\/noticias\/ca\/como-se-estructuran-los-menus-de-los-residentes\/"},"author":{"name":"lavostrallar Comunicacio","@id":"https:\/\/lavostrallar.com\/noticias\/#\/schema\/person\/321f189af5ebbd679ae095028db43fdd"},"headline":"C\u00f3mo se estructuran los men\u00fas en las residencias","datePublished":"2025-01-23T10:48:31+00:00","dateModified":"2025-02-20T13:00:20+00:00","mainEntityOfPage":{"@id":"https:\/\/lavostrallar.com\/noticias\/ca\/como-se-estructuran-los-menus-de-los-residentes\/"},"wordCount":351,"publisher":{"@id":"https:\/\/lavostrallar.com\/noticias\/#organization"},"image":{"@id":"https:\/\/lavostrallar.com\/noticias\/ca\/como-se-estructuran-los-menus-de-los-residentes\/#primaryimage"},"thumbnailUrl":"https:\/\/lavostrallar.com\/noticias\/wp-content\/uploads\/2023\/03\/37_cocinera.jpg","keywords":["man\u00fa","Residencias de ancianos","Salud y envejecimiento activo"],"articleSection":["Noticias Blanes","Noticias Clot","Noticias Gr\u00e0cia","Noticias La Rambla","Noticias Les D\u00e0lies","Noticias Les Oliveres","Noticias Matar\u00f3","Noticias Parc G\u00fcell","Noticias Reig","Noticias Terrassa"],"inLanguage":"es"},{"@type":"WebPage","@id":"https:\/\/lavostrallar.com\/noticias\/ca\/como-se-estructuran-los-menus-de-los-residentes\/","url":"https:\/\/lavostrallar.com\/noticias\/ca\/como-se-estructuran-los-menus-de-los-residentes\/","name":"C\u00f3mo se estructuran los men\u00fas en las residencias - Noticias La Vostra Llar","isPartOf":{"@id":"https:\/\/lavostrallar.com\/noticias\/#website"},"primaryImageOfPage":{"@id":"https:\/\/lavostrallar.com\/noticias\/ca\/como-se-estructuran-los-menus-de-los-residentes\/#primaryimage"},"image":{"@id":"https:\/\/lavostrallar.com\/noticias\/ca\/como-se-estructuran-los-menus-de-los-residentes\/#primaryimage"},"thumbnailUrl":"https:\/\/lavostrallar.com\/noticias\/wp-content\/uploads\/2023\/03\/37_cocinera.jpg","datePublished":"2025-01-23T10:48:31+00:00","dateModified":"2025-02-20T13:00:20+00:00","description":"En las residencias La Vostra Llar ofrecemos men\u00fas mensuales valorados siempre por un dietista nutricionista colegiado.","breadcrumb":{"@id":"https:\/\/lavostrallar.com\/noticias\/ca\/como-se-estructuran-los-menus-de-los-residentes\/#breadcrumb"},"inLanguage":"es","potentialAction":[{"@type":"ReadAction","target":["https:\/\/lavostrallar.com\/noticias\/ca\/como-se-estructuran-los-menus-de-los-residentes\/"]}]},{"@type":"ImageObject","inLanguage":"es","@id":"https:\/\/lavostrallar.com\/noticias\/ca\/como-se-estructuran-los-menus-de-los-residentes\/#primaryimage","url":"https:\/\/lavostrallar.com\/noticias\/wp-content\/uploads\/2023\/03\/37_cocinera.jpg","contentUrl":"https:\/\/lavostrallar.com\/noticias\/wp-content\/uploads\/2023\/03\/37_cocinera.jpg","width":1134,"height":756,"caption":"Residencia de ancianos - men\u00fa tercera edad"},{"@type":"BreadcrumbList","@id":"https:\/\/lavostrallar.com\/noticias\/ca\/como-se-estructuran-los-menus-de-los-residentes\/#breadcrumb","itemListElement":[{"@type":"ListItem","position":1,"name":"Portada","item":"https:\/\/lavostrallar.com\/noticias\/"},{"@type":"ListItem","position":2,"name":"C\u00f3mo se estructuran los men\u00fas en las residencias"}]},{"@type":"WebSite","@id":"https:\/\/lavostrallar.com\/noticias\/#website","url":"https:\/\/lavostrallar.com\/noticias\/","name":"La Vostra Llar","description":"La Vostra Llar gestiona resid\u00e8ncies geri\u00e0triques des de 1987 amb la missi\u00f3 d\u2019oferir assist\u00e8ncia personalitzada per estimular, acollir i atendre les persones grans amb qualsevol grau de depend\u00e8ncia.","publisher":{"@id":"https:\/\/lavostrallar.com\/noticias\/#organization"},"potentialAction":[{"@type":"SearchAction","target":{"@type":"EntryPoint","urlTemplate":"https:\/\/lavostrallar.com\/noticias\/?s={search_term_string}"},"query-input":{"@type":"PropertyValueSpecification","valueRequired":true,"valueName":"search_term_string"}}],"inLanguage":"es"},{"@type":"Organization","@id":"https:\/\/lavostrallar.com\/noticias\/#organization","name":"La Vostra Llar","url":"https:\/\/lavostrallar.com\/noticias\/","logo":{"@type":"ImageObject","inLanguage":"es","@id":"https:\/\/lavostrallar.com\/noticias\/#\/schema\/logo\/image\/","url":"https:\/\/lavostrallar.com\/noticias\/wp-content\/uploads\/2021\/12\/logo_lavostrallar.png","contentUrl":"https:\/\/lavostrallar.com\/noticias\/wp-content\/uploads\/2021\/12\/logo_lavostrallar.png","width":217,"height":109,"caption":"La Vostra Llar"},"image":{"@id":"https:\/\/lavostrallar.com\/noticias\/#\/schema\/logo\/image\/"},"sameAs":["https:\/\/www.facebook.com\/lavostra.llar","https:\/\/x.com\/lavostrallar","https:\/\/www.instagram.com\/lavostrallar\/"]},{"@type":"Person","@id":"https:\/\/lavostrallar.com\/noticias\/#\/schema\/person\/321f189af5ebbd679ae095028db43fdd","name":"lavostrallar Comunicacio","image":{"@type":"ImageObject","inLanguage":"es","@id":"https:\/\/lavostrallar.com\/noticias\/#\/schema\/person\/image\/","url":"https:\/\/secure.gravatar.com\/avatar\/69a4b73b52c8eedccce42e542861709a5afc2b40e0a43d691da018458db2d41b?s=96&d=mm&r=g","contentUrl":"https:\/\/secure.gravatar.com\/avatar\/69a4b73b52c8eedccce42e542861709a5afc2b40e0a43d691da018458db2d41b?s=96&d=mm&r=g","caption":"lavostrallar Comunicacio"},"url":"https:\/\/lavostrallar.com\/noticias\/author\/lavostrallar-comunicacio\/"}]}},"_links":{"self":[{"href":"https:\/\/lavostrallar.com\/noticias\/wp-json\/wp\/v2\/posts\/23535","targetHints":{"allow":["GET"]}}],"collection":[{"href":"https:\/\/lavostrallar.com\/noticias\/wp-json\/wp\/v2\/posts"}],"about":[{"href":"https:\/\/lavostrallar.com\/noticias\/wp-json\/wp\/v2\/types\/post"}],"author":[{"embeddable":true,"href":"https:\/\/lavostrallar.com\/noticias\/wp-json\/wp\/v2\/users\/12"}],"replies":[{"embeddable":true,"href":"https:\/\/lavostrallar.com\/noticias\/wp-json\/wp\/v2\/comments?post=23535"}],"version-history":[{"count":5,"href":"https:\/\/lavostrallar.com\/noticias\/wp-json\/wp\/v2\/posts\/23535\/revisions"}],"predecessor-version":[{"id":34347,"href":"https:\/\/lavostrallar.com\/noticias\/wp-json\/wp\/v2\/posts\/23535\/revisions\/34347"}],"wp:featuredmedia":[{"embeddable":true,"href":"https:\/\/lavostrallar.com\/noticias\/wp-json\/wp\/v2\/media\/23540"}],"wp:attachment":[{"href":"https:\/\/lavostrallar.com\/noticias\/wp-json\/wp\/v2\/media?parent=23535"}],"wp:term":[{"taxonomy":"category","embeddable":true,"href":"https:\/\/lavostrallar.com\/noticias\/wp-json\/wp\/v2\/categories?post=23535"},{"taxonomy":"post_tag","embeddable":true,"href":"https:\/\/lavostrallar.com\/noticias\/wp-json\/wp\/v2\/tags?post=23535"}],"curies":[{"name":"wp","href":"https:\/\/api.w.org\/{rel}","templated":true}]}}