	{"id":24529,"date":"2023-04-04T10:06:35","date_gmt":"2023-04-04T10:06:35","guid":{"rendered":"https:\/\/lavostrallar.com\/?p=24529"},"modified":"2023-04-21T09:55:34","modified_gmt":"2023-04-21T09:55:34","slug":"la-vostra-llar-participa-en-el-proyecto-abriga","status":"publish","type":"post","link":"https:\/\/lavostrallar.com\/noticias\/la-vostra-llar-participa-en-el-proyecto-abriga\/","title":{"rendered":"Residencias de ancianos La Vostra Llar participa en el Proyecto Abriga"},"content":{"rendered":"\n<p>A partir de abril, las <strong><a href=\"https:\/\/lavostrallar.com\/\">residencias y centros de d\u00eda La Vostra Llar<\/a><\/strong> nos involucramos en el <strong>Proyecto Abriga<\/strong> impulsado por la organizaci\u00f3n sin \u00e1nimo de lucro <a href=\"https:\/\/www.vidasignificativa.org\/\">Vida Significativa<\/a>. Se trata de una iniciativa que tiene por objetivo tejer prendas de ropa de abrigo para personas en situaciones de vulnerabilidad.<\/p>\n\n\n\n<p>As\u00ed pues, desde los diferentes centros La Vostra Llar <strong>nos hemos propuesto tejer recortes de ropa a ganchillo para crear mantas de forma colectiva.<\/strong> Todos aquellos residentes que tengan habilidades con el hilo y la aguja y quieran participar en el Proyecto Abriga, elaborar\u00e1n su propio trozo de tela que acabar\u00e1 conformando una pieza de abrigo para alguna persona que lo necesite.<\/p>\n\n\n\n<p>Esta participaci\u00f3n no solo ayuda a personas con pocos recursos, puesto que <strong>para las personas mayores resulta muy importante sentir que forman parte de proyectos<\/strong> donde se los requiere y ven que aquellas habilidades que poseen aportan valor a una iniciativa de este estilo.<\/p>\n\n\n\n<h2 class=\"wp-block-heading has-medium-font-size\">Un poco sobre el Proyecto Abriga en el que participan las residencias de ancianos<\/h2>\n\n\n\n<p>El Proyecto Abriga ha ido creciendo durante los \u00faltimos dos a\u00f1os en toda Catalu\u00f1a y otras comunidades aut\u00f3nomas. Actualmente, ha conseguido involucrar a m\u00e1s de 300 personas que tejen, a ganchillo y mediante otras t\u00e9cnicas, ropa de abrigo desde diferentes organizaciones, escuelas, residencias, etc.<\/p>\n\n\n\n<p>En este tiempo se han tejido mantas, pe\u00facos, gorros, jers\u00e9is, etc. que se entregan en centros de acogida, centros residenciales de acci\u00f3n educativa (CRAE), hospitales, orfanatos de todo el mundo y a personas y familias que lo necesitan. El Proyecto Abriga tambi\u00e9n ha aportado prendas de abrigo a Ucrania, a trav\u00e9s de un Marat\u00f3n de recopilaci\u00f3n de mantas, que fue todo un \u00e9xito y dio calor a muchas familias.<\/p>\n","protected":false},"excerpt":{"rendered":"<p>A partir de abril, las residencias y centros de d\u00eda La Vostra Llar nos involucramos en el Proyecto Abriga impulsado por la organizaci\u00f3n sin \u00e1nimo de lucro Vida Significativa. Se trata de una iniciativa que tiene por objetivo tejer prendas de ropa de abrigo para personas en situaciones de vulnerabilidad. As\u00ed pues, desde los diferentes [&hellip;]<\/p>\n","protected":false},"author":1,"featured_media":24530,"comment_status":"closed","ping_status":"closed","sticky":false,"template":"","format":"standard","meta":{"content-type":"","footnotes":""},"categories":[11,47,18,12,13,14,15,27,16,19],"tags":[7,9],"class_list":["post-24529","post","type-post","status-publish","format-standard","has-post-thumbnail","hentry","category-noticias-blanes","category-noticias-clot","category-noticias-gracia","category-noticias-la-rambla","category-noticias-les-dalies","category-noticias-les-oliveres","category-noticias-mataro","category-noticias-guell","category-noticias-reig","category-noticias-terrassa","tag-compromiso-social","tag-residencias-de-ancianos"],"yoast_head":"<!-- This site is optimized with the Yoast SEO plugin v26.0 - https:\/\/yoast.com\/wordpress\/plugins\/seo\/ -->\n<title>Residencia de ancianos y el Proyecto Abriga - Noticias La Vostra Llar<\/title>\n<meta name=\"description\" content=\"Las residencias y centros de d\u00eda La Vostra Llar nos involucramos en el Proyecto Abriga impulsado por la organizaci\u00f3n Vida Significativa.\" \/>\n<meta name=\"robots\" content=\"index, follow, max-snippet:-1, max-image-preview:large, max-video-preview:-1\" \/>\n<link rel=\"canonical\" href=\"https:\/\/lavostrallar.com\/noticias\/la-vostra-llar-participa-en-el-proyecto-abriga\/\" \/>\n<meta property=\"og:locale\" content=\"es_ES\" \/>\n<meta property=\"og:type\" content=\"article\" \/>\n<meta property=\"og:title\" content=\"Residencia de ancianos y el Proyecto Abriga - Noticias La Vostra Llar\" \/>\n<meta property=\"og:description\" content=\"Las residencias y centros de d\u00eda La Vostra Llar nos involucramos en el Proyecto Abriga impulsado por la organizaci\u00f3n Vida Significativa.\" \/>\n<meta property=\"og:url\" content=\"https:\/\/lavostrallar.com\/noticias\/la-vostra-llar-participa-en-el-proyecto-abriga\/\" \/>\n<meta property=\"og:site_name\" content=\"Noticias La Vostra Llar\" \/>\n<meta property=\"article:publisher\" content=\"https:\/\/www.facebook.com\/lavostra.llar\" \/>\n<meta property=\"article:published_time\" content=\"2023-04-04T10:06:35+00:00\" \/>\n<meta property=\"article:modified_time\" content=\"2023-04-21T09:55:34+00:00\" \/>\n<meta property=\"og:image\" content=\"https:\/\/lavostrallar.com\/noticias\/wp-content\/uploads\/2023\/04\/Projecte-abriga-2.jpg\" \/>\n\t<meta property=\"og:image:width\" content=\"1204\" \/>\n\t<meta property=\"og:image:height\" content=\"1600\" \/>\n\t<meta property=\"og:image:type\" content=\"image\/jpeg\" \/>\n<meta name=\"author\" content=\"admin\" \/>\n<meta name=\"twitter:card\" content=\"summary_large_image\" \/>\n<meta name=\"twitter:creator\" content=\"@lavostrallar\" \/>\n<meta name=\"twitter:site\" content=\"@lavostrallar\" \/>\n<meta name=\"twitter:label1\" content=\"Escrito por\" \/>\n\t<meta name=\"twitter:data1\" content=\"admin\" \/>\n\t<meta name=\"twitter:label2\" content=\"Tiempo de lectura\" \/>\n\t<meta name=\"twitter:data2\" content=\"1 minuto\" \/>\n<script type=\"application\/ld+json\" class=\"yoast-schema-graph\">{\"@context\":\"https:\/\/schema.org\",\"@graph\":[{\"@type\":\"Article\",\"@id\":\"https:\/\/lavostrallar.com\/noticias\/ca\/la-vostra-llar-participa-en-el-proyecto-abriga\/#article\",\"isPartOf\":{\"@id\":\"https:\/\/lavostrallar.com\/noticias\/ca\/la-vostra-llar-participa-en-el-proyecto-abriga\/\"},\"author\":{\"name\":\"admin\",\"@id\":\"https:\/\/lavostrallar.com\/noticias\/#\/schema\/person\/39e704b801e0c519c963d9a376e561e5\"},\"headline\":\"Residencias de ancianos La Vostra Llar participa en el Proyecto Abriga\",\"datePublished\":\"2023-04-04T10:06:35+00:00\",\"dateModified\":\"2023-04-21T09:55:34+00:00\",\"mainEntityOfPage\":{\"@id\":\"https:\/\/lavostrallar.com\/noticias\/ca\/la-vostra-llar-participa-en-el-proyecto-abriga\/\"},\"wordCount\":309,\"publisher\":{\"@id\":\"https:\/\/lavostrallar.com\/noticias\/#organization\"},\"image\":{\"@id\":\"https:\/\/lavostrallar.com\/noticias\/ca\/la-vostra-llar-participa-en-el-proyecto-abriga\/#primaryimage\"},\"thumbnailUrl\":\"https:\/\/lavostrallar.com\/noticias\/wp-content\/uploads\/2023\/04\/Projecte-abriga-2.jpg\",\"keywords\":[\"Compromiso social\",\"Residencias de ancianos\"],\"articleSection\":[\"Noticias Blanes\",\"Noticias Clot\",\"Noticias Gr\u00e0cia\",\"Noticias La Rambla\",\"Noticias Les D\u00e0lies\",\"Noticias Les Oliveres\",\"Noticias Matar\u00f3\",\"Noticias Parc G\u00fcell\",\"Noticias Reig\",\"Noticias Terrassa\"],\"inLanguage\":\"es\"},{\"@type\":\"WebPage\",\"@id\":\"https:\/\/lavostrallar.com\/noticias\/ca\/la-vostra-llar-participa-en-el-proyecto-abriga\/\",\"url\":\"https:\/\/lavostrallar.com\/noticias\/ca\/la-vostra-llar-participa-en-el-proyecto-abriga\/\",\"name\":\"Residencia de ancianos y el Proyecto Abriga - Noticias La Vostra Llar\",\"isPartOf\":{\"@id\":\"https:\/\/lavostrallar.com\/noticias\/#website\"},\"primaryImageOfPage\":{\"@id\":\"https:\/\/lavostrallar.com\/noticias\/ca\/la-vostra-llar-participa-en-el-proyecto-abriga\/#primaryimage\"},\"image\":{\"@id\":\"https:\/\/lavostrallar.com\/noticias\/ca\/la-vostra-llar-participa-en-el-proyecto-abriga\/#primaryimage\"},\"thumbnailUrl\":\"https:\/\/lavostrallar.com\/noticias\/wp-content\/uploads\/2023\/04\/Projecte-abriga-2.jpg\",\"datePublished\":\"2023-04-04T10:06:35+00:00\",\"dateModified\":\"2023-04-21T09:55:34+00:00\",\"description\":\"Las residencias y centros de d\u00eda La Vostra Llar nos involucramos en el Proyecto Abriga impulsado por la organizaci\u00f3n Vida Significativa.\",\"breadcrumb\":{\"@id\":\"https:\/\/lavostrallar.com\/noticias\/ca\/la-vostra-llar-participa-en-el-proyecto-abriga\/#breadcrumb\"},\"inLanguage\":\"es\",\"potentialAction\":[{\"@type\":\"ReadAction\",\"target\":[\"https:\/\/lavostrallar.com\/noticias\/ca\/la-vostra-llar-participa-en-el-proyecto-abriga\/\"]}]},{\"@type\":\"ImageObject\",\"inLanguage\":\"es\",\"@id\":\"https:\/\/lavostrallar.com\/noticias\/ca\/la-vostra-llar-participa-en-el-proyecto-abriga\/#primaryimage\",\"url\":\"https:\/\/lavostrallar.com\/noticias\/wp-content\/uploads\/2023\/04\/Projecte-abriga-2.jpg\",\"contentUrl\":\"https:\/\/lavostrallar.com\/noticias\/wp-content\/uploads\/2023\/04\/Projecte-abriga-2.jpg\",\"width\":1204,\"height\":1600,\"caption\":\"Residencia de ancianos - Proyecto abriga\"},{\"@type\":\"BreadcrumbList\",\"@id\":\"https:\/\/lavostrallar.com\/noticias\/ca\/la-vostra-llar-participa-en-el-proyecto-abriga\/#breadcrumb\",\"itemListElement\":[{\"@type\":\"ListItem\",\"position\":1,\"name\":\"Portada\",\"item\":\"https:\/\/lavostrallar.com\/noticias\/\"},{\"@type\":\"ListItem\",\"position\":2,\"name\":\"Residencias de ancianos La Vostra Llar participa en el Proyecto Abriga\"}]},{\"@type\":\"WebSite\",\"@id\":\"https:\/\/lavostrallar.com\/noticias\/#website\",\"url\":\"https:\/\/lavostrallar.com\/noticias\/\",\"name\":\"La Vostra Llar\",\"description\":\"La Vostra Llar gestiona resid\u00e8ncies geri\u00e0triques des de 1987 amb la missi\u00f3 d\u2019oferir assist\u00e8ncia personalitzada per estimular, acollir i atendre les persones grans amb qualsevol grau de depend\u00e8ncia.\",\"publisher\":{\"@id\":\"https:\/\/lavostrallar.com\/noticias\/#organization\"},\"potentialAction\":[{\"@type\":\"SearchAction\",\"target\":{\"@type\":\"EntryPoint\",\"urlTemplate\":\"https:\/\/lavostrallar.com\/noticias\/?s={search_term_string}\"},\"query-input\":{\"@type\":\"PropertyValueSpecification\",\"valueRequired\":true,\"valueName\":\"search_term_string\"}}],\"inLanguage\":\"es\"},{\"@type\":\"Organization\",\"@id\":\"https:\/\/lavostrallar.com\/noticias\/#organization\",\"name\":\"La Vostra Llar\",\"url\":\"https:\/\/lavostrallar.com\/noticias\/\",\"logo\":{\"@type\":\"ImageObject\",\"inLanguage\":\"es\",\"@id\":\"https:\/\/lavostrallar.com\/noticias\/#\/schema\/logo\/image\/\",\"url\":\"https:\/\/lavostrallar.com\/noticias\/wp-content\/uploads\/2021\/12\/logo_lavostrallar.png\",\"contentUrl\":\"https:\/\/lavostrallar.com\/noticias\/wp-content\/uploads\/2021\/12\/logo_lavostrallar.png\",\"width\":217,\"height\":109,\"caption\":\"La Vostra Llar\"},\"image\":{\"@id\":\"https:\/\/lavostrallar.com\/noticias\/#\/schema\/logo\/image\/\"},\"sameAs\":[\"https:\/\/www.facebook.com\/lavostra.llar\",\"https:\/\/x.com\/lavostrallar\",\"https:\/\/www.instagram.com\/lavostrallar\/\"]},{\"@type\":\"Person\",\"@id\":\"https:\/\/lavostrallar.com\/noticias\/#\/schema\/person\/39e704b801e0c519c963d9a376e561e5\",\"name\":\"admin\",\"image\":{\"@type\":\"ImageObject\",\"inLanguage\":\"es\",\"@id\":\"https:\/\/lavostrallar.com\/noticias\/#\/schema\/person\/image\/\",\"url\":\"https:\/\/secure.gravatar.com\/avatar\/9d4580a48cd1910cc51e0dfd3fd063c0caadea953e64fb47c872043d240ffeab?s=96&d=mm&r=g\",\"contentUrl\":\"https:\/\/secure.gravatar.com\/avatar\/9d4580a48cd1910cc51e0dfd3fd063c0caadea953e64fb47c872043d240ffeab?s=96&d=mm&r=g\",\"caption\":\"admin\"},\"sameAs\":[\"https:\/\/lavostrallar.com\"],\"url\":\"https:\/\/lavostrallar.com\/noticias\/author\/lavostrallar\/\"}]}<\/script>\n<!-- \/ Yoast SEO plugin. -->","yoast_head_json":{"title":"Residencia de ancianos y el Proyecto Abriga - Noticias La Vostra Llar","description":"Las residencias y centros de d\u00eda La Vostra Llar nos involucramos en el Proyecto Abriga impulsado por la organizaci\u00f3n Vida Significativa.","robots":{"index":"index","follow":"follow","max-snippet":"max-snippet:-1","max-image-preview":"max-image-preview:large","max-video-preview":"max-video-preview:-1"},"canonical":"https:\/\/lavostrallar.com\/noticias\/la-vostra-llar-participa-en-el-proyecto-abriga\/","og_locale":"es_ES","og_type":"article","og_title":"Residencia de ancianos y el Proyecto Abriga - Noticias La Vostra Llar","og_description":"Las residencias y centros de d\u00eda La Vostra Llar nos involucramos en el Proyecto Abriga impulsado por la organizaci\u00f3n Vida Significativa.","og_url":"https:\/\/lavostrallar.com\/noticias\/la-vostra-llar-participa-en-el-proyecto-abriga\/","og_site_name":"Noticias La Vostra Llar","article_publisher":"https:\/\/www.facebook.com\/lavostra.llar","article_published_time":"2023-04-04T10:06:35+00:00","article_modified_time":"2023-04-21T09:55:34+00:00","og_image":[{"width":1204,"height":1600,"url":"https:\/\/lavostrallar.com\/noticias\/wp-content\/uploads\/2023\/04\/Projecte-abriga-2.jpg","type":"image\/jpeg"}],"author":"admin","twitter_card":"summary_large_image","twitter_creator":"@lavostrallar","twitter_site":"@lavostrallar","twitter_misc":{"Escrito por":"admin","Tiempo de lectura":"1 minuto"},"schema":{"@context":"https:\/\/schema.org","@graph":[{"@type":"Article","@id":"https:\/\/lavostrallar.com\/noticias\/ca\/la-vostra-llar-participa-en-el-proyecto-abriga\/#article","isPartOf":{"@id":"https:\/\/lavostrallar.com\/noticias\/ca\/la-vostra-llar-participa-en-el-proyecto-abriga\/"},"author":{"name":"admin","@id":"https:\/\/lavostrallar.com\/noticias\/#\/schema\/person\/39e704b801e0c519c963d9a376e561e5"},"headline":"Residencias de ancianos La Vostra Llar participa en el Proyecto Abriga","datePublished":"2023-04-04T10:06:35+00:00","dateModified":"2023-04-21T09:55:34+00:00","mainEntityOfPage":{"@id":"https:\/\/lavostrallar.com\/noticias\/ca\/la-vostra-llar-participa-en-el-proyecto-abriga\/"},"wordCount":309,"publisher":{"@id":"https:\/\/lavostrallar.com\/noticias\/#organization"},"image":{"@id":"https:\/\/lavostrallar.com\/noticias\/ca\/la-vostra-llar-participa-en-el-proyecto-abriga\/#primaryimage"},"thumbnailUrl":"https:\/\/lavostrallar.com\/noticias\/wp-content\/uploads\/2023\/04\/Projecte-abriga-2.jpg","keywords":["Compromiso social","Residencias de ancianos"],"articleSection":["Noticias Blanes","Noticias Clot","Noticias Gr\u00e0cia","Noticias La Rambla","Noticias Les D\u00e0lies","Noticias Les Oliveres","Noticias Matar\u00f3","Noticias Parc G\u00fcell","Noticias Reig","Noticias Terrassa"],"inLanguage":"es"},{"@type":"WebPage","@id":"https:\/\/lavostrallar.com\/noticias\/ca\/la-vostra-llar-participa-en-el-proyecto-abriga\/","url":"https:\/\/lavostrallar.com\/noticias\/ca\/la-vostra-llar-participa-en-el-proyecto-abriga\/","name":"Residencia de ancianos y el Proyecto Abriga - Noticias La Vostra Llar","isPartOf":{"@id":"https:\/\/lavostrallar.com\/noticias\/#website"},"primaryImageOfPage":{"@id":"https:\/\/lavostrallar.com\/noticias\/ca\/la-vostra-llar-participa-en-el-proyecto-abriga\/#primaryimage"},"image":{"@id":"https:\/\/lavostrallar.com\/noticias\/ca\/la-vostra-llar-participa-en-el-proyecto-abriga\/#primaryimage"},"thumbnailUrl":"https:\/\/lavostrallar.com\/noticias\/wp-content\/uploads\/2023\/04\/Projecte-abriga-2.jpg","datePublished":"2023-04-04T10:06:35+00:00","dateModified":"2023-04-21T09:55:34+00:00","description":"Las residencias y centros de d\u00eda La Vostra Llar nos involucramos en el Proyecto Abriga impulsado por la organizaci\u00f3n Vida Significativa.","breadcrumb":{"@id":"https:\/\/lavostrallar.com\/noticias\/ca\/la-vostra-llar-participa-en-el-proyecto-abriga\/#breadcrumb"},"inLanguage":"es","potentialAction":[{"@type":"ReadAction","target":["https:\/\/lavostrallar.com\/noticias\/ca\/la-vostra-llar-participa-en-el-proyecto-abriga\/"]}]},{"@type":"ImageObject","inLanguage":"es","@id":"https:\/\/lavostrallar.com\/noticias\/ca\/la-vostra-llar-participa-en-el-proyecto-abriga\/#primaryimage","url":"https:\/\/lavostrallar.com\/noticias\/wp-content\/uploads\/2023\/04\/Projecte-abriga-2.jpg","contentUrl":"https:\/\/lavostrallar.com\/noticias\/wp-content\/uploads\/2023\/04\/Projecte-abriga-2.jpg","width":1204,"height":1600,"caption":"Residencia de ancianos - Proyecto abriga"},{"@type":"BreadcrumbList","@id":"https:\/\/lavostrallar.com\/noticias\/ca\/la-vostra-llar-participa-en-el-proyecto-abriga\/#breadcrumb","itemListElement":[{"@type":"ListItem","position":1,"name":"Portada","item":"https:\/\/lavostrallar.com\/noticias\/"},{"@type":"ListItem","position":2,"name":"Residencias de ancianos La Vostra Llar participa en el Proyecto Abriga"}]},{"@type":"WebSite","@id":"https:\/\/lavostrallar.com\/noticias\/#website","url":"https:\/\/lavostrallar.com\/noticias\/","name":"La Vostra Llar","description":"La Vostra Llar gestiona resid\u00e8ncies geri\u00e0triques des de 1987 amb la missi\u00f3 d\u2019oferir assist\u00e8ncia personalitzada per estimular, acollir i atendre les persones grans amb qualsevol grau de depend\u00e8ncia.","publisher":{"@id":"https:\/\/lavostrallar.com\/noticias\/#organization"},"potentialAction":[{"@type":"SearchAction","target":{"@type":"EntryPoint","urlTemplate":"https:\/\/lavostrallar.com\/noticias\/?s={search_term_string}"},"query-input":{"@type":"PropertyValueSpecification","valueRequired":true,"valueName":"search_term_string"}}],"inLanguage":"es"},{"@type":"Organization","@id":"https:\/\/lavostrallar.com\/noticias\/#organization","name":"La Vostra Llar","url":"https:\/\/lavostrallar.com\/noticias\/","logo":{"@type":"ImageObject","inLanguage":"es","@id":"https:\/\/lavostrallar.com\/noticias\/#\/schema\/logo\/image\/","url":"https:\/\/lavostrallar.com\/noticias\/wp-content\/uploads\/2021\/12\/logo_lavostrallar.png","contentUrl":"https:\/\/lavostrallar.com\/noticias\/wp-content\/uploads\/2021\/12\/logo_lavostrallar.png","width":217,"height":109,"caption":"La Vostra Llar"},"image":{"@id":"https:\/\/lavostrallar.com\/noticias\/#\/schema\/logo\/image\/"},"sameAs":["https:\/\/www.facebook.com\/lavostra.llar","https:\/\/x.com\/lavostrallar","https:\/\/www.instagram.com\/lavostrallar\/"]},{"@type":"Person","@id":"https:\/\/lavostrallar.com\/noticias\/#\/schema\/person\/39e704b801e0c519c963d9a376e561e5","name":"admin","image":{"@type":"ImageObject","inLanguage":"es","@id":"https:\/\/lavostrallar.com\/noticias\/#\/schema\/person\/image\/","url":"https:\/\/secure.gravatar.com\/avatar\/9d4580a48cd1910cc51e0dfd3fd063c0caadea953e64fb47c872043d240ffeab?s=96&d=mm&r=g","contentUrl":"https:\/\/secure.gravatar.com\/avatar\/9d4580a48cd1910cc51e0dfd3fd063c0caadea953e64fb47c872043d240ffeab?s=96&d=mm&r=g","caption":"admin"},"sameAs":["https:\/\/lavostrallar.com"],"url":"https:\/\/lavostrallar.com\/noticias\/author\/lavostrallar\/"}]}},"_links":{"self":[{"href":"https:\/\/lavostrallar.com\/noticias\/wp-json\/wp\/v2\/posts\/24529","targetHints":{"allow":["GET"]}}],"collection":[{"href":"https:\/\/lavostrallar.com\/noticias\/wp-json\/wp\/v2\/posts"}],"about":[{"href":"https:\/\/lavostrallar.com\/noticias\/wp-json\/wp\/v2\/types\/post"}],"author":[{"embeddable":true,"href":"https:\/\/lavostrallar.com\/noticias\/wp-json\/wp\/v2\/users\/1"}],"replies":[{"embeddable":true,"href":"https:\/\/lavostrallar.com\/noticias\/wp-json\/wp\/v2\/comments?post=24529"}],"version-history":[{"count":2,"href":"https:\/\/lavostrallar.com\/noticias\/wp-json\/wp\/v2\/posts\/24529\/revisions"}],"predecessor-version":[{"id":24698,"href":"https:\/\/lavostrallar.com\/noticias\/wp-json\/wp\/v2\/posts\/24529\/revisions\/24698"}],"wp:featuredmedia":[{"embeddable":true,"href":"https:\/\/lavostrallar.com\/noticias\/wp-json\/wp\/v2\/media\/24530"}],"wp:attachment":[{"href":"https:\/\/lavostrallar.com\/noticias\/wp-json\/wp\/v2\/media?parent=24529"}],"wp:term":[{"taxonomy":"category","embeddable":true,"href":"https:\/\/lavostrallar.com\/noticias\/wp-json\/wp\/v2\/categories?post=24529"},{"taxonomy":"post_tag","embeddable":true,"href":"https:\/\/lavostrallar.com\/noticias\/wp-json\/wp\/v2\/tags?post=24529"}],"curies":[{"name":"wp","href":"https:\/\/api.w.org\/{rel}","templated":true}]}}