	{"id":24712,"date":"2023-04-24T14:13:09","date_gmt":"2023-04-24T14:13:09","guid":{"rendered":"https:\/\/lavostrallar.com\/?p=24712"},"modified":"2023-05-09T08:48:38","modified_gmt":"2023-05-09T08:48:38","slug":"talleres-de-baile-en-clot","status":"publish","type":"post","link":"https:\/\/lavostrallar.com\/noticias\/talleres-de-baile-en-clot\/","title":{"rendered":"Talleres de baile en la residencia de ancianos Clot"},"content":{"rendered":"\n<p>En la residencia <a href=\"https:\/\/lavostrallar.com\/residencia-y-centro-de-dia-clot\/\">La Vostra Llar Clot<\/a>, todos los mi\u00e9rcoles por la tarde, disfrutamos del taller de danza, con residentes de diferentes perfiles, para los cuales, bailar es y ha sido en el pasado una actividad de ocio importante. Este taller se realiza de forma grupal, bajo la supervisi\u00f3n del terapeuta ocupacional y la fisioterapeuta, en grupos de entre 12 y 16 personas. Se realizan coreograf\u00edas tanto en pareja como grupales, as\u00ed como actividades relacionadas con el baile.<\/p>\n\n\n\n<h2 class=\"wp-block-heading has-medium-font-size\">Beneficios del baile en las residencias de ancianos<\/h2>\n\n\n\n<p>Bailar otorga a los residentes un sinf\u00edn de beneficios tanto cognitivos y funcionales, como emocionales y sociales. Entre los beneficios a destacar:<\/p>\n\n\n\n<ul class=\"wp-block-list\">\n<li>Reduce el estr\u00e9s y aleja la depresi\u00f3n.<\/li>\n\n\n\n<li>Ayuda a ejercitar la memoria, la atenci\u00f3n y, si se baila en pareja, obliga a coordinar los movimientos con los de otra persona.<\/li>\n\n\n\n<li>Potencia la autoestima y la confianza en uno mismo, ayuda a vencer la timidez y mejora el estado de \u00e1nimo.<\/li>\n\n\n\n<li>Fortalece los m\u00fasculos, sobre todo de las piernas y caderas y, dependiendo de la coreograf\u00eda, tambi\u00e9n de los brazos.<\/li>\n\n\n\n<li>Aumenta la flexibilidad y la resistencia.<\/li>\n\n\n\n<li>Mejora la coordinaci\u00f3n y el equilibrio, por lo que ayuda a prevenir las ca\u00eddas en personas mayores.<\/li>\n\n\n\n<li>Mantiene nuestro cerebro m\u00e1s irrigado, lo que ayuda a prevenir el deterioro cognitivo.<\/li>\n\n\n\n<li>Beneficia a nuestro sistema cardiovascular y respiratorio.<\/li>\n\n\n\n<li>Favorece las relaciones sociales en las personas mayores.<\/li>\n<\/ul>\n\n\n\n<p><\/p>\n","protected":false},"excerpt":{"rendered":"<p>En la residencia La Vostra Llar Clot, todos los mi\u00e9rcoles por la tarde, disfrutamos del taller de danza, con residentes de diferentes perfiles, para los cuales, bailar es y ha sido en el pasado una actividad de ocio importante. Este taller se realiza de forma grupal, bajo la supervisi\u00f3n del terapeuta ocupacional y la fisioterapeuta, [&hellip;]<\/p>\n","protected":false},"author":15,"featured_media":24713,"comment_status":"closed","ping_status":"closed","sticky":false,"template":"","format":"standard","meta":{"content-type":"","footnotes":""},"categories":[47],"tags":[69,102,9,64],"class_list":["post-24712","post","type-post","status-publish","format-standard","has-post-thumbnail","hentry","category-noticias-clot","tag-actividades-para-mayores","tag-baile","tag-residencias-de-ancianos","tag-talleres"],"yoast_head":"<!-- This site is optimized with the Yoast SEO plugin v26.0 - https:\/\/yoast.com\/wordpress\/plugins\/seo\/ -->\n<title>Talleres de baile en la residencia de ancianos Clot - Noticias La Vostra Llar<\/title>\n<meta name=\"description\" content=\"Bailar otorga a los residentes un sinf\u00edn de beneficios tanto cognitivos y funcionales, como emocionales y sociales\" \/>\n<meta name=\"robots\" content=\"index, follow, max-snippet:-1, max-image-preview:large, max-video-preview:-1\" \/>\n<link rel=\"canonical\" href=\"https:\/\/lavostrallar.com\/noticias\/talleres-de-baile-en-clot\/\" \/>\n<meta property=\"og:locale\" content=\"es_ES\" \/>\n<meta property=\"og:type\" content=\"article\" \/>\n<meta property=\"og:title\" content=\"Talleres de baile en la residencia de ancianos Clot - Noticias La Vostra Llar\" \/>\n<meta property=\"og:description\" content=\"Bailar otorga a los residentes un sinf\u00edn de beneficios tanto cognitivos y funcionales, como emocionales y sociales\" \/>\n<meta property=\"og:url\" content=\"https:\/\/lavostrallar.com\/noticias\/talleres-de-baile-en-clot\/\" \/>\n<meta property=\"og:site_name\" content=\"Noticias La Vostra Llar\" \/>\n<meta property=\"article:publisher\" content=\"https:\/\/www.facebook.com\/lavostra.llar\" \/>\n<meta property=\"article:published_time\" content=\"2023-04-24T14:13:09+00:00\" \/>\n<meta property=\"article:modified_time\" content=\"2023-05-09T08:48:38+00:00\" \/>\n<meta property=\"og:image\" content=\"https:\/\/lavostrallar.com\/noticias\/wp-content\/uploads\/2023\/04\/IMG-20230308-WA0166.jpg\" \/>\n\t<meta property=\"og:image:width\" content=\"2048\" \/>\n\t<meta property=\"og:image:height\" content=\"1536\" \/>\n\t<meta property=\"og:image:type\" content=\"image\/jpeg\" \/>\n<meta name=\"author\" content=\"clot\" \/>\n<meta name=\"twitter:card\" content=\"summary_large_image\" \/>\n<meta name=\"twitter:creator\" content=\"@lavostrallar\" \/>\n<meta name=\"twitter:site\" content=\"@lavostrallar\" \/>\n<meta name=\"twitter:label1\" content=\"Escrito por\" \/>\n\t<meta name=\"twitter:data1\" content=\"clot\" \/>\n\t<meta name=\"twitter:label2\" content=\"Tiempo de lectura\" \/>\n\t<meta name=\"twitter:data2\" content=\"1 minuto\" \/>\n<script type=\"application\/ld+json\" class=\"yoast-schema-graph\">{\"@context\":\"https:\/\/schema.org\",\"@graph\":[{\"@type\":\"Article\",\"@id\":\"https:\/\/lavostrallar.com\/noticias\/ca\/talleres-de-baile-en-clot\/#article\",\"isPartOf\":{\"@id\":\"https:\/\/lavostrallar.com\/noticias\/ca\/talleres-de-baile-en-clot\/\"},\"author\":{\"name\":\"clot\",\"@id\":\"https:\/\/lavostrallar.com\/noticias\/#\/schema\/person\/2511dfae685f7be889a50167b3d88a38\"},\"headline\":\"Talleres de baile en la residencia de ancianos Clot\",\"datePublished\":\"2023-04-24T14:13:09+00:00\",\"dateModified\":\"2023-05-09T08:48:38+00:00\",\"mainEntityOfPage\":{\"@id\":\"https:\/\/lavostrallar.com\/noticias\/ca\/talleres-de-baile-en-clot\/\"},\"wordCount\":248,\"publisher\":{\"@id\":\"https:\/\/lavostrallar.com\/noticias\/#organization\"},\"image\":{\"@id\":\"https:\/\/lavostrallar.com\/noticias\/ca\/talleres-de-baile-en-clot\/#primaryimage\"},\"thumbnailUrl\":\"https:\/\/lavostrallar.com\/noticias\/wp-content\/uploads\/2023\/04\/IMG-20230308-WA0166.jpg\",\"keywords\":[\"Actividades para mayores\",\"baile\",\"Residencias de ancianos\",\"Talleres\"],\"articleSection\":[\"Noticias Clot\"],\"inLanguage\":\"es\"},{\"@type\":\"WebPage\",\"@id\":\"https:\/\/lavostrallar.com\/noticias\/ca\/talleres-de-baile-en-clot\/\",\"url\":\"https:\/\/lavostrallar.com\/noticias\/ca\/talleres-de-baile-en-clot\/\",\"name\":\"Talleres de baile en la residencia de ancianos Clot - Noticias La Vostra Llar\",\"isPartOf\":{\"@id\":\"https:\/\/lavostrallar.com\/noticias\/#website\"},\"primaryImageOfPage\":{\"@id\":\"https:\/\/lavostrallar.com\/noticias\/ca\/talleres-de-baile-en-clot\/#primaryimage\"},\"image\":{\"@id\":\"https:\/\/lavostrallar.com\/noticias\/ca\/talleres-de-baile-en-clot\/#primaryimage\"},\"thumbnailUrl\":\"https:\/\/lavostrallar.com\/noticias\/wp-content\/uploads\/2023\/04\/IMG-20230308-WA0166.jpg\",\"datePublished\":\"2023-04-24T14:13:09+00:00\",\"dateModified\":\"2023-05-09T08:48:38+00:00\",\"description\":\"Bailar otorga a los residentes un sinf\u00edn de beneficios tanto cognitivos y funcionales, como emocionales y sociales\",\"breadcrumb\":{\"@id\":\"https:\/\/lavostrallar.com\/noticias\/ca\/talleres-de-baile-en-clot\/#breadcrumb\"},\"inLanguage\":\"es\",\"potentialAction\":[{\"@type\":\"ReadAction\",\"target\":[\"https:\/\/lavostrallar.com\/noticias\/ca\/talleres-de-baile-en-clot\/\"]}]},{\"@type\":\"ImageObject\",\"inLanguage\":\"es\",\"@id\":\"https:\/\/lavostrallar.com\/noticias\/ca\/talleres-de-baile-en-clot\/#primaryimage\",\"url\":\"https:\/\/lavostrallar.com\/noticias\/wp-content\/uploads\/2023\/04\/IMG-20230308-WA0166.jpg\",\"contentUrl\":\"https:\/\/lavostrallar.com\/noticias\/wp-content\/uploads\/2023\/04\/IMG-20230308-WA0166.jpg\",\"width\":2048,\"height\":1536,\"caption\":\"baile en residencia de ancianos\"},{\"@type\":\"BreadcrumbList\",\"@id\":\"https:\/\/lavostrallar.com\/noticias\/ca\/talleres-de-baile-en-clot\/#breadcrumb\",\"itemListElement\":[{\"@type\":\"ListItem\",\"position\":1,\"name\":\"Portada\",\"item\":\"https:\/\/lavostrallar.com\/noticias\/\"},{\"@type\":\"ListItem\",\"position\":2,\"name\":\"Talleres de baile en la residencia de ancianos Clot\"}]},{\"@type\":\"WebSite\",\"@id\":\"https:\/\/lavostrallar.com\/noticias\/#website\",\"url\":\"https:\/\/lavostrallar.com\/noticias\/\",\"name\":\"La Vostra Llar\",\"description\":\"La Vostra Llar gestiona resid\u00e8ncies geri\u00e0triques des de 1987 amb la missi\u00f3 d\u2019oferir assist\u00e8ncia personalitzada per estimular, acollir i atendre les persones grans amb qualsevol grau de depend\u00e8ncia.\",\"publisher\":{\"@id\":\"https:\/\/lavostrallar.com\/noticias\/#organization\"},\"potentialAction\":[{\"@type\":\"SearchAction\",\"target\":{\"@type\":\"EntryPoint\",\"urlTemplate\":\"https:\/\/lavostrallar.com\/noticias\/?s={search_term_string}\"},\"query-input\":{\"@type\":\"PropertyValueSpecification\",\"valueRequired\":true,\"valueName\":\"search_term_string\"}}],\"inLanguage\":\"es\"},{\"@type\":\"Organization\",\"@id\":\"https:\/\/lavostrallar.com\/noticias\/#organization\",\"name\":\"La Vostra Llar\",\"url\":\"https:\/\/lavostrallar.com\/noticias\/\",\"logo\":{\"@type\":\"ImageObject\",\"inLanguage\":\"es\",\"@id\":\"https:\/\/lavostrallar.com\/noticias\/#\/schema\/logo\/image\/\",\"url\":\"https:\/\/lavostrallar.com\/noticias\/wp-content\/uploads\/2021\/12\/logo_lavostrallar.png\",\"contentUrl\":\"https:\/\/lavostrallar.com\/noticias\/wp-content\/uploads\/2021\/12\/logo_lavostrallar.png\",\"width\":217,\"height\":109,\"caption\":\"La Vostra Llar\"},\"image\":{\"@id\":\"https:\/\/lavostrallar.com\/noticias\/#\/schema\/logo\/image\/\"},\"sameAs\":[\"https:\/\/www.facebook.com\/lavostra.llar\",\"https:\/\/x.com\/lavostrallar\",\"https:\/\/www.instagram.com\/lavostrallar\/\"]},{\"@type\":\"Person\",\"@id\":\"https:\/\/lavostrallar.com\/noticias\/#\/schema\/person\/2511dfae685f7be889a50167b3d88a38\",\"name\":\"clot\",\"image\":{\"@type\":\"ImageObject\",\"inLanguage\":\"es\",\"@id\":\"https:\/\/lavostrallar.com\/noticias\/#\/schema\/person\/image\/\",\"url\":\"https:\/\/secure.gravatar.com\/avatar\/3c1df0739940f5c4c6ddbf0cbaa0c04d540ea3f04119bc2b24c94557acb1067c?s=96&d=mm&r=g\",\"contentUrl\":\"https:\/\/secure.gravatar.com\/avatar\/3c1df0739940f5c4c6ddbf0cbaa0c04d540ea3f04119bc2b24c94557acb1067c?s=96&d=mm&r=g\",\"caption\":\"clot\"},\"url\":\"https:\/\/lavostrallar.com\/noticias\/author\/lavostrallar-clot\/\"}]}<\/script>\n<!-- \/ Yoast SEO plugin. -->","yoast_head_json":{"title":"Talleres de baile en la residencia de ancianos Clot - Noticias La Vostra Llar","description":"Bailar otorga a los residentes un sinf\u00edn de beneficios tanto cognitivos y funcionales, como emocionales y sociales","robots":{"index":"index","follow":"follow","max-snippet":"max-snippet:-1","max-image-preview":"max-image-preview:large","max-video-preview":"max-video-preview:-1"},"canonical":"https:\/\/lavostrallar.com\/noticias\/talleres-de-baile-en-clot\/","og_locale":"es_ES","og_type":"article","og_title":"Talleres de baile en la residencia de ancianos Clot - Noticias La Vostra Llar","og_description":"Bailar otorga a los residentes un sinf\u00edn de beneficios tanto cognitivos y funcionales, como emocionales y sociales","og_url":"https:\/\/lavostrallar.com\/noticias\/talleres-de-baile-en-clot\/","og_site_name":"Noticias La Vostra Llar","article_publisher":"https:\/\/www.facebook.com\/lavostra.llar","article_published_time":"2023-04-24T14:13:09+00:00","article_modified_time":"2023-05-09T08:48:38+00:00","og_image":[{"width":2048,"height":1536,"url":"https:\/\/lavostrallar.com\/noticias\/wp-content\/uploads\/2023\/04\/IMG-20230308-WA0166.jpg","type":"image\/jpeg"}],"author":"clot","twitter_card":"summary_large_image","twitter_creator":"@lavostrallar","twitter_site":"@lavostrallar","twitter_misc":{"Escrito por":"clot","Tiempo de lectura":"1 minuto"},"schema":{"@context":"https:\/\/schema.org","@graph":[{"@type":"Article","@id":"https:\/\/lavostrallar.com\/noticias\/ca\/talleres-de-baile-en-clot\/#article","isPartOf":{"@id":"https:\/\/lavostrallar.com\/noticias\/ca\/talleres-de-baile-en-clot\/"},"author":{"name":"clot","@id":"https:\/\/lavostrallar.com\/noticias\/#\/schema\/person\/2511dfae685f7be889a50167b3d88a38"},"headline":"Talleres de baile en la residencia de ancianos Clot","datePublished":"2023-04-24T14:13:09+00:00","dateModified":"2023-05-09T08:48:38+00:00","mainEntityOfPage":{"@id":"https:\/\/lavostrallar.com\/noticias\/ca\/talleres-de-baile-en-clot\/"},"wordCount":248,"publisher":{"@id":"https:\/\/lavostrallar.com\/noticias\/#organization"},"image":{"@id":"https:\/\/lavostrallar.com\/noticias\/ca\/talleres-de-baile-en-clot\/#primaryimage"},"thumbnailUrl":"https:\/\/lavostrallar.com\/noticias\/wp-content\/uploads\/2023\/04\/IMG-20230308-WA0166.jpg","keywords":["Actividades para mayores","baile","Residencias de ancianos","Talleres"],"articleSection":["Noticias Clot"],"inLanguage":"es"},{"@type":"WebPage","@id":"https:\/\/lavostrallar.com\/noticias\/ca\/talleres-de-baile-en-clot\/","url":"https:\/\/lavostrallar.com\/noticias\/ca\/talleres-de-baile-en-clot\/","name":"Talleres de baile en la residencia de ancianos Clot - Noticias La Vostra Llar","isPartOf":{"@id":"https:\/\/lavostrallar.com\/noticias\/#website"},"primaryImageOfPage":{"@id":"https:\/\/lavostrallar.com\/noticias\/ca\/talleres-de-baile-en-clot\/#primaryimage"},"image":{"@id":"https:\/\/lavostrallar.com\/noticias\/ca\/talleres-de-baile-en-clot\/#primaryimage"},"thumbnailUrl":"https:\/\/lavostrallar.com\/noticias\/wp-content\/uploads\/2023\/04\/IMG-20230308-WA0166.jpg","datePublished":"2023-04-24T14:13:09+00:00","dateModified":"2023-05-09T08:48:38+00:00","description":"Bailar otorga a los residentes un sinf\u00edn de beneficios tanto cognitivos y funcionales, como emocionales y sociales","breadcrumb":{"@id":"https:\/\/lavostrallar.com\/noticias\/ca\/talleres-de-baile-en-clot\/#breadcrumb"},"inLanguage":"es","potentialAction":[{"@type":"ReadAction","target":["https:\/\/lavostrallar.com\/noticias\/ca\/talleres-de-baile-en-clot\/"]}]},{"@type":"ImageObject","inLanguage":"es","@id":"https:\/\/lavostrallar.com\/noticias\/ca\/talleres-de-baile-en-clot\/#primaryimage","url":"https:\/\/lavostrallar.com\/noticias\/wp-content\/uploads\/2023\/04\/IMG-20230308-WA0166.jpg","contentUrl":"https:\/\/lavostrallar.com\/noticias\/wp-content\/uploads\/2023\/04\/IMG-20230308-WA0166.jpg","width":2048,"height":1536,"caption":"baile en residencia de ancianos"},{"@type":"BreadcrumbList","@id":"https:\/\/lavostrallar.com\/noticias\/ca\/talleres-de-baile-en-clot\/#breadcrumb","itemListElement":[{"@type":"ListItem","position":1,"name":"Portada","item":"https:\/\/lavostrallar.com\/noticias\/"},{"@type":"ListItem","position":2,"name":"Talleres de baile en la residencia de ancianos Clot"}]},{"@type":"WebSite","@id":"https:\/\/lavostrallar.com\/noticias\/#website","url":"https:\/\/lavostrallar.com\/noticias\/","name":"La Vostra Llar","description":"La Vostra Llar gestiona resid\u00e8ncies geri\u00e0triques des de 1987 amb la missi\u00f3 d\u2019oferir assist\u00e8ncia personalitzada per estimular, acollir i atendre les persones grans amb qualsevol grau de depend\u00e8ncia.","publisher":{"@id":"https:\/\/lavostrallar.com\/noticias\/#organization"},"potentialAction":[{"@type":"SearchAction","target":{"@type":"EntryPoint","urlTemplate":"https:\/\/lavostrallar.com\/noticias\/?s={search_term_string}"},"query-input":{"@type":"PropertyValueSpecification","valueRequired":true,"valueName":"search_term_string"}}],"inLanguage":"es"},{"@type":"Organization","@id":"https:\/\/lavostrallar.com\/noticias\/#organization","name":"La Vostra Llar","url":"https:\/\/lavostrallar.com\/noticias\/","logo":{"@type":"ImageObject","inLanguage":"es","@id":"https:\/\/lavostrallar.com\/noticias\/#\/schema\/logo\/image\/","url":"https:\/\/lavostrallar.com\/noticias\/wp-content\/uploads\/2021\/12\/logo_lavostrallar.png","contentUrl":"https:\/\/lavostrallar.com\/noticias\/wp-content\/uploads\/2021\/12\/logo_lavostrallar.png","width":217,"height":109,"caption":"La Vostra Llar"},"image":{"@id":"https:\/\/lavostrallar.com\/noticias\/#\/schema\/logo\/image\/"},"sameAs":["https:\/\/www.facebook.com\/lavostra.llar","https:\/\/x.com\/lavostrallar","https:\/\/www.instagram.com\/lavostrallar\/"]},{"@type":"Person","@id":"https:\/\/lavostrallar.com\/noticias\/#\/schema\/person\/2511dfae685f7be889a50167b3d88a38","name":"clot","image":{"@type":"ImageObject","inLanguage":"es","@id":"https:\/\/lavostrallar.com\/noticias\/#\/schema\/person\/image\/","url":"https:\/\/secure.gravatar.com\/avatar\/3c1df0739940f5c4c6ddbf0cbaa0c04d540ea3f04119bc2b24c94557acb1067c?s=96&d=mm&r=g","contentUrl":"https:\/\/secure.gravatar.com\/avatar\/3c1df0739940f5c4c6ddbf0cbaa0c04d540ea3f04119bc2b24c94557acb1067c?s=96&d=mm&r=g","caption":"clot"},"url":"https:\/\/lavostrallar.com\/noticias\/author\/lavostrallar-clot\/"}]}},"_links":{"self":[{"href":"https:\/\/lavostrallar.com\/noticias\/wp-json\/wp\/v2\/posts\/24712","targetHints":{"allow":["GET"]}}],"collection":[{"href":"https:\/\/lavostrallar.com\/noticias\/wp-json\/wp\/v2\/posts"}],"about":[{"href":"https:\/\/lavostrallar.com\/noticias\/wp-json\/wp\/v2\/types\/post"}],"author":[{"embeddable":true,"href":"https:\/\/lavostrallar.com\/noticias\/wp-json\/wp\/v2\/users\/15"}],"replies":[{"embeddable":true,"href":"https:\/\/lavostrallar.com\/noticias\/wp-json\/wp\/v2\/comments?post=24712"}],"version-history":[{"count":3,"href":"https:\/\/lavostrallar.com\/noticias\/wp-json\/wp\/v2\/posts\/24712\/revisions"}],"predecessor-version":[{"id":24843,"href":"https:\/\/lavostrallar.com\/noticias\/wp-json\/wp\/v2\/posts\/24712\/revisions\/24843"}],"wp:featuredmedia":[{"embeddable":true,"href":"https:\/\/lavostrallar.com\/noticias\/wp-json\/wp\/v2\/media\/24713"}],"wp:attachment":[{"href":"https:\/\/lavostrallar.com\/noticias\/wp-json\/wp\/v2\/media?parent=24712"}],"wp:term":[{"taxonomy":"category","embeddable":true,"href":"https:\/\/lavostrallar.com\/noticias\/wp-json\/wp\/v2\/categories?post=24712"},{"taxonomy":"post_tag","embeddable":true,"href":"https:\/\/lavostrallar.com\/noticias\/wp-json\/wp\/v2\/tags?post=24712"}],"curies":[{"name":"wp","href":"https:\/\/api.w.org\/{rel}","templated":true}]}}