	{"id":24740,"date":"2023-04-26T08:43:42","date_gmt":"2023-04-26T08:43:42","guid":{"rendered":"https:\/\/lavostrallar.com\/?p=24740"},"modified":"2023-05-18T07:59:39","modified_gmt":"2023-05-18T07:59:39","slug":"mayo-de-sabores","status":"publish","type":"post","link":"https:\/\/lavostrallar.com\/noticias\/mayo-de-sabores\/","title":{"rendered":"Mayo de sabores en la residencia de ancianos Blanes"},"content":{"rendered":"\n<p>Casi sin darnos cuenta, le decimos adi\u00f3s al mes de abril y nos centramos en mayo: el mes de las flores, el mes del color y de los sabores.<\/p>\n\n\n\n<p>Y, como hablamos de sabores, para empezar bien el mes, el jueves 4 celebraremos el tradicional \u201cMen\u00fa de l\u2019avi\u201d. En esta ocasi\u00f3n, consistir\u00e1 en un primer plato de mel\u00f3n con jam\u00f3n; de segundo, degustaremos un delicioso lomo con ciruelas y, para dejarnos un buen sabor de boca final, un postre consistente, arroz con leche.<\/p>\n\n\n\n<h2 class=\"wp-block-heading has-medium-font-size\">Actividades en la residencia de ancianos <\/h2>\n\n\n\n<p>Seguimos hablando de sabores y hay que destacar que, a mediados de mes, celebraremos nuestra \u201cPaellada popular\u201d. Una empresa externa de catering vendr\u00e1 a prepararnos una deliciosa paella para que todos los residentes puedan disfrutar de este plato tan tradicional.<\/p>\n\n\n\n<p>Y, para terminar el mes con m\u00e1s sabor, el jueves 25 celebraremos los cumplea\u00f1os de todos los residentes nacidos a lo largo de mayo.<\/p>\n\n\n\n<p>Pero, como no todo pueden ser fiestas gastron\u00f3micas, cada mi\u00e9rcoles moveremos el esqueleto con las sesiones de <a href=\"http:\/\/artransforma.org\/art\/projecte\/musica-per-loblit-residencies-per-a-gent-gran\/\" target=\"_blank\" rel=\"noreferrer noopener\">\u201cM\u00fasica i dansa per l\u2019oblit\u201d<\/a> y, de forma quincenal, nuestros mayores disfrutar\u00e1n con las sesiones de terapia asistida con animales.<\/p>\n\n\n\n<p>Ahora que ha llegado el buen tiempo, tenemos que relacionarnos con el entorno y disfrutar del ambiente de Blanes, pasear por sus calles, visitar sus tiendas, mercados y playas. Por eso, en La Vostra Llar Blanes realizamos nuestras salidas terap\u00e9uticas dos veces por semana.<\/p>\n\n\n\n<p>Y, para los usuarios que prefieren quedarse en el centro, gracias a nuestro equipo t\u00e9cnico, disfrutar\u00e1n de sesiones de gimnasia en grupo, sesiones de estimulaci\u00f3n sensorial y cognitiva y actividades de juegos de mesa y manualidades. <\/p>\n\n\n\n<p>\u00a1As\u00ed pues, mayo viene cargado de actividades y emociones!<\/p>\n\n\n\n<h3 class=\"wp-block-heading\">\u00a1Residencias de ancianos La Vostra Llar les desea un feliz mes! <\/h3>\n","protected":false},"excerpt":{"rendered":"<p>Casi sin darnos cuenta, le decimos adi\u00f3s al mes de abril y nos centramos en mayo: el mes de las flores, el mes del color y de los sabores. Y, como hablamos de sabores, para empezar bien el mes, el jueves 4 celebraremos el tradicional \u201cMen\u00fa de l\u2019avi\u201d. En esta ocasi\u00f3n, consistir\u00e1 en un primer [&hellip;]<\/p>\n","protected":false},"author":4,"featured_media":24742,"comment_status":"closed","ping_status":"closed","sticky":false,"template":"","format":"standard","meta":{"content-type":"","footnotes":""},"categories":[11],"tags":[69,9,64],"class_list":["post-24740","post","type-post","status-publish","format-standard","has-post-thumbnail","hentry","category-noticias-blanes","tag-actividades-para-mayores","tag-residencias-de-ancianos","tag-talleres"],"yoast_head":"<!-- This site is optimized with the Yoast SEO plugin v26.0 - https:\/\/yoast.com\/wordpress\/plugins\/seo\/ -->\n<title>Mayo de sabores en la residencia de ancianos Blanes - Noticias La Vostra Llar<\/title>\n<meta name=\"description\" content=\"Casi sin darnos cuenta, le decimos adi\u00f3s al mes de abril y nos centramos en mayo: el mes de las flores, el mes del color y de los sabores.\" \/>\n<meta name=\"robots\" content=\"index, follow, max-snippet:-1, max-image-preview:large, max-video-preview:-1\" \/>\n<link rel=\"canonical\" href=\"https:\/\/lavostrallar.com\/noticias\/mayo-de-sabores\/\" \/>\n<meta property=\"og:locale\" content=\"es_ES\" \/>\n<meta property=\"og:type\" content=\"article\" \/>\n<meta property=\"og:title\" content=\"Mayo de sabores en la residencia de ancianos Blanes - Noticias La Vostra Llar\" \/>\n<meta property=\"og:description\" content=\"Casi sin darnos cuenta, le decimos adi\u00f3s al mes de abril y nos centramos en mayo: el mes de las flores, el mes del color y de los sabores.\" \/>\n<meta property=\"og:url\" content=\"https:\/\/lavostrallar.com\/noticias\/mayo-de-sabores\/\" \/>\n<meta property=\"og:site_name\" content=\"Noticias La Vostra Llar\" \/>\n<meta property=\"article:publisher\" content=\"https:\/\/www.facebook.com\/lavostra.llar\" \/>\n<meta property=\"article:published_time\" content=\"2023-04-26T08:43:42+00:00\" \/>\n<meta property=\"article:modified_time\" content=\"2023-05-18T07:59:39+00:00\" \/>\n<meta property=\"og:image\" content=\"https:\/\/lavostrallar.com\/noticias\/wp-content\/uploads\/2023\/04\/IMG-20220601-WA0012.jpg\" \/>\n\t<meta property=\"og:image:width\" content=\"1024\" \/>\n\t<meta property=\"og:image:height\" content=\"768\" \/>\n\t<meta property=\"og:image:type\" content=\"image\/jpeg\" \/>\n<meta name=\"author\" content=\"lavostrallar Blanes\" \/>\n<meta name=\"twitter:card\" content=\"summary_large_image\" \/>\n<meta name=\"twitter:creator\" content=\"@lavostrallar\" \/>\n<meta name=\"twitter:site\" content=\"@lavostrallar\" \/>\n<meta name=\"twitter:label1\" content=\"Escrito por\" \/>\n\t<meta name=\"twitter:data1\" content=\"lavostrallar Blanes\" \/>\n\t<meta name=\"twitter:label2\" content=\"Tiempo de lectura\" \/>\n\t<meta name=\"twitter:data2\" content=\"2 minutos\" \/>\n<script type=\"application\/ld+json\" class=\"yoast-schema-graph\">{\"@context\":\"https:\/\/schema.org\",\"@graph\":[{\"@type\":\"Article\",\"@id\":\"https:\/\/lavostrallar.com\/noticias\/mayo-de-sabores\/#article\",\"isPartOf\":{\"@id\":\"https:\/\/lavostrallar.com\/noticias\/mayo-de-sabores\/\"},\"author\":{\"name\":\"lavostrallar Blanes\",\"@id\":\"https:\/\/lavostrallar.com\/noticias\/#\/schema\/person\/faa2ed5e18c27633ee59a862ba0ca7c0\"},\"headline\":\"Mayo de sabores en la residencia de ancianos Blanes\",\"datePublished\":\"2023-04-26T08:43:42+00:00\",\"dateModified\":\"2023-05-18T07:59:39+00:00\",\"mainEntityOfPage\":{\"@id\":\"https:\/\/lavostrallar.com\/noticias\/mayo-de-sabores\/\"},\"wordCount\":313,\"publisher\":{\"@id\":\"https:\/\/lavostrallar.com\/noticias\/#organization\"},\"image\":{\"@id\":\"https:\/\/lavostrallar.com\/noticias\/mayo-de-sabores\/#primaryimage\"},\"thumbnailUrl\":\"https:\/\/lavostrallar.com\/noticias\/wp-content\/uploads\/2023\/04\/IMG-20220601-WA0012.jpg\",\"keywords\":[\"Actividades para mayores\",\"Residencias de ancianos\",\"Talleres\"],\"articleSection\":[\"Noticias Blanes\"],\"inLanguage\":\"es\"},{\"@type\":\"WebPage\",\"@id\":\"https:\/\/lavostrallar.com\/noticias\/mayo-de-sabores\/\",\"url\":\"https:\/\/lavostrallar.com\/noticias\/mayo-de-sabores\/\",\"name\":\"Mayo de sabores en la residencia de ancianos Blanes - Noticias La Vostra Llar\",\"isPartOf\":{\"@id\":\"https:\/\/lavostrallar.com\/noticias\/#website\"},\"primaryImageOfPage\":{\"@id\":\"https:\/\/lavostrallar.com\/noticias\/mayo-de-sabores\/#primaryimage\"},\"image\":{\"@id\":\"https:\/\/lavostrallar.com\/noticias\/mayo-de-sabores\/#primaryimage\"},\"thumbnailUrl\":\"https:\/\/lavostrallar.com\/noticias\/wp-content\/uploads\/2023\/04\/IMG-20220601-WA0012.jpg\",\"datePublished\":\"2023-04-26T08:43:42+00:00\",\"dateModified\":\"2023-05-18T07:59:39+00:00\",\"description\":\"Casi sin darnos cuenta, le decimos adi\u00f3s al mes de abril y nos centramos en mayo: el mes de las flores, el mes del color y de los sabores.\",\"breadcrumb\":{\"@id\":\"https:\/\/lavostrallar.com\/noticias\/mayo-de-sabores\/#breadcrumb\"},\"inLanguage\":\"es\",\"potentialAction\":[{\"@type\":\"ReadAction\",\"target\":[\"https:\/\/lavostrallar.com\/noticias\/mayo-de-sabores\/\"]}]},{\"@type\":\"ImageObject\",\"inLanguage\":\"es\",\"@id\":\"https:\/\/lavostrallar.com\/noticias\/mayo-de-sabores\/#primaryimage\",\"url\":\"https:\/\/lavostrallar.com\/noticias\/wp-content\/uploads\/2023\/04\/IMG-20220601-WA0012.jpg\",\"contentUrl\":\"https:\/\/lavostrallar.com\/noticias\/wp-content\/uploads\/2023\/04\/IMG-20220601-WA0012.jpg\",\"width\":1024,\"height\":768,\"caption\":\"residencia de ancianos\"},{\"@type\":\"BreadcrumbList\",\"@id\":\"https:\/\/lavostrallar.com\/noticias\/mayo-de-sabores\/#breadcrumb\",\"itemListElement\":[{\"@type\":\"ListItem\",\"position\":1,\"name\":\"Portada\",\"item\":\"https:\/\/lavostrallar.com\/noticias\/\"},{\"@type\":\"ListItem\",\"position\":2,\"name\":\"Mayo de sabores en la residencia de ancianos Blanes\"}]},{\"@type\":\"WebSite\",\"@id\":\"https:\/\/lavostrallar.com\/noticias\/#website\",\"url\":\"https:\/\/lavostrallar.com\/noticias\/\",\"name\":\"La Vostra Llar\",\"description\":\"La Vostra Llar gestiona resid\u00e8ncies geri\u00e0triques des de 1987 amb la missi\u00f3 d\u2019oferir assist\u00e8ncia personalitzada per estimular, acollir i atendre les persones grans amb qualsevol grau de depend\u00e8ncia.\",\"publisher\":{\"@id\":\"https:\/\/lavostrallar.com\/noticias\/#organization\"},\"potentialAction\":[{\"@type\":\"SearchAction\",\"target\":{\"@type\":\"EntryPoint\",\"urlTemplate\":\"https:\/\/lavostrallar.com\/noticias\/?s={search_term_string}\"},\"query-input\":{\"@type\":\"PropertyValueSpecification\",\"valueRequired\":true,\"valueName\":\"search_term_string\"}}],\"inLanguage\":\"es\"},{\"@type\":\"Organization\",\"@id\":\"https:\/\/lavostrallar.com\/noticias\/#organization\",\"name\":\"La Vostra Llar\",\"url\":\"https:\/\/lavostrallar.com\/noticias\/\",\"logo\":{\"@type\":\"ImageObject\",\"inLanguage\":\"es\",\"@id\":\"https:\/\/lavostrallar.com\/noticias\/#\/schema\/logo\/image\/\",\"url\":\"https:\/\/lavostrallar.com\/noticias\/wp-content\/uploads\/2021\/12\/logo_lavostrallar.png\",\"contentUrl\":\"https:\/\/lavostrallar.com\/noticias\/wp-content\/uploads\/2021\/12\/logo_lavostrallar.png\",\"width\":217,\"height\":109,\"caption\":\"La Vostra Llar\"},\"image\":{\"@id\":\"https:\/\/lavostrallar.com\/noticias\/#\/schema\/logo\/image\/\"},\"sameAs\":[\"https:\/\/www.facebook.com\/lavostra.llar\",\"https:\/\/x.com\/lavostrallar\",\"https:\/\/www.instagram.com\/lavostrallar\/\"]},{\"@type\":\"Person\",\"@id\":\"https:\/\/lavostrallar.com\/noticias\/#\/schema\/person\/faa2ed5e18c27633ee59a862ba0ca7c0\",\"name\":\"lavostrallar Blanes\",\"image\":{\"@type\":\"ImageObject\",\"inLanguage\":\"es\",\"@id\":\"https:\/\/lavostrallar.com\/noticias\/#\/schema\/person\/image\/\",\"url\":\"https:\/\/secure.gravatar.com\/avatar\/72a9e8292322b6e7eca2acfd4fd6c47d5d31f9ffcd036b279c49d697e3664fc3?s=96&d=mm&r=g\",\"contentUrl\":\"https:\/\/secure.gravatar.com\/avatar\/72a9e8292322b6e7eca2acfd4fd6c47d5d31f9ffcd036b279c49d697e3664fc3?s=96&d=mm&r=g\",\"caption\":\"lavostrallar Blanes\"},\"sameAs\":[\"lavostrallar\"],\"url\":\"https:\/\/lavostrallar.com\/noticias\/author\/lavostrallar-blanes\/\"}]}<\/script>\n<!-- \/ Yoast SEO plugin. -->","yoast_head_json":{"title":"Mayo de sabores en la residencia de ancianos Blanes - Noticias La Vostra Llar","description":"Casi sin darnos cuenta, le decimos adi\u00f3s al mes de abril y nos centramos en mayo: el mes de las flores, el mes del color y de los sabores.","robots":{"index":"index","follow":"follow","max-snippet":"max-snippet:-1","max-image-preview":"max-image-preview:large","max-video-preview":"max-video-preview:-1"},"canonical":"https:\/\/lavostrallar.com\/noticias\/mayo-de-sabores\/","og_locale":"es_ES","og_type":"article","og_title":"Mayo de sabores en la residencia de ancianos Blanes - Noticias La Vostra Llar","og_description":"Casi sin darnos cuenta, le decimos adi\u00f3s al mes de abril y nos centramos en mayo: el mes de las flores, el mes del color y de los sabores.","og_url":"https:\/\/lavostrallar.com\/noticias\/mayo-de-sabores\/","og_site_name":"Noticias La Vostra Llar","article_publisher":"https:\/\/www.facebook.com\/lavostra.llar","article_published_time":"2023-04-26T08:43:42+00:00","article_modified_time":"2023-05-18T07:59:39+00:00","og_image":[{"width":1024,"height":768,"url":"https:\/\/lavostrallar.com\/noticias\/wp-content\/uploads\/2023\/04\/IMG-20220601-WA0012.jpg","type":"image\/jpeg"}],"author":"lavostrallar Blanes","twitter_card":"summary_large_image","twitter_creator":"@lavostrallar","twitter_site":"@lavostrallar","twitter_misc":{"Escrito por":"lavostrallar Blanes","Tiempo de lectura":"2 minutos"},"schema":{"@context":"https:\/\/schema.org","@graph":[{"@type":"Article","@id":"https:\/\/lavostrallar.com\/noticias\/mayo-de-sabores\/#article","isPartOf":{"@id":"https:\/\/lavostrallar.com\/noticias\/mayo-de-sabores\/"},"author":{"name":"lavostrallar Blanes","@id":"https:\/\/lavostrallar.com\/noticias\/#\/schema\/person\/faa2ed5e18c27633ee59a862ba0ca7c0"},"headline":"Mayo de sabores en la residencia de ancianos Blanes","datePublished":"2023-04-26T08:43:42+00:00","dateModified":"2023-05-18T07:59:39+00:00","mainEntityOfPage":{"@id":"https:\/\/lavostrallar.com\/noticias\/mayo-de-sabores\/"},"wordCount":313,"publisher":{"@id":"https:\/\/lavostrallar.com\/noticias\/#organization"},"image":{"@id":"https:\/\/lavostrallar.com\/noticias\/mayo-de-sabores\/#primaryimage"},"thumbnailUrl":"https:\/\/lavostrallar.com\/noticias\/wp-content\/uploads\/2023\/04\/IMG-20220601-WA0012.jpg","keywords":["Actividades para mayores","Residencias de ancianos","Talleres"],"articleSection":["Noticias Blanes"],"inLanguage":"es"},{"@type":"WebPage","@id":"https:\/\/lavostrallar.com\/noticias\/mayo-de-sabores\/","url":"https:\/\/lavostrallar.com\/noticias\/mayo-de-sabores\/","name":"Mayo de sabores en la residencia de ancianos Blanes - Noticias La Vostra Llar","isPartOf":{"@id":"https:\/\/lavostrallar.com\/noticias\/#website"},"primaryImageOfPage":{"@id":"https:\/\/lavostrallar.com\/noticias\/mayo-de-sabores\/#primaryimage"},"image":{"@id":"https:\/\/lavostrallar.com\/noticias\/mayo-de-sabores\/#primaryimage"},"thumbnailUrl":"https:\/\/lavostrallar.com\/noticias\/wp-content\/uploads\/2023\/04\/IMG-20220601-WA0012.jpg","datePublished":"2023-04-26T08:43:42+00:00","dateModified":"2023-05-18T07:59:39+00:00","description":"Casi sin darnos cuenta, le decimos adi\u00f3s al mes de abril y nos centramos en mayo: el mes de las flores, el mes del color y de los sabores.","breadcrumb":{"@id":"https:\/\/lavostrallar.com\/noticias\/mayo-de-sabores\/#breadcrumb"},"inLanguage":"es","potentialAction":[{"@type":"ReadAction","target":["https:\/\/lavostrallar.com\/noticias\/mayo-de-sabores\/"]}]},{"@type":"ImageObject","inLanguage":"es","@id":"https:\/\/lavostrallar.com\/noticias\/mayo-de-sabores\/#primaryimage","url":"https:\/\/lavostrallar.com\/noticias\/wp-content\/uploads\/2023\/04\/IMG-20220601-WA0012.jpg","contentUrl":"https:\/\/lavostrallar.com\/noticias\/wp-content\/uploads\/2023\/04\/IMG-20220601-WA0012.jpg","width":1024,"height":768,"caption":"residencia de ancianos"},{"@type":"BreadcrumbList","@id":"https:\/\/lavostrallar.com\/noticias\/mayo-de-sabores\/#breadcrumb","itemListElement":[{"@type":"ListItem","position":1,"name":"Portada","item":"https:\/\/lavostrallar.com\/noticias\/"},{"@type":"ListItem","position":2,"name":"Mayo de sabores en la residencia de ancianos Blanes"}]},{"@type":"WebSite","@id":"https:\/\/lavostrallar.com\/noticias\/#website","url":"https:\/\/lavostrallar.com\/noticias\/","name":"La Vostra Llar","description":"La Vostra Llar gestiona resid\u00e8ncies geri\u00e0triques des de 1987 amb la missi\u00f3 d\u2019oferir assist\u00e8ncia personalitzada per estimular, acollir i atendre les persones grans amb qualsevol grau de depend\u00e8ncia.","publisher":{"@id":"https:\/\/lavostrallar.com\/noticias\/#organization"},"potentialAction":[{"@type":"SearchAction","target":{"@type":"EntryPoint","urlTemplate":"https:\/\/lavostrallar.com\/noticias\/?s={search_term_string}"},"query-input":{"@type":"PropertyValueSpecification","valueRequired":true,"valueName":"search_term_string"}}],"inLanguage":"es"},{"@type":"Organization","@id":"https:\/\/lavostrallar.com\/noticias\/#organization","name":"La Vostra Llar","url":"https:\/\/lavostrallar.com\/noticias\/","logo":{"@type":"ImageObject","inLanguage":"es","@id":"https:\/\/lavostrallar.com\/noticias\/#\/schema\/logo\/image\/","url":"https:\/\/lavostrallar.com\/noticias\/wp-content\/uploads\/2021\/12\/logo_lavostrallar.png","contentUrl":"https:\/\/lavostrallar.com\/noticias\/wp-content\/uploads\/2021\/12\/logo_lavostrallar.png","width":217,"height":109,"caption":"La Vostra Llar"},"image":{"@id":"https:\/\/lavostrallar.com\/noticias\/#\/schema\/logo\/image\/"},"sameAs":["https:\/\/www.facebook.com\/lavostra.llar","https:\/\/x.com\/lavostrallar","https:\/\/www.instagram.com\/lavostrallar\/"]},{"@type":"Person","@id":"https:\/\/lavostrallar.com\/noticias\/#\/schema\/person\/faa2ed5e18c27633ee59a862ba0ca7c0","name":"lavostrallar Blanes","image":{"@type":"ImageObject","inLanguage":"es","@id":"https:\/\/lavostrallar.com\/noticias\/#\/schema\/person\/image\/","url":"https:\/\/secure.gravatar.com\/avatar\/72a9e8292322b6e7eca2acfd4fd6c47d5d31f9ffcd036b279c49d697e3664fc3?s=96&d=mm&r=g","contentUrl":"https:\/\/secure.gravatar.com\/avatar\/72a9e8292322b6e7eca2acfd4fd6c47d5d31f9ffcd036b279c49d697e3664fc3?s=96&d=mm&r=g","caption":"lavostrallar Blanes"},"sameAs":["lavostrallar"],"url":"https:\/\/lavostrallar.com\/noticias\/author\/lavostrallar-blanes\/"}]}},"_links":{"self":[{"href":"https:\/\/lavostrallar.com\/noticias\/wp-json\/wp\/v2\/posts\/24740","targetHints":{"allow":["GET"]}}],"collection":[{"href":"https:\/\/lavostrallar.com\/noticias\/wp-json\/wp\/v2\/posts"}],"about":[{"href":"https:\/\/lavostrallar.com\/noticias\/wp-json\/wp\/v2\/types\/post"}],"author":[{"embeddable":true,"href":"https:\/\/lavostrallar.com\/noticias\/wp-json\/wp\/v2\/users\/4"}],"replies":[{"embeddable":true,"href":"https:\/\/lavostrallar.com\/noticias\/wp-json\/wp\/v2\/comments?post=24740"}],"version-history":[{"count":4,"href":"https:\/\/lavostrallar.com\/noticias\/wp-json\/wp\/v2\/posts\/24740\/revisions"}],"predecessor-version":[{"id":24934,"href":"https:\/\/lavostrallar.com\/noticias\/wp-json\/wp\/v2\/posts\/24740\/revisions\/24934"}],"wp:featuredmedia":[{"embeddable":true,"href":"https:\/\/lavostrallar.com\/noticias\/wp-json\/wp\/v2\/media\/24742"}],"wp:attachment":[{"href":"https:\/\/lavostrallar.com\/noticias\/wp-json\/wp\/v2\/media?parent=24740"}],"wp:term":[{"taxonomy":"category","embeddable":true,"href":"https:\/\/lavostrallar.com\/noticias\/wp-json\/wp\/v2\/categories?post=24740"},{"taxonomy":"post_tag","embeddable":true,"href":"https:\/\/lavostrallar.com\/noticias\/wp-json\/wp\/v2\/tags?post=24740"}],"curies":[{"name":"wp","href":"https:\/\/api.w.org\/{rel}","templated":true}]}}