	{"id":24741,"date":"2023-04-26T09:20:37","date_gmt":"2023-04-26T09:20:37","guid":{"rendered":"https:\/\/lavostrallar.com\/?p=24741"},"modified":"2023-05-18T08:29:37","modified_gmt":"2023-05-18T08:29:37","slug":"este-mayo-quitate-el-sayo","status":"publish","type":"post","link":"https:\/\/lavostrallar.com\/noticias\/este-mayo-quitate-el-sayo\/","title":{"rendered":"Este mayo nos quitamos el sayo en la residencia Rambla"},"content":{"rendered":"\n<p>\u00a1Con el calor y el mes de mayo llegan las actividades en el exterior!<\/p>\n\n\n\n<p>Este mes volvemos a reencontrarnos con los paseos terap\u00e9uticos. Nuestros residentes han decidido irse a desayunar a una cafeter\u00eda con el dinero que han recaudado con sus manualidades en el puesto solidario de Sant Jordi. \u00a1Qu\u00e9 ilusi\u00f3n!<\/p>\n\n\n\n<p>Adem\u00e1s, la terraza de nuestro<a href=\"https:\/\/lavostrallar.com\/residencia-la-rambla\/\"> centro residencial La Rambla<\/a> va cogiendo forma\u2026 Ya hemos cultivado verduras, hortalizas, legumbres, etc., hemos plantado plantas arom\u00e1ticas y estamos organizando el espacio para hacerlo lo m\u00e1s agradable y fresco posible para todos. \u00a1Los y las residentes no pueden estar m\u00e1s contentos!<\/p>\n\n\n\n<h2 class=\"wp-block-heading has-medium-font-size\">M\u00e1s actividades en la residencia<\/h2>\n\n\n\n<p>Tambi\u00e9n nos hemos unido al proyecto <a href=\"https:\/\/www.vidasignificativa.org\/vida-significativa\/abriga\/\" target=\"_blank\" rel=\"noreferrer noopener\">Abriga<\/a> con la ONG <a href=\"https:\/\/www.vidasignificativa.org\/\">Vida significativa<\/a> y, con la ayuda del equipo de gerocultores y gerocultoras, nuestros residentes tejer\u00e1n peque\u00f1os cuadros de lana para elaborar mantas y entregarlas a personas en situaciones de vulnerabilidad. <\/p>\n\n\n\n<p>Aparte de estas actividades extraordinarias, seguiremos desarrollando nuestras terapias habituales, como el taller de \u00abM\u00fasica i dansa per l\u2019oblit\u201d de <a href=\"http:\/\/artransforma.org\/art\/\" target=\"_blank\" rel=\"noreferrer noopener\">ARTransforma<\/a> y las sesiones de terapia con perros con los profesionales de <a href=\"https:\/\/www.itcan.cat\/\" target=\"_blank\" rel=\"noreferrer noopener\">ItCan<\/a>. Asimismo, continuaremos con el programa de psicomotricitat grupal de nuestra fisioterapeuta, taller de lenguaje y reminiscencia que lleva a cabo nuestra psic\u00f3loga, estimulaci\u00f3n sensorial con nuestra terapeuta ocupacional y nos divertiremos con todo tipo de juegos de mesa con nuestro equipo de gerocultores. <\/p>\n\n\n\n<p>Por \u00faltimo, la fiesta m\u00e1s esperada de este mes se celebrar\u00e1 el d\u00eda 31. Nos pondremos muy guapos y guapas para disfrutar de la \u00abPaellada popular\u00bb. Saldremos a la terraza para ver c\u00f3mo se cocina, luego nos encargaremos de no dejar un grano y de no parar de bailar y cantar.<\/p>\n\n\n\n<p>Como pod\u00e9is observar nos espera un mes cargado de actividades nuevas y emocionantes, esperamos \u00a1disfrutarlo al m\u00e1ximo!<\/p>\n","protected":false},"excerpt":{"rendered":"<p>\u00a1Con el calor y el mes de mayo llegan las actividades en el exterior! Este mes volvemos a reencontrarnos con los paseos terap\u00e9uticos. Nuestros residentes han decidido irse a desayunar a una cafeter\u00eda con el dinero que han recaudado con sus manualidades en el puesto solidario de Sant Jordi. \u00a1Qu\u00e9 ilusi\u00f3n! Adem\u00e1s, la terraza de [&hellip;]<\/p>\n","protected":false},"author":5,"featured_media":24750,"comment_status":"closed","ping_status":"closed","sticky":false,"template":"","format":"standard","meta":{"content-type":"","footnotes":""},"categories":[12],"tags":[9],"class_list":["post-24741","post","type-post","status-publish","format-standard","has-post-thumbnail","hentry","category-noticias-la-rambla","tag-residencias-de-ancianos"],"yoast_head":"<!-- This site is optimized with the Yoast SEO plugin v26.0 - https:\/\/yoast.com\/wordpress\/plugins\/seo\/ -->\n<title>Este mayo nos quitamos el sayo en la residencia Rambla - Noticias La Vostra Llar<\/title>\n<meta name=\"description\" content=\"\u00a1Con el calor y el mes de mayo llegan las actividades a la residencia en el exterior! Descubre todo lo que har\u00e1n nuestros residentes\" \/>\n<meta name=\"robots\" content=\"index, follow, max-snippet:-1, max-image-preview:large, max-video-preview:-1\" \/>\n<link rel=\"canonical\" href=\"https:\/\/lavostrallar.com\/noticias\/este-mayo-quitate-el-sayo\/\" \/>\n<meta property=\"og:locale\" content=\"es_ES\" \/>\n<meta property=\"og:type\" content=\"article\" \/>\n<meta property=\"og:title\" content=\"Este mayo nos quitamos el sayo en la residencia Rambla - Noticias La Vostra Llar\" \/>\n<meta property=\"og:description\" content=\"\u00a1Con el calor y el mes de mayo llegan las actividades a la residencia en el exterior! Descubre todo lo que har\u00e1n nuestros residentes\" \/>\n<meta property=\"og:url\" content=\"https:\/\/lavostrallar.com\/noticias\/este-mayo-quitate-el-sayo\/\" \/>\n<meta property=\"og:site_name\" content=\"Noticias La Vostra Llar\" \/>\n<meta property=\"article:publisher\" content=\"https:\/\/www.facebook.com\/lavostra.llar\" \/>\n<meta property=\"article:published_time\" content=\"2023-04-26T09:20:37+00:00\" \/>\n<meta property=\"article:modified_time\" content=\"2023-05-18T08:29:37+00:00\" \/>\n<meta property=\"og:image\" content=\"https:\/\/lavostrallar.com\/noticias\/wp-content\/uploads\/2023\/04\/WhatsApp-Image-2023-04-26-at-11.18.01.jpeg\" \/>\n\t<meta property=\"og:image:width\" content=\"1024\" \/>\n\t<meta property=\"og:image:height\" content=\"768\" \/>\n\t<meta property=\"og:image:type\" content=\"image\/jpeg\" \/>\n<meta name=\"author\" content=\"lavostrallar Rambla\" \/>\n<meta name=\"twitter:card\" content=\"summary_large_image\" \/>\n<meta name=\"twitter:creator\" content=\"@lavostrallar\" \/>\n<meta name=\"twitter:site\" content=\"@lavostrallar\" \/>\n<meta name=\"twitter:label1\" content=\"Escrito por\" \/>\n\t<meta name=\"twitter:data1\" content=\"lavostrallar Rambla\" \/>\n\t<meta name=\"twitter:label2\" content=\"Tiempo de lectura\" \/>\n\t<meta name=\"twitter:data2\" content=\"2 minutos\" \/>\n<script type=\"application\/ld+json\" class=\"yoast-schema-graph\">{\"@context\":\"https:\/\/schema.org\",\"@graph\":[{\"@type\":\"Article\",\"@id\":\"https:\/\/lavostrallar.com\/noticias\/este-mayo-quitate-el-sayo\/#article\",\"isPartOf\":{\"@id\":\"https:\/\/lavostrallar.com\/noticias\/este-mayo-quitate-el-sayo\/\"},\"author\":{\"name\":\"lavostrallar Rambla\",\"@id\":\"https:\/\/lavostrallar.com\/noticias\/#\/schema\/person\/e7a8b7599f23edb613503af58209a509\"},\"headline\":\"Este mayo nos quitamos el sayo en la residencia Rambla\",\"datePublished\":\"2023-04-26T09:20:37+00:00\",\"dateModified\":\"2023-05-18T08:29:37+00:00\",\"mainEntityOfPage\":{\"@id\":\"https:\/\/lavostrallar.com\/noticias\/este-mayo-quitate-el-sayo\/\"},\"wordCount\":316,\"publisher\":{\"@id\":\"https:\/\/lavostrallar.com\/noticias\/#organization\"},\"image\":{\"@id\":\"https:\/\/lavostrallar.com\/noticias\/este-mayo-quitate-el-sayo\/#primaryimage\"},\"thumbnailUrl\":\"https:\/\/lavostrallar.com\/noticias\/wp-content\/uploads\/2023\/04\/WhatsApp-Image-2023-04-26-at-11.18.01.jpeg\",\"keywords\":[\"Residencias de ancianos\"],\"articleSection\":[\"Noticias La Rambla\"],\"inLanguage\":\"es\"},{\"@type\":\"WebPage\",\"@id\":\"https:\/\/lavostrallar.com\/noticias\/este-mayo-quitate-el-sayo\/\",\"url\":\"https:\/\/lavostrallar.com\/noticias\/este-mayo-quitate-el-sayo\/\",\"name\":\"Este mayo nos quitamos el sayo en la residencia Rambla - Noticias La Vostra Llar\",\"isPartOf\":{\"@id\":\"https:\/\/lavostrallar.com\/noticias\/#website\"},\"primaryImageOfPage\":{\"@id\":\"https:\/\/lavostrallar.com\/noticias\/este-mayo-quitate-el-sayo\/#primaryimage\"},\"image\":{\"@id\":\"https:\/\/lavostrallar.com\/noticias\/este-mayo-quitate-el-sayo\/#primaryimage\"},\"thumbnailUrl\":\"https:\/\/lavostrallar.com\/noticias\/wp-content\/uploads\/2023\/04\/WhatsApp-Image-2023-04-26-at-11.18.01.jpeg\",\"datePublished\":\"2023-04-26T09:20:37+00:00\",\"dateModified\":\"2023-05-18T08:29:37+00:00\",\"description\":\"\u00a1Con el calor y el mes de mayo llegan las actividades a la residencia en el exterior! Descubre todo lo que har\u00e1n nuestros residentes\",\"breadcrumb\":{\"@id\":\"https:\/\/lavostrallar.com\/noticias\/este-mayo-quitate-el-sayo\/#breadcrumb\"},\"inLanguage\":\"es\",\"potentialAction\":[{\"@type\":\"ReadAction\",\"target\":[\"https:\/\/lavostrallar.com\/noticias\/este-mayo-quitate-el-sayo\/\"]}]},{\"@type\":\"ImageObject\",\"inLanguage\":\"es\",\"@id\":\"https:\/\/lavostrallar.com\/noticias\/este-mayo-quitate-el-sayo\/#primaryimage\",\"url\":\"https:\/\/lavostrallar.com\/noticias\/wp-content\/uploads\/2023\/04\/WhatsApp-Image-2023-04-26-at-11.18.01.jpeg\",\"contentUrl\":\"https:\/\/lavostrallar.com\/noticias\/wp-content\/uploads\/2023\/04\/WhatsApp-Image-2023-04-26-at-11.18.01.jpeg\",\"width\":1024,\"height\":768,\"caption\":\"Residencia de ancianos\"},{\"@type\":\"BreadcrumbList\",\"@id\":\"https:\/\/lavostrallar.com\/noticias\/este-mayo-quitate-el-sayo\/#breadcrumb\",\"itemListElement\":[{\"@type\":\"ListItem\",\"position\":1,\"name\":\"Portada\",\"item\":\"https:\/\/lavostrallar.com\/noticias\/\"},{\"@type\":\"ListItem\",\"position\":2,\"name\":\"Este mayo nos quitamos el sayo en la residencia Rambla\"}]},{\"@type\":\"WebSite\",\"@id\":\"https:\/\/lavostrallar.com\/noticias\/#website\",\"url\":\"https:\/\/lavostrallar.com\/noticias\/\",\"name\":\"La Vostra Llar\",\"description\":\"La Vostra Llar gestiona resid\u00e8ncies geri\u00e0triques des de 1987 amb la missi\u00f3 d\u2019oferir assist\u00e8ncia personalitzada per estimular, acollir i atendre les persones grans amb qualsevol grau de depend\u00e8ncia.\",\"publisher\":{\"@id\":\"https:\/\/lavostrallar.com\/noticias\/#organization\"},\"potentialAction\":[{\"@type\":\"SearchAction\",\"target\":{\"@type\":\"EntryPoint\",\"urlTemplate\":\"https:\/\/lavostrallar.com\/noticias\/?s={search_term_string}\"},\"query-input\":{\"@type\":\"PropertyValueSpecification\",\"valueRequired\":true,\"valueName\":\"search_term_string\"}}],\"inLanguage\":\"es\"},{\"@type\":\"Organization\",\"@id\":\"https:\/\/lavostrallar.com\/noticias\/#organization\",\"name\":\"La Vostra Llar\",\"url\":\"https:\/\/lavostrallar.com\/noticias\/\",\"logo\":{\"@type\":\"ImageObject\",\"inLanguage\":\"es\",\"@id\":\"https:\/\/lavostrallar.com\/noticias\/#\/schema\/logo\/image\/\",\"url\":\"https:\/\/lavostrallar.com\/noticias\/wp-content\/uploads\/2021\/12\/logo_lavostrallar.png\",\"contentUrl\":\"https:\/\/lavostrallar.com\/noticias\/wp-content\/uploads\/2021\/12\/logo_lavostrallar.png\",\"width\":217,\"height\":109,\"caption\":\"La Vostra Llar\"},\"image\":{\"@id\":\"https:\/\/lavostrallar.com\/noticias\/#\/schema\/logo\/image\/\"},\"sameAs\":[\"https:\/\/www.facebook.com\/lavostra.llar\",\"https:\/\/x.com\/lavostrallar\",\"https:\/\/www.instagram.com\/lavostrallar\/\"]},{\"@type\":\"Person\",\"@id\":\"https:\/\/lavostrallar.com\/noticias\/#\/schema\/person\/e7a8b7599f23edb613503af58209a509\",\"name\":\"lavostrallar Rambla\",\"image\":{\"@type\":\"ImageObject\",\"inLanguage\":\"es\",\"@id\":\"https:\/\/lavostrallar.com\/noticias\/#\/schema\/person\/image\/\",\"url\":\"https:\/\/secure.gravatar.com\/avatar\/9b06ea4c316d335cb148157c9fd0f82611221ce9c5bf1b148d018ec1d2bfcf68?s=96&d=mm&r=g\",\"contentUrl\":\"https:\/\/secure.gravatar.com\/avatar\/9b06ea4c316d335cb148157c9fd0f82611221ce9c5bf1b148d018ec1d2bfcf68?s=96&d=mm&r=g\",\"caption\":\"lavostrallar Rambla\"},\"sameAs\":[\"lavostrallar\"],\"url\":\"https:\/\/lavostrallar.com\/noticias\/author\/lavostrallar-rambla\/\"}]}<\/script>\n<!-- \/ Yoast SEO plugin. -->","yoast_head_json":{"title":"Este mayo nos quitamos el sayo en la residencia Rambla - Noticias La Vostra Llar","description":"\u00a1Con el calor y el mes de mayo llegan las actividades a la residencia en el exterior! Descubre todo lo que har\u00e1n nuestros residentes","robots":{"index":"index","follow":"follow","max-snippet":"max-snippet:-1","max-image-preview":"max-image-preview:large","max-video-preview":"max-video-preview:-1"},"canonical":"https:\/\/lavostrallar.com\/noticias\/este-mayo-quitate-el-sayo\/","og_locale":"es_ES","og_type":"article","og_title":"Este mayo nos quitamos el sayo en la residencia Rambla - Noticias La Vostra Llar","og_description":"\u00a1Con el calor y el mes de mayo llegan las actividades a la residencia en el exterior! Descubre todo lo que har\u00e1n nuestros residentes","og_url":"https:\/\/lavostrallar.com\/noticias\/este-mayo-quitate-el-sayo\/","og_site_name":"Noticias La Vostra Llar","article_publisher":"https:\/\/www.facebook.com\/lavostra.llar","article_published_time":"2023-04-26T09:20:37+00:00","article_modified_time":"2023-05-18T08:29:37+00:00","og_image":[{"width":1024,"height":768,"url":"https:\/\/lavostrallar.com\/noticias\/wp-content\/uploads\/2023\/04\/WhatsApp-Image-2023-04-26-at-11.18.01.jpeg","type":"image\/jpeg"}],"author":"lavostrallar Rambla","twitter_card":"summary_large_image","twitter_creator":"@lavostrallar","twitter_site":"@lavostrallar","twitter_misc":{"Escrito por":"lavostrallar Rambla","Tiempo de lectura":"2 minutos"},"schema":{"@context":"https:\/\/schema.org","@graph":[{"@type":"Article","@id":"https:\/\/lavostrallar.com\/noticias\/este-mayo-quitate-el-sayo\/#article","isPartOf":{"@id":"https:\/\/lavostrallar.com\/noticias\/este-mayo-quitate-el-sayo\/"},"author":{"name":"lavostrallar Rambla","@id":"https:\/\/lavostrallar.com\/noticias\/#\/schema\/person\/e7a8b7599f23edb613503af58209a509"},"headline":"Este mayo nos quitamos el sayo en la residencia Rambla","datePublished":"2023-04-26T09:20:37+00:00","dateModified":"2023-05-18T08:29:37+00:00","mainEntityOfPage":{"@id":"https:\/\/lavostrallar.com\/noticias\/este-mayo-quitate-el-sayo\/"},"wordCount":316,"publisher":{"@id":"https:\/\/lavostrallar.com\/noticias\/#organization"},"image":{"@id":"https:\/\/lavostrallar.com\/noticias\/este-mayo-quitate-el-sayo\/#primaryimage"},"thumbnailUrl":"https:\/\/lavostrallar.com\/noticias\/wp-content\/uploads\/2023\/04\/WhatsApp-Image-2023-04-26-at-11.18.01.jpeg","keywords":["Residencias de ancianos"],"articleSection":["Noticias La Rambla"],"inLanguage":"es"},{"@type":"WebPage","@id":"https:\/\/lavostrallar.com\/noticias\/este-mayo-quitate-el-sayo\/","url":"https:\/\/lavostrallar.com\/noticias\/este-mayo-quitate-el-sayo\/","name":"Este mayo nos quitamos el sayo en la residencia Rambla - Noticias La Vostra Llar","isPartOf":{"@id":"https:\/\/lavostrallar.com\/noticias\/#website"},"primaryImageOfPage":{"@id":"https:\/\/lavostrallar.com\/noticias\/este-mayo-quitate-el-sayo\/#primaryimage"},"image":{"@id":"https:\/\/lavostrallar.com\/noticias\/este-mayo-quitate-el-sayo\/#primaryimage"},"thumbnailUrl":"https:\/\/lavostrallar.com\/noticias\/wp-content\/uploads\/2023\/04\/WhatsApp-Image-2023-04-26-at-11.18.01.jpeg","datePublished":"2023-04-26T09:20:37+00:00","dateModified":"2023-05-18T08:29:37+00:00","description":"\u00a1Con el calor y el mes de mayo llegan las actividades a la residencia en el exterior! Descubre todo lo que har\u00e1n nuestros residentes","breadcrumb":{"@id":"https:\/\/lavostrallar.com\/noticias\/este-mayo-quitate-el-sayo\/#breadcrumb"},"inLanguage":"es","potentialAction":[{"@type":"ReadAction","target":["https:\/\/lavostrallar.com\/noticias\/este-mayo-quitate-el-sayo\/"]}]},{"@type":"ImageObject","inLanguage":"es","@id":"https:\/\/lavostrallar.com\/noticias\/este-mayo-quitate-el-sayo\/#primaryimage","url":"https:\/\/lavostrallar.com\/noticias\/wp-content\/uploads\/2023\/04\/WhatsApp-Image-2023-04-26-at-11.18.01.jpeg","contentUrl":"https:\/\/lavostrallar.com\/noticias\/wp-content\/uploads\/2023\/04\/WhatsApp-Image-2023-04-26-at-11.18.01.jpeg","width":1024,"height":768,"caption":"Residencia de ancianos"},{"@type":"BreadcrumbList","@id":"https:\/\/lavostrallar.com\/noticias\/este-mayo-quitate-el-sayo\/#breadcrumb","itemListElement":[{"@type":"ListItem","position":1,"name":"Portada","item":"https:\/\/lavostrallar.com\/noticias\/"},{"@type":"ListItem","position":2,"name":"Este mayo nos quitamos el sayo en la residencia Rambla"}]},{"@type":"WebSite","@id":"https:\/\/lavostrallar.com\/noticias\/#website","url":"https:\/\/lavostrallar.com\/noticias\/","name":"La Vostra Llar","description":"La Vostra Llar gestiona resid\u00e8ncies geri\u00e0triques des de 1987 amb la missi\u00f3 d\u2019oferir assist\u00e8ncia personalitzada per estimular, acollir i atendre les persones grans amb qualsevol grau de depend\u00e8ncia.","publisher":{"@id":"https:\/\/lavostrallar.com\/noticias\/#organization"},"potentialAction":[{"@type":"SearchAction","target":{"@type":"EntryPoint","urlTemplate":"https:\/\/lavostrallar.com\/noticias\/?s={search_term_string}"},"query-input":{"@type":"PropertyValueSpecification","valueRequired":true,"valueName":"search_term_string"}}],"inLanguage":"es"},{"@type":"Organization","@id":"https:\/\/lavostrallar.com\/noticias\/#organization","name":"La Vostra Llar","url":"https:\/\/lavostrallar.com\/noticias\/","logo":{"@type":"ImageObject","inLanguage":"es","@id":"https:\/\/lavostrallar.com\/noticias\/#\/schema\/logo\/image\/","url":"https:\/\/lavostrallar.com\/noticias\/wp-content\/uploads\/2021\/12\/logo_lavostrallar.png","contentUrl":"https:\/\/lavostrallar.com\/noticias\/wp-content\/uploads\/2021\/12\/logo_lavostrallar.png","width":217,"height":109,"caption":"La Vostra Llar"},"image":{"@id":"https:\/\/lavostrallar.com\/noticias\/#\/schema\/logo\/image\/"},"sameAs":["https:\/\/www.facebook.com\/lavostra.llar","https:\/\/x.com\/lavostrallar","https:\/\/www.instagram.com\/lavostrallar\/"]},{"@type":"Person","@id":"https:\/\/lavostrallar.com\/noticias\/#\/schema\/person\/e7a8b7599f23edb613503af58209a509","name":"lavostrallar Rambla","image":{"@type":"ImageObject","inLanguage":"es","@id":"https:\/\/lavostrallar.com\/noticias\/#\/schema\/person\/image\/","url":"https:\/\/secure.gravatar.com\/avatar\/9b06ea4c316d335cb148157c9fd0f82611221ce9c5bf1b148d018ec1d2bfcf68?s=96&d=mm&r=g","contentUrl":"https:\/\/secure.gravatar.com\/avatar\/9b06ea4c316d335cb148157c9fd0f82611221ce9c5bf1b148d018ec1d2bfcf68?s=96&d=mm&r=g","caption":"lavostrallar Rambla"},"sameAs":["lavostrallar"],"url":"https:\/\/lavostrallar.com\/noticias\/author\/lavostrallar-rambla\/"}]}},"_links":{"self":[{"href":"https:\/\/lavostrallar.com\/noticias\/wp-json\/wp\/v2\/posts\/24741","targetHints":{"allow":["GET"]}}],"collection":[{"href":"https:\/\/lavostrallar.com\/noticias\/wp-json\/wp\/v2\/posts"}],"about":[{"href":"https:\/\/lavostrallar.com\/noticias\/wp-json\/wp\/v2\/types\/post"}],"author":[{"embeddable":true,"href":"https:\/\/lavostrallar.com\/noticias\/wp-json\/wp\/v2\/users\/5"}],"replies":[{"embeddable":true,"href":"https:\/\/lavostrallar.com\/noticias\/wp-json\/wp\/v2\/comments?post=24741"}],"version-history":[{"count":4,"href":"https:\/\/lavostrallar.com\/noticias\/wp-json\/wp\/v2\/posts\/24741\/revisions"}],"predecessor-version":[{"id":24938,"href":"https:\/\/lavostrallar.com\/noticias\/wp-json\/wp\/v2\/posts\/24741\/revisions\/24938"}],"wp:featuredmedia":[{"embeddable":true,"href":"https:\/\/lavostrallar.com\/noticias\/wp-json\/wp\/v2\/media\/24750"}],"wp:attachment":[{"href":"https:\/\/lavostrallar.com\/noticias\/wp-json\/wp\/v2\/media?parent=24741"}],"wp:term":[{"taxonomy":"category","embeddable":true,"href":"https:\/\/lavostrallar.com\/noticias\/wp-json\/wp\/v2\/categories?post=24741"},{"taxonomy":"post_tag","embeddable":true,"href":"https:\/\/lavostrallar.com\/noticias\/wp-json\/wp\/v2\/tags?post=24741"}],"curies":[{"name":"wp","href":"https:\/\/api.w.org\/{rel}","templated":true}]}}