	{"id":24768,"date":"2023-04-26T16:49:59","date_gmt":"2023-04-26T16:49:59","guid":{"rendered":"https:\/\/lavostrallar.com\/?p=24768"},"modified":"2023-05-18T10:05:22","modified_gmt":"2023-05-18T10:05:22","slug":"mayo-tiempo-de-terraza-y-solecito","status":"publish","type":"post","link":"https:\/\/lavostrallar.com\/noticias\/mayo-tiempo-de-terraza-y-solecito\/","title":{"rendered":"Mayo, tiempo de terraza y solecito en la residencia de ancianos"},"content":{"rendered":"\n<p>Ya empezamos a sentir el calorcito de la primavera en <strong>la<a href=\"https:\/\/lavostrallar.com\/residencia-parcguell\/\"> residencia y centro de d\u00eda La Vostra Llar Parc G\u00fcell del Guinard\u00f3<\/a><\/strong>, por eso estamos aprovechando al m\u00e1ximo todos los ratos que podemos salir a hacer actividades en la terraza, all\u00ed nos encontrar\u00e9is si ven\u00eds de visita. <\/p>\n\n\n\n<p>Tomamos el sol, leemos revistas, hacemos ejercicio, manualidades y muchas cosas m\u00e1s.<\/p>\n\n\n\n<p>Despu\u00e9s de todo el movimiento que tuvimos por San Jordi y nuestra maravillosa paradita, tenemos las pilas cargadas para todas las actividades que nos esperan en el mes de mayo.<\/p>\n\n\n\n<p>Hemos iniciado un nuevo proyecto de voluntariado intergeneracional con la escuela <strong>Liceo Castro de Pe\u00f1a<\/strong>, que se suma a los otros dos que ya ten\u00edamos en proceso:<\/p>\n\n\n\n<ul class=\"wp-block-list\">\n<li><strong>Adopta un Abuelo<\/strong>: voluntarios que vienen a pasar el rato y hablar con los residentes.<\/li>\n\n\n\n<li>Voluntariado del colegio de <strong>St Peter\u2019s School<\/strong>, en el cual una alumna viene los martes por la tarde a hacer actividades con nosotras. A partir de ahora, tambi\u00e9n vendr\u00e1n grupos de 6 o 7 j\u00f3venes los mi\u00e9rcoles y jueves a las 17h para ayudarnos en las actividades, hacernos compa\u00f1\u00eda y conversar con todas nosotras.<\/li>\n<\/ul>\n\n\n\n<h2 class=\"wp-block-heading has-medium-font-size\">M\u00e1s actividades en la residencia de ancianos<\/h2>\n\n\n\n<p>Aparte de las novedades, seguimos con el taller de m\u00fasica todos los viernes a las 11h, y tampoco puede faltar la misa entre nuestras actividades. Los jueves d\u00eda 11 y 25 tendremos tambi\u00e9n terapia con perros. Adem\u00e1s, el taller de lectura se har\u00e1 los lunes a las 17h y los jueves a las 12h.<\/p>\n\n\n\n<p>Como siempre, seguimos con las sesiones de fisioterapia individuales y grupales para mantenernos en forma, y con talleres de estimulaci\u00f3n sensorial, cognitiva, bingo, lectura de revistas y debate, talleres art\u00edsticos y mucho m\u00e1s.<\/p>\n\n\n\n<p>La comida tambi\u00e9n es muy importante para nosotros, por eso, el martes d\u00eda 24 disfrutaremos de la maravillosa <strong>paellada popular<\/strong>, haremos una gran fiesta, veremos c\u00f3mo se cocina la paella y sobre todo, la disfrutaremos comi\u00e9ndola. Finalmente, \u00a1el martes 30 celebraremos los cumplea\u00f1os de nuestras residentes nacidas en mayo!<\/p>\n\n\n\n<p>Aprovechamos que todav\u00eda no hace mucho calor, \u00a1y estamos a tope de actividades! \u00a1Gracias a todos\/as por estar ah\u00ed!<\/p>\n","protected":false},"excerpt":{"rendered":"<p>Ya empezamos a sentir el calorcito de la primavera en la residencia y centro de d\u00eda La Vostra Llar Parc G\u00fcell del Guinard\u00f3, por eso estamos aprovechando al m\u00e1ximo todos los ratos que podemos salir a hacer actividades en la terraza, all\u00ed nos encontrar\u00e9is si ven\u00eds de visita. Tomamos el sol, leemos revistas, hacemos ejercicio, [&hellip;]<\/p>\n","protected":false},"author":7,"featured_media":24769,"comment_status":"closed","ping_status":"closed","sticky":false,"template":"","format":"standard","meta":{"content-type":"","footnotes":""},"categories":[27],"tags":[69,21,9],"class_list":["post-24768","post","type-post","status-publish","format-standard","has-post-thumbnail","hentry","category-noticias-guell","tag-actividades-para-mayores","tag-atencion-centrada-en-la-persona","tag-residencias-de-ancianos"],"yoast_head":"<!-- This site is optimized with the Yoast SEO plugin v26.0 - https:\/\/yoast.com\/wordpress\/plugins\/seo\/ -->\n<title>Mayo en la residencia de ancianos Parc G\u00fcell - Noticias La Vostra Llar<\/title>\n<meta name=\"description\" content=\"Aprovechamos que todav\u00eda no hace mucho calor, \u00a1y estamos a tope de actividades! \u00a1Gracias a todos\/as por estar ah\u00ed!\" \/>\n<meta name=\"robots\" content=\"index, follow, max-snippet:-1, max-image-preview:large, max-video-preview:-1\" \/>\n<link rel=\"canonical\" href=\"https:\/\/lavostrallar.com\/noticias\/mayo-tiempo-de-terraza-y-solecito\/\" \/>\n<meta property=\"og:locale\" content=\"es_ES\" \/>\n<meta property=\"og:type\" content=\"article\" \/>\n<meta property=\"og:title\" content=\"Mayo en la residencia de ancianos Parc G\u00fcell - Noticias La Vostra Llar\" \/>\n<meta property=\"og:description\" content=\"Aprovechamos que todav\u00eda no hace mucho calor, \u00a1y estamos a tope de actividades! \u00a1Gracias a todos\/as por estar ah\u00ed!\" \/>\n<meta property=\"og:url\" content=\"https:\/\/lavostrallar.com\/noticias\/mayo-tiempo-de-terraza-y-solecito\/\" \/>\n<meta property=\"og:site_name\" content=\"Noticias La Vostra Llar\" \/>\n<meta property=\"article:publisher\" content=\"https:\/\/www.facebook.com\/lavostra.llar\" \/>\n<meta property=\"article:published_time\" content=\"2023-04-26T16:49:59+00:00\" \/>\n<meta property=\"article:modified_time\" content=\"2023-05-18T10:05:22+00:00\" \/>\n<meta property=\"og:image\" content=\"https:\/\/lavostrallar.com\/noticias\/wp-content\/uploads\/2023\/04\/338001763_235977915554118_5098753757117412044_n.jpg\" \/>\n\t<meta property=\"og:image:width\" content=\"2048\" \/>\n\t<meta property=\"og:image:height\" content=\"1642\" \/>\n\t<meta property=\"og:image:type\" content=\"image\/jpeg\" \/>\n<meta name=\"author\" content=\"lavostrallar parcguell\" \/>\n<meta name=\"twitter:card\" content=\"summary_large_image\" \/>\n<meta name=\"twitter:creator\" content=\"@lavostrallar\" \/>\n<meta name=\"twitter:site\" content=\"@lavostrallar\" \/>\n<meta name=\"twitter:label1\" content=\"Escrito por\" \/>\n\t<meta name=\"twitter:data1\" content=\"lavostrallar parcguell\" \/>\n\t<meta name=\"twitter:label2\" content=\"Tiempo de lectura\" \/>\n\t<meta name=\"twitter:data2\" content=\"2 minutos\" \/>\n<script type=\"application\/ld+json\" class=\"yoast-schema-graph\">{\"@context\":\"https:\/\/schema.org\",\"@graph\":[{\"@type\":\"Article\",\"@id\":\"https:\/\/lavostrallar.com\/noticias\/ca\/mayo-tiempo-de-terraza-y-solecito\/#article\",\"isPartOf\":{\"@id\":\"https:\/\/lavostrallar.com\/noticias\/ca\/mayo-tiempo-de-terraza-y-solecito\/\"},\"author\":{\"name\":\"lavostrallar parcguell\",\"@id\":\"https:\/\/lavostrallar.com\/noticias\/#\/schema\/person\/c9d943fd898d65208f8071af897f2e38\"},\"headline\":\"Mayo, tiempo de terraza y solecito en la residencia de ancianos\",\"datePublished\":\"2023-04-26T16:49:59+00:00\",\"dateModified\":\"2023-05-18T10:05:22+00:00\",\"mainEntityOfPage\":{\"@id\":\"https:\/\/lavostrallar.com\/noticias\/ca\/mayo-tiempo-de-terraza-y-solecito\/\"},\"wordCount\":383,\"publisher\":{\"@id\":\"https:\/\/lavostrallar.com\/noticias\/#organization\"},\"image\":{\"@id\":\"https:\/\/lavostrallar.com\/noticias\/ca\/mayo-tiempo-de-terraza-y-solecito\/#primaryimage\"},\"thumbnailUrl\":\"https:\/\/lavostrallar.com\/noticias\/wp-content\/uploads\/2023\/04\/338001763_235977915554118_5098753757117412044_n.jpg\",\"keywords\":[\"Actividades para mayores\",\"Atenci\u00f3n centrada en la persona\",\"Residencias de ancianos\"],\"articleSection\":[\"Noticias Parc G\u00fcell\"],\"inLanguage\":\"es\"},{\"@type\":\"WebPage\",\"@id\":\"https:\/\/lavostrallar.com\/noticias\/ca\/mayo-tiempo-de-terraza-y-solecito\/\",\"url\":\"https:\/\/lavostrallar.com\/noticias\/ca\/mayo-tiempo-de-terraza-y-solecito\/\",\"name\":\"Mayo en la residencia de ancianos Parc G\u00fcell - Noticias La Vostra Llar\",\"isPartOf\":{\"@id\":\"https:\/\/lavostrallar.com\/noticias\/#website\"},\"primaryImageOfPage\":{\"@id\":\"https:\/\/lavostrallar.com\/noticias\/ca\/mayo-tiempo-de-terraza-y-solecito\/#primaryimage\"},\"image\":{\"@id\":\"https:\/\/lavostrallar.com\/noticias\/ca\/mayo-tiempo-de-terraza-y-solecito\/#primaryimage\"},\"thumbnailUrl\":\"https:\/\/lavostrallar.com\/noticias\/wp-content\/uploads\/2023\/04\/338001763_235977915554118_5098753757117412044_n.jpg\",\"datePublished\":\"2023-04-26T16:49:59+00:00\",\"dateModified\":\"2023-05-18T10:05:22+00:00\",\"description\":\"Aprovechamos que todav\u00eda no hace mucho calor, \u00a1y estamos a tope de actividades! \u00a1Gracias a todos\/as por estar ah\u00ed!\",\"breadcrumb\":{\"@id\":\"https:\/\/lavostrallar.com\/noticias\/ca\/mayo-tiempo-de-terraza-y-solecito\/#breadcrumb\"},\"inLanguage\":\"es\",\"potentialAction\":[{\"@type\":\"ReadAction\",\"target\":[\"https:\/\/lavostrallar.com\/noticias\/ca\/mayo-tiempo-de-terraza-y-solecito\/\"]}]},{\"@type\":\"ImageObject\",\"inLanguage\":\"es\",\"@id\":\"https:\/\/lavostrallar.com\/noticias\/ca\/mayo-tiempo-de-terraza-y-solecito\/#primaryimage\",\"url\":\"https:\/\/lavostrallar.com\/noticias\/wp-content\/uploads\/2023\/04\/338001763_235977915554118_5098753757117412044_n.jpg\",\"contentUrl\":\"https:\/\/lavostrallar.com\/noticias\/wp-content\/uploads\/2023\/04\/338001763_235977915554118_5098753757117412044_n.jpg\",\"width\":2048,\"height\":1642,\"caption\":\"residencia de ancianos\"},{\"@type\":\"BreadcrumbList\",\"@id\":\"https:\/\/lavostrallar.com\/noticias\/ca\/mayo-tiempo-de-terraza-y-solecito\/#breadcrumb\",\"itemListElement\":[{\"@type\":\"ListItem\",\"position\":1,\"name\":\"Portada\",\"item\":\"https:\/\/lavostrallar.com\/noticias\/\"},{\"@type\":\"ListItem\",\"position\":2,\"name\":\"Mayo, tiempo de terraza y solecito en la residencia de ancianos\"}]},{\"@type\":\"WebSite\",\"@id\":\"https:\/\/lavostrallar.com\/noticias\/#website\",\"url\":\"https:\/\/lavostrallar.com\/noticias\/\",\"name\":\"La Vostra Llar\",\"description\":\"La Vostra Llar gestiona resid\u00e8ncies geri\u00e0triques des de 1987 amb la missi\u00f3 d\u2019oferir assist\u00e8ncia personalitzada per estimular, acollir i atendre les persones grans amb qualsevol grau de depend\u00e8ncia.\",\"publisher\":{\"@id\":\"https:\/\/lavostrallar.com\/noticias\/#organization\"},\"potentialAction\":[{\"@type\":\"SearchAction\",\"target\":{\"@type\":\"EntryPoint\",\"urlTemplate\":\"https:\/\/lavostrallar.com\/noticias\/?s={search_term_string}\"},\"query-input\":{\"@type\":\"PropertyValueSpecification\",\"valueRequired\":true,\"valueName\":\"search_term_string\"}}],\"inLanguage\":\"es\"},{\"@type\":\"Organization\",\"@id\":\"https:\/\/lavostrallar.com\/noticias\/#organization\",\"name\":\"La Vostra Llar\",\"url\":\"https:\/\/lavostrallar.com\/noticias\/\",\"logo\":{\"@type\":\"ImageObject\",\"inLanguage\":\"es\",\"@id\":\"https:\/\/lavostrallar.com\/noticias\/#\/schema\/logo\/image\/\",\"url\":\"https:\/\/lavostrallar.com\/noticias\/wp-content\/uploads\/2021\/12\/logo_lavostrallar.png\",\"contentUrl\":\"https:\/\/lavostrallar.com\/noticias\/wp-content\/uploads\/2021\/12\/logo_lavostrallar.png\",\"width\":217,\"height\":109,\"caption\":\"La Vostra Llar\"},\"image\":{\"@id\":\"https:\/\/lavostrallar.com\/noticias\/#\/schema\/logo\/image\/\"},\"sameAs\":[\"https:\/\/www.facebook.com\/lavostra.llar\",\"https:\/\/x.com\/lavostrallar\",\"https:\/\/www.instagram.com\/lavostrallar\/\"]},{\"@type\":\"Person\",\"@id\":\"https:\/\/lavostrallar.com\/noticias\/#\/schema\/person\/c9d943fd898d65208f8071af897f2e38\",\"name\":\"lavostrallar parcguell\",\"image\":{\"@type\":\"ImageObject\",\"inLanguage\":\"es\",\"@id\":\"https:\/\/lavostrallar.com\/noticias\/#\/schema\/person\/image\/\",\"url\":\"https:\/\/secure.gravatar.com\/avatar\/beba5c1ab148a56662695e5000793b5d123c998d3f4606baa65b4bf394dbb680?s=96&d=mm&r=g\",\"contentUrl\":\"https:\/\/secure.gravatar.com\/avatar\/beba5c1ab148a56662695e5000793b5d123c998d3f4606baa65b4bf394dbb680?s=96&d=mm&r=g\",\"caption\":\"lavostrallar parcguell\"},\"url\":\"https:\/\/lavostrallar.com\/noticias\/author\/lavostrallar-parcguell\/\"}]}<\/script>\n<!-- \/ Yoast SEO plugin. -->","yoast_head_json":{"title":"Mayo en la residencia de ancianos Parc G\u00fcell - Noticias La Vostra Llar","description":"Aprovechamos que todav\u00eda no hace mucho calor, \u00a1y estamos a tope de actividades! \u00a1Gracias a todos\/as por estar ah\u00ed!","robots":{"index":"index","follow":"follow","max-snippet":"max-snippet:-1","max-image-preview":"max-image-preview:large","max-video-preview":"max-video-preview:-1"},"canonical":"https:\/\/lavostrallar.com\/noticias\/mayo-tiempo-de-terraza-y-solecito\/","og_locale":"es_ES","og_type":"article","og_title":"Mayo en la residencia de ancianos Parc G\u00fcell - Noticias La Vostra Llar","og_description":"Aprovechamos que todav\u00eda no hace mucho calor, \u00a1y estamos a tope de actividades! \u00a1Gracias a todos\/as por estar ah\u00ed!","og_url":"https:\/\/lavostrallar.com\/noticias\/mayo-tiempo-de-terraza-y-solecito\/","og_site_name":"Noticias La Vostra Llar","article_publisher":"https:\/\/www.facebook.com\/lavostra.llar","article_published_time":"2023-04-26T16:49:59+00:00","article_modified_time":"2023-05-18T10:05:22+00:00","og_image":[{"width":2048,"height":1642,"url":"https:\/\/lavostrallar.com\/noticias\/wp-content\/uploads\/2023\/04\/338001763_235977915554118_5098753757117412044_n.jpg","type":"image\/jpeg"}],"author":"lavostrallar parcguell","twitter_card":"summary_large_image","twitter_creator":"@lavostrallar","twitter_site":"@lavostrallar","twitter_misc":{"Escrito por":"lavostrallar parcguell","Tiempo de lectura":"2 minutos"},"schema":{"@context":"https:\/\/schema.org","@graph":[{"@type":"Article","@id":"https:\/\/lavostrallar.com\/noticias\/ca\/mayo-tiempo-de-terraza-y-solecito\/#article","isPartOf":{"@id":"https:\/\/lavostrallar.com\/noticias\/ca\/mayo-tiempo-de-terraza-y-solecito\/"},"author":{"name":"lavostrallar parcguell","@id":"https:\/\/lavostrallar.com\/noticias\/#\/schema\/person\/c9d943fd898d65208f8071af897f2e38"},"headline":"Mayo, tiempo de terraza y solecito en la residencia de ancianos","datePublished":"2023-04-26T16:49:59+00:00","dateModified":"2023-05-18T10:05:22+00:00","mainEntityOfPage":{"@id":"https:\/\/lavostrallar.com\/noticias\/ca\/mayo-tiempo-de-terraza-y-solecito\/"},"wordCount":383,"publisher":{"@id":"https:\/\/lavostrallar.com\/noticias\/#organization"},"image":{"@id":"https:\/\/lavostrallar.com\/noticias\/ca\/mayo-tiempo-de-terraza-y-solecito\/#primaryimage"},"thumbnailUrl":"https:\/\/lavostrallar.com\/noticias\/wp-content\/uploads\/2023\/04\/338001763_235977915554118_5098753757117412044_n.jpg","keywords":["Actividades para mayores","Atenci\u00f3n centrada en la persona","Residencias de ancianos"],"articleSection":["Noticias Parc G\u00fcell"],"inLanguage":"es"},{"@type":"WebPage","@id":"https:\/\/lavostrallar.com\/noticias\/ca\/mayo-tiempo-de-terraza-y-solecito\/","url":"https:\/\/lavostrallar.com\/noticias\/ca\/mayo-tiempo-de-terraza-y-solecito\/","name":"Mayo en la residencia de ancianos Parc G\u00fcell - Noticias La Vostra Llar","isPartOf":{"@id":"https:\/\/lavostrallar.com\/noticias\/#website"},"primaryImageOfPage":{"@id":"https:\/\/lavostrallar.com\/noticias\/ca\/mayo-tiempo-de-terraza-y-solecito\/#primaryimage"},"image":{"@id":"https:\/\/lavostrallar.com\/noticias\/ca\/mayo-tiempo-de-terraza-y-solecito\/#primaryimage"},"thumbnailUrl":"https:\/\/lavostrallar.com\/noticias\/wp-content\/uploads\/2023\/04\/338001763_235977915554118_5098753757117412044_n.jpg","datePublished":"2023-04-26T16:49:59+00:00","dateModified":"2023-05-18T10:05:22+00:00","description":"Aprovechamos que todav\u00eda no hace mucho calor, \u00a1y estamos a tope de actividades! \u00a1Gracias a todos\/as por estar ah\u00ed!","breadcrumb":{"@id":"https:\/\/lavostrallar.com\/noticias\/ca\/mayo-tiempo-de-terraza-y-solecito\/#breadcrumb"},"inLanguage":"es","potentialAction":[{"@type":"ReadAction","target":["https:\/\/lavostrallar.com\/noticias\/ca\/mayo-tiempo-de-terraza-y-solecito\/"]}]},{"@type":"ImageObject","inLanguage":"es","@id":"https:\/\/lavostrallar.com\/noticias\/ca\/mayo-tiempo-de-terraza-y-solecito\/#primaryimage","url":"https:\/\/lavostrallar.com\/noticias\/wp-content\/uploads\/2023\/04\/338001763_235977915554118_5098753757117412044_n.jpg","contentUrl":"https:\/\/lavostrallar.com\/noticias\/wp-content\/uploads\/2023\/04\/338001763_235977915554118_5098753757117412044_n.jpg","width":2048,"height":1642,"caption":"residencia de ancianos"},{"@type":"BreadcrumbList","@id":"https:\/\/lavostrallar.com\/noticias\/ca\/mayo-tiempo-de-terraza-y-solecito\/#breadcrumb","itemListElement":[{"@type":"ListItem","position":1,"name":"Portada","item":"https:\/\/lavostrallar.com\/noticias\/"},{"@type":"ListItem","position":2,"name":"Mayo, tiempo de terraza y solecito en la residencia de ancianos"}]},{"@type":"WebSite","@id":"https:\/\/lavostrallar.com\/noticias\/#website","url":"https:\/\/lavostrallar.com\/noticias\/","name":"La Vostra Llar","description":"La Vostra Llar gestiona resid\u00e8ncies geri\u00e0triques des de 1987 amb la missi\u00f3 d\u2019oferir assist\u00e8ncia personalitzada per estimular, acollir i atendre les persones grans amb qualsevol grau de depend\u00e8ncia.","publisher":{"@id":"https:\/\/lavostrallar.com\/noticias\/#organization"},"potentialAction":[{"@type":"SearchAction","target":{"@type":"EntryPoint","urlTemplate":"https:\/\/lavostrallar.com\/noticias\/?s={search_term_string}"},"query-input":{"@type":"PropertyValueSpecification","valueRequired":true,"valueName":"search_term_string"}}],"inLanguage":"es"},{"@type":"Organization","@id":"https:\/\/lavostrallar.com\/noticias\/#organization","name":"La Vostra Llar","url":"https:\/\/lavostrallar.com\/noticias\/","logo":{"@type":"ImageObject","inLanguage":"es","@id":"https:\/\/lavostrallar.com\/noticias\/#\/schema\/logo\/image\/","url":"https:\/\/lavostrallar.com\/noticias\/wp-content\/uploads\/2021\/12\/logo_lavostrallar.png","contentUrl":"https:\/\/lavostrallar.com\/noticias\/wp-content\/uploads\/2021\/12\/logo_lavostrallar.png","width":217,"height":109,"caption":"La Vostra Llar"},"image":{"@id":"https:\/\/lavostrallar.com\/noticias\/#\/schema\/logo\/image\/"},"sameAs":["https:\/\/www.facebook.com\/lavostra.llar","https:\/\/x.com\/lavostrallar","https:\/\/www.instagram.com\/lavostrallar\/"]},{"@type":"Person","@id":"https:\/\/lavostrallar.com\/noticias\/#\/schema\/person\/c9d943fd898d65208f8071af897f2e38","name":"lavostrallar parcguell","image":{"@type":"ImageObject","inLanguage":"es","@id":"https:\/\/lavostrallar.com\/noticias\/#\/schema\/person\/image\/","url":"https:\/\/secure.gravatar.com\/avatar\/beba5c1ab148a56662695e5000793b5d123c998d3f4606baa65b4bf394dbb680?s=96&d=mm&r=g","contentUrl":"https:\/\/secure.gravatar.com\/avatar\/beba5c1ab148a56662695e5000793b5d123c998d3f4606baa65b4bf394dbb680?s=96&d=mm&r=g","caption":"lavostrallar parcguell"},"url":"https:\/\/lavostrallar.com\/noticias\/author\/lavostrallar-parcguell\/"}]}},"_links":{"self":[{"href":"https:\/\/lavostrallar.com\/noticias\/wp-json\/wp\/v2\/posts\/24768","targetHints":{"allow":["GET"]}}],"collection":[{"href":"https:\/\/lavostrallar.com\/noticias\/wp-json\/wp\/v2\/posts"}],"about":[{"href":"https:\/\/lavostrallar.com\/noticias\/wp-json\/wp\/v2\/types\/post"}],"author":[{"embeddable":true,"href":"https:\/\/lavostrallar.com\/noticias\/wp-json\/wp\/v2\/users\/7"}],"replies":[{"embeddable":true,"href":"https:\/\/lavostrallar.com\/noticias\/wp-json\/wp\/v2\/comments?post=24768"}],"version-history":[{"count":5,"href":"https:\/\/lavostrallar.com\/noticias\/wp-json\/wp\/v2\/posts\/24768\/revisions"}],"predecessor-version":[{"id":24944,"href":"https:\/\/lavostrallar.com\/noticias\/wp-json\/wp\/v2\/posts\/24768\/revisions\/24944"}],"wp:featuredmedia":[{"embeddable":true,"href":"https:\/\/lavostrallar.com\/noticias\/wp-json\/wp\/v2\/media\/24769"}],"wp:attachment":[{"href":"https:\/\/lavostrallar.com\/noticias\/wp-json\/wp\/v2\/media?parent=24768"}],"wp:term":[{"taxonomy":"category","embeddable":true,"href":"https:\/\/lavostrallar.com\/noticias\/wp-json\/wp\/v2\/categories?post=24768"},{"taxonomy":"post_tag","embeddable":true,"href":"https:\/\/lavostrallar.com\/noticias\/wp-json\/wp\/v2\/tags?post=24768"}],"curies":[{"name":"wp","href":"https:\/\/api.w.org\/{rel}","templated":true}]}}