	{"id":24888,"date":"2023-05-26T10:24:31","date_gmt":"2023-05-26T10:24:31","guid":{"rendered":"https:\/\/lavostrallar.com\/?p=24888"},"modified":"2023-06-12T14:17:15","modified_gmt":"2023-06-12T14:17:15","slug":"todo-a-punto-para-la-verbena-de-san-juan-en-la-vostra-llar-blanes","status":"publish","type":"post","link":"https:\/\/lavostrallar.com\/noticias\/todo-a-punto-para-la-verbena-de-san-juan-en-la-vostra-llar-blanes\/","title":{"rendered":"Todo a punto para la verbena de San Juan en la residencia La Vostra Llar Blanes"},"content":{"rendered":"\n<p>El primer jueves de mes celebraremos el \u00abMen\u00fa del abuel@\u00bb. En esta ocasi\u00f3n, nuestros residentes han elegido como primer plato esqueixada de bacalao; de segundo, callos a la madrile\u00f1a y de postre profiteroles.<\/p>\n\n\n\n<p>Cada quince d\u00edas, los martes por la ma\u00f1ana, continuaremos disfrutando de la terapia asistida con perros a trav\u00e9s de los profesionales de <a href=\"https:\/\/www.itcan.cat\/\" target=\"_blank\" rel=\"noreferrer noopener\">ITCAN, Intervencions Assistides amb Gos<\/a>. Fomentaremos la actividad f\u00edsica, trabajaremos la estimulaci\u00f3n cognitiva y sensorial, favoreceremos la expresi\u00f3n de emociones y reforzaremos la comunicaci\u00f3n afectiva y l\u00fadica.<\/p>\n\n\n\n<h2 class=\"wp-block-heading has-text-align-center has-luminous-vivid-orange-color has-text-color\" style=\"font-size:17px\"><a href=\"https:\/\/lavostrallar.com\/residencia-blanes\/\">Descubre m\u00e1s sobre la residencia de ancianos en Blanes <\/a><\/h2>\n\n\n\n<p>Los mi\u00e9rcoles por la tarde seguiremos compartiendo sesiones participativas de m\u00fasica, movimiento y creatividad con las sesiones de \u201cM\u00fasica para el olvido\u201d de <a href=\"http:\/\/artransforma.org\/art\/es\/inicio\/\" target=\"_blank\" rel=\"noreferrer noopener\">ARTransforma<\/a>. Compartiremos actividades, juegos, peque\u00f1os conciertos, instrumentos, sonidos, experimentaci\u00f3n musical, improvisaci\u00f3n, canci\u00f3n, movimiento\u2026 fomentando la autonom\u00eda, la toma de decisiones, la interacci\u00f3n, el disfrute y el aprendizaje.<\/p>\n\n\n\n<p>El equipo t\u00e9cnico multidisciplinar ha preparado talleres grupales tanto de gimnasia como de actividades cognitivas, motricidad, memoria, atenci\u00f3n\u2026 Realizaremos salidas terap\u00e9uticas dos veces por semana para mantenernos en contacto con el entorno, ejercitar el cerebro y vivir nuevas experiencias con amigos, compa\u00f1eros y vecinos de Blanes.<\/p>\n\n\n\n<h2 class=\"wp-block-heading has-medium-font-size\">M\u00e1s actividades en la residencia de ancianos<\/h2>\n\n\n\n<p>En junio, como actividad especial, realizaremos un taller de preparaci\u00f3n de <em>smoothies<\/em>, batidos elaborados a base de zumos y trozos de fruta natural que nos llenar\u00e1n de energ\u00eda para celebrar la verbena de San Juan. El lunes 19 de junio por la ma\u00f1ana contaremos con la actuaci\u00f3n musical de Marc Anglarill, que nos har\u00e1 bailar al ritmo de baladas y pasodobles, y llenar\u00e1 de ritmo nuestra fiesta.<\/p>\n\n\n\n<p>Continuaremos disfrutando de encuentros intergeneracionales con la visita de los alumnos de l&#8217;<a href=\"https:\/\/agora.xtec.cat\/ins-sagulla\/\" target=\"_blank\" rel=\"noreferrer noopener\">Institut S&#8217;Agulla<\/a>. Compartiremos tardes de juegos, m\u00fasica y confidencias en un espacio de convivencia que nos permitir\u00e1 fomentar el conocimiento mutuo.<\/p>\n\n\n\n<p>Ense\u00f1aremos a los j\u00f3venes las prendas que estamos tejiendo para personas en situaciones de vulnerabilidad a trav\u00e9s del Proyecto Abriga de la organizaci\u00f3n sin \u00e1nimo de lucro <a href=\"https:\/\/www.vidasignificativa.org\/\" target=\"_blank\" rel=\"noreferrer noopener\">Vida Significativa<\/a>. Estamos tejiendo recortes de ropa a ganchillo para crear mantas de forma colectiva, una actividad que hace sentir a nuestros mayores part\u00edcipes de una importante iniciativa.<\/p>\n\n\n\n<p>Y acabaremos el mes como se merece, con una fiesta para celebrar los cumplea\u00f1os de todos los residentes nacidos en junio. Regalos, tarta de cumplea\u00f1os y alguna que otra sorpresa tendr\u00e1n nuestros protagonistas.<\/p>\n","protected":false},"excerpt":{"rendered":"<p>El primer jueves de mes celebraremos el \u00abMen\u00fa del abuel@\u00bb. En esta ocasi\u00f3n, nuestros residentes han elegido como primer plato esqueixada de bacalao; de segundo, callos a la madrile\u00f1a y de postre profiteroles. Cada quince d\u00edas, los martes por la ma\u00f1ana, continuaremos disfrutando de la terapia asistida con perros a trav\u00e9s de los profesionales de [&hellip;]<\/p>\n","protected":false},"author":12,"featured_media":24896,"comment_status":"closed","ping_status":"closed","sticky":false,"template":"","format":"standard","meta":{"content-type":"","footnotes":""},"categories":[11],"tags":[69,9],"class_list":["post-24888","post","type-post","status-publish","format-standard","has-post-thumbnail","hentry","category-noticias-blanes","tag-actividades-para-mayores","tag-residencias-de-ancianos"],"yoast_head":"<!-- This site is optimized with the Yoast SEO plugin v26.0 - https:\/\/yoast.com\/wordpress\/plugins\/seo\/ -->\n<title>Sant Joan en la residencia La Vostra Llar Blanes - Noticias La Vostra Llar<\/title>\n<meta name=\"description\" content=\"Te contamos qu\u00e9 actividades realizaremos en Junio en la residencia de ancianos La Vostra Llar Blanes. \u00a1No te lo pierdas!\" \/>\n<meta name=\"robots\" content=\"index, follow, max-snippet:-1, max-image-preview:large, max-video-preview:-1\" \/>\n<link rel=\"canonical\" href=\"https:\/\/lavostrallar.com\/noticias\/todo-a-punto-para-la-verbena-de-san-juan-en-la-vostra-llar-blanes\/\" \/>\n<meta property=\"og:locale\" content=\"es_ES\" \/>\n<meta property=\"og:type\" content=\"article\" \/>\n<meta property=\"og:title\" content=\"Sant Joan en la residencia La Vostra Llar Blanes - Noticias La Vostra Llar\" \/>\n<meta property=\"og:description\" content=\"Te contamos qu\u00e9 actividades realizaremos en Junio en la residencia de ancianos La Vostra Llar Blanes. \u00a1No te lo pierdas!\" \/>\n<meta property=\"og:url\" content=\"https:\/\/lavostrallar.com\/noticias\/todo-a-punto-para-la-verbena-de-san-juan-en-la-vostra-llar-blanes\/\" \/>\n<meta property=\"og:site_name\" content=\"Noticias La Vostra Llar\" \/>\n<meta property=\"article:publisher\" content=\"https:\/\/www.facebook.com\/lavostra.llar\" \/>\n<meta property=\"article:published_time\" content=\"2023-05-26T10:24:31+00:00\" \/>\n<meta property=\"article:modified_time\" content=\"2023-06-12T14:17:15+00:00\" \/>\n<meta property=\"og:image\" content=\"https:\/\/lavostrallar.com\/noticias\/wp-content\/uploads\/2023\/05\/Blanes.png\" \/>\n\t<meta property=\"og:image:width\" content=\"1549\" \/>\n\t<meta property=\"og:image:height\" content=\"801\" \/>\n\t<meta property=\"og:image:type\" content=\"image\/png\" \/>\n<meta name=\"author\" content=\"lavostrallar Comunicacio\" \/>\n<meta name=\"twitter:card\" content=\"summary_large_image\" \/>\n<meta name=\"twitter:creator\" content=\"@lavostrallar\" \/>\n<meta name=\"twitter:site\" content=\"@lavostrallar\" \/>\n<meta name=\"twitter:label1\" content=\"Escrito por\" \/>\n\t<meta name=\"twitter:data1\" content=\"lavostrallar Comunicacio\" \/>\n\t<meta name=\"twitter:label2\" content=\"Tiempo de lectura\" \/>\n\t<meta name=\"twitter:data2\" content=\"2 minutos\" \/>\n<script type=\"application\/ld+json\" class=\"yoast-schema-graph\">{\"@context\":\"https:\/\/schema.org\",\"@graph\":[{\"@type\":\"Article\",\"@id\":\"https:\/\/lavostrallar.com\/noticias\/ca\/todo-a-punto-para-la-verbena-de-san-juan-en-la-vostra-llar-blanes\/#article\",\"isPartOf\":{\"@id\":\"https:\/\/lavostrallar.com\/noticias\/ca\/todo-a-punto-para-la-verbena-de-san-juan-en-la-vostra-llar-blanes\/\"},\"author\":{\"name\":\"lavostrallar Comunicacio\",\"@id\":\"https:\/\/lavostrallar.com\/noticias\/#\/schema\/person\/321f189af5ebbd679ae095028db43fdd\"},\"headline\":\"Todo a punto para la verbena de San Juan en la residencia La Vostra Llar Blanes\",\"datePublished\":\"2023-05-26T10:24:31+00:00\",\"dateModified\":\"2023-06-12T14:17:15+00:00\",\"mainEntityOfPage\":{\"@id\":\"https:\/\/lavostrallar.com\/noticias\/ca\/todo-a-punto-para-la-verbena-de-san-juan-en-la-vostra-llar-blanes\/\"},\"wordCount\":438,\"publisher\":{\"@id\":\"https:\/\/lavostrallar.com\/noticias\/#organization\"},\"image\":{\"@id\":\"https:\/\/lavostrallar.com\/noticias\/ca\/todo-a-punto-para-la-verbena-de-san-juan-en-la-vostra-llar-blanes\/#primaryimage\"},\"thumbnailUrl\":\"https:\/\/lavostrallar.com\/noticias\/wp-content\/uploads\/2023\/05\/Blanes.png\",\"keywords\":[\"Actividades para mayores\",\"Residencias de ancianos\"],\"articleSection\":[\"Noticias Blanes\"],\"inLanguage\":\"es\"},{\"@type\":\"WebPage\",\"@id\":\"https:\/\/lavostrallar.com\/noticias\/ca\/todo-a-punto-para-la-verbena-de-san-juan-en-la-vostra-llar-blanes\/\",\"url\":\"https:\/\/lavostrallar.com\/noticias\/ca\/todo-a-punto-para-la-verbena-de-san-juan-en-la-vostra-llar-blanes\/\",\"name\":\"Sant Joan en la residencia La Vostra Llar Blanes - Noticias La Vostra Llar\",\"isPartOf\":{\"@id\":\"https:\/\/lavostrallar.com\/noticias\/#website\"},\"primaryImageOfPage\":{\"@id\":\"https:\/\/lavostrallar.com\/noticias\/ca\/todo-a-punto-para-la-verbena-de-san-juan-en-la-vostra-llar-blanes\/#primaryimage\"},\"image\":{\"@id\":\"https:\/\/lavostrallar.com\/noticias\/ca\/todo-a-punto-para-la-verbena-de-san-juan-en-la-vostra-llar-blanes\/#primaryimage\"},\"thumbnailUrl\":\"https:\/\/lavostrallar.com\/noticias\/wp-content\/uploads\/2023\/05\/Blanes.png\",\"datePublished\":\"2023-05-26T10:24:31+00:00\",\"dateModified\":\"2023-06-12T14:17:15+00:00\",\"description\":\"Te contamos qu\u00e9 actividades realizaremos en Junio en la residencia de ancianos La Vostra Llar Blanes. \u00a1No te lo pierdas!\",\"breadcrumb\":{\"@id\":\"https:\/\/lavostrallar.com\/noticias\/ca\/todo-a-punto-para-la-verbena-de-san-juan-en-la-vostra-llar-blanes\/#breadcrumb\"},\"inLanguage\":\"es\",\"potentialAction\":[{\"@type\":\"ReadAction\",\"target\":[\"https:\/\/lavostrallar.com\/noticias\/ca\/todo-a-punto-para-la-verbena-de-san-juan-en-la-vostra-llar-blanes\/\"]}]},{\"@type\":\"ImageObject\",\"inLanguage\":\"es\",\"@id\":\"https:\/\/lavostrallar.com\/noticias\/ca\/todo-a-punto-para-la-verbena-de-san-juan-en-la-vostra-llar-blanes\/#primaryimage\",\"url\":\"https:\/\/lavostrallar.com\/noticias\/wp-content\/uploads\/2023\/05\/Blanes.png\",\"contentUrl\":\"https:\/\/lavostrallar.com\/noticias\/wp-content\/uploads\/2023\/05\/Blanes.png\",\"width\":1549,\"height\":801,\"caption\":\"residencia de ancianos - actividades\"},{\"@type\":\"BreadcrumbList\",\"@id\":\"https:\/\/lavostrallar.com\/noticias\/ca\/todo-a-punto-para-la-verbena-de-san-juan-en-la-vostra-llar-blanes\/#breadcrumb\",\"itemListElement\":[{\"@type\":\"ListItem\",\"position\":1,\"name\":\"Portada\",\"item\":\"https:\/\/lavostrallar.com\/noticias\/\"},{\"@type\":\"ListItem\",\"position\":2,\"name\":\"Todo a punto para la verbena de San Juan en la residencia La Vostra Llar Blanes\"}]},{\"@type\":\"WebSite\",\"@id\":\"https:\/\/lavostrallar.com\/noticias\/#website\",\"url\":\"https:\/\/lavostrallar.com\/noticias\/\",\"name\":\"La Vostra Llar\",\"description\":\"La Vostra Llar gestiona resid\u00e8ncies geri\u00e0triques des de 1987 amb la missi\u00f3 d\u2019oferir assist\u00e8ncia personalitzada per estimular, acollir i atendre les persones grans amb qualsevol grau de depend\u00e8ncia.\",\"publisher\":{\"@id\":\"https:\/\/lavostrallar.com\/noticias\/#organization\"},\"potentialAction\":[{\"@type\":\"SearchAction\",\"target\":{\"@type\":\"EntryPoint\",\"urlTemplate\":\"https:\/\/lavostrallar.com\/noticias\/?s={search_term_string}\"},\"query-input\":{\"@type\":\"PropertyValueSpecification\",\"valueRequired\":true,\"valueName\":\"search_term_string\"}}],\"inLanguage\":\"es\"},{\"@type\":\"Organization\",\"@id\":\"https:\/\/lavostrallar.com\/noticias\/#organization\",\"name\":\"La Vostra Llar\",\"url\":\"https:\/\/lavostrallar.com\/noticias\/\",\"logo\":{\"@type\":\"ImageObject\",\"inLanguage\":\"es\",\"@id\":\"https:\/\/lavostrallar.com\/noticias\/#\/schema\/logo\/image\/\",\"url\":\"https:\/\/lavostrallar.com\/noticias\/wp-content\/uploads\/2021\/12\/logo_lavostrallar.png\",\"contentUrl\":\"https:\/\/lavostrallar.com\/noticias\/wp-content\/uploads\/2021\/12\/logo_lavostrallar.png\",\"width\":217,\"height\":109,\"caption\":\"La Vostra Llar\"},\"image\":{\"@id\":\"https:\/\/lavostrallar.com\/noticias\/#\/schema\/logo\/image\/\"},\"sameAs\":[\"https:\/\/www.facebook.com\/lavostra.llar\",\"https:\/\/x.com\/lavostrallar\",\"https:\/\/www.instagram.com\/lavostrallar\/\"]},{\"@type\":\"Person\",\"@id\":\"https:\/\/lavostrallar.com\/noticias\/#\/schema\/person\/321f189af5ebbd679ae095028db43fdd\",\"name\":\"lavostrallar Comunicacio\",\"image\":{\"@type\":\"ImageObject\",\"inLanguage\":\"es\",\"@id\":\"https:\/\/lavostrallar.com\/noticias\/#\/schema\/person\/image\/\",\"url\":\"https:\/\/secure.gravatar.com\/avatar\/69a4b73b52c8eedccce42e542861709a5afc2b40e0a43d691da018458db2d41b?s=96&d=mm&r=g\",\"contentUrl\":\"https:\/\/secure.gravatar.com\/avatar\/69a4b73b52c8eedccce42e542861709a5afc2b40e0a43d691da018458db2d41b?s=96&d=mm&r=g\",\"caption\":\"lavostrallar Comunicacio\"},\"url\":\"https:\/\/lavostrallar.com\/noticias\/author\/lavostrallar-comunicacio\/\"}]}<\/script>\n<!-- \/ Yoast SEO plugin. -->","yoast_head_json":{"title":"Sant Joan en la residencia La Vostra Llar Blanes - Noticias La Vostra Llar","description":"Te contamos qu\u00e9 actividades realizaremos en Junio en la residencia de ancianos La Vostra Llar Blanes. \u00a1No te lo pierdas!","robots":{"index":"index","follow":"follow","max-snippet":"max-snippet:-1","max-image-preview":"max-image-preview:large","max-video-preview":"max-video-preview:-1"},"canonical":"https:\/\/lavostrallar.com\/noticias\/todo-a-punto-para-la-verbena-de-san-juan-en-la-vostra-llar-blanes\/","og_locale":"es_ES","og_type":"article","og_title":"Sant Joan en la residencia La Vostra Llar Blanes - Noticias La Vostra Llar","og_description":"Te contamos qu\u00e9 actividades realizaremos en Junio en la residencia de ancianos La Vostra Llar Blanes. \u00a1No te lo pierdas!","og_url":"https:\/\/lavostrallar.com\/noticias\/todo-a-punto-para-la-verbena-de-san-juan-en-la-vostra-llar-blanes\/","og_site_name":"Noticias La Vostra Llar","article_publisher":"https:\/\/www.facebook.com\/lavostra.llar","article_published_time":"2023-05-26T10:24:31+00:00","article_modified_time":"2023-06-12T14:17:15+00:00","og_image":[{"width":1549,"height":801,"url":"https:\/\/lavostrallar.com\/noticias\/wp-content\/uploads\/2023\/05\/Blanes.png","type":"image\/png"}],"author":"lavostrallar Comunicacio","twitter_card":"summary_large_image","twitter_creator":"@lavostrallar","twitter_site":"@lavostrallar","twitter_misc":{"Escrito por":"lavostrallar Comunicacio","Tiempo de lectura":"2 minutos"},"schema":{"@context":"https:\/\/schema.org","@graph":[{"@type":"Article","@id":"https:\/\/lavostrallar.com\/noticias\/ca\/todo-a-punto-para-la-verbena-de-san-juan-en-la-vostra-llar-blanes\/#article","isPartOf":{"@id":"https:\/\/lavostrallar.com\/noticias\/ca\/todo-a-punto-para-la-verbena-de-san-juan-en-la-vostra-llar-blanes\/"},"author":{"name":"lavostrallar Comunicacio","@id":"https:\/\/lavostrallar.com\/noticias\/#\/schema\/person\/321f189af5ebbd679ae095028db43fdd"},"headline":"Todo a punto para la verbena de San Juan en la residencia La Vostra Llar Blanes","datePublished":"2023-05-26T10:24:31+00:00","dateModified":"2023-06-12T14:17:15+00:00","mainEntityOfPage":{"@id":"https:\/\/lavostrallar.com\/noticias\/ca\/todo-a-punto-para-la-verbena-de-san-juan-en-la-vostra-llar-blanes\/"},"wordCount":438,"publisher":{"@id":"https:\/\/lavostrallar.com\/noticias\/#organization"},"image":{"@id":"https:\/\/lavostrallar.com\/noticias\/ca\/todo-a-punto-para-la-verbena-de-san-juan-en-la-vostra-llar-blanes\/#primaryimage"},"thumbnailUrl":"https:\/\/lavostrallar.com\/noticias\/wp-content\/uploads\/2023\/05\/Blanes.png","keywords":["Actividades para mayores","Residencias de ancianos"],"articleSection":["Noticias Blanes"],"inLanguage":"es"},{"@type":"WebPage","@id":"https:\/\/lavostrallar.com\/noticias\/ca\/todo-a-punto-para-la-verbena-de-san-juan-en-la-vostra-llar-blanes\/","url":"https:\/\/lavostrallar.com\/noticias\/ca\/todo-a-punto-para-la-verbena-de-san-juan-en-la-vostra-llar-blanes\/","name":"Sant Joan en la residencia La Vostra Llar Blanes - Noticias La Vostra Llar","isPartOf":{"@id":"https:\/\/lavostrallar.com\/noticias\/#website"},"primaryImageOfPage":{"@id":"https:\/\/lavostrallar.com\/noticias\/ca\/todo-a-punto-para-la-verbena-de-san-juan-en-la-vostra-llar-blanes\/#primaryimage"},"image":{"@id":"https:\/\/lavostrallar.com\/noticias\/ca\/todo-a-punto-para-la-verbena-de-san-juan-en-la-vostra-llar-blanes\/#primaryimage"},"thumbnailUrl":"https:\/\/lavostrallar.com\/noticias\/wp-content\/uploads\/2023\/05\/Blanes.png","datePublished":"2023-05-26T10:24:31+00:00","dateModified":"2023-06-12T14:17:15+00:00","description":"Te contamos qu\u00e9 actividades realizaremos en Junio en la residencia de ancianos La Vostra Llar Blanes. \u00a1No te lo pierdas!","breadcrumb":{"@id":"https:\/\/lavostrallar.com\/noticias\/ca\/todo-a-punto-para-la-verbena-de-san-juan-en-la-vostra-llar-blanes\/#breadcrumb"},"inLanguage":"es","potentialAction":[{"@type":"ReadAction","target":["https:\/\/lavostrallar.com\/noticias\/ca\/todo-a-punto-para-la-verbena-de-san-juan-en-la-vostra-llar-blanes\/"]}]},{"@type":"ImageObject","inLanguage":"es","@id":"https:\/\/lavostrallar.com\/noticias\/ca\/todo-a-punto-para-la-verbena-de-san-juan-en-la-vostra-llar-blanes\/#primaryimage","url":"https:\/\/lavostrallar.com\/noticias\/wp-content\/uploads\/2023\/05\/Blanes.png","contentUrl":"https:\/\/lavostrallar.com\/noticias\/wp-content\/uploads\/2023\/05\/Blanes.png","width":1549,"height":801,"caption":"residencia de ancianos - actividades"},{"@type":"BreadcrumbList","@id":"https:\/\/lavostrallar.com\/noticias\/ca\/todo-a-punto-para-la-verbena-de-san-juan-en-la-vostra-llar-blanes\/#breadcrumb","itemListElement":[{"@type":"ListItem","position":1,"name":"Portada","item":"https:\/\/lavostrallar.com\/noticias\/"},{"@type":"ListItem","position":2,"name":"Todo a punto para la verbena de San Juan en la residencia La Vostra Llar Blanes"}]},{"@type":"WebSite","@id":"https:\/\/lavostrallar.com\/noticias\/#website","url":"https:\/\/lavostrallar.com\/noticias\/","name":"La Vostra Llar","description":"La Vostra Llar gestiona resid\u00e8ncies geri\u00e0triques des de 1987 amb la missi\u00f3 d\u2019oferir assist\u00e8ncia personalitzada per estimular, acollir i atendre les persones grans amb qualsevol grau de depend\u00e8ncia.","publisher":{"@id":"https:\/\/lavostrallar.com\/noticias\/#organization"},"potentialAction":[{"@type":"SearchAction","target":{"@type":"EntryPoint","urlTemplate":"https:\/\/lavostrallar.com\/noticias\/?s={search_term_string}"},"query-input":{"@type":"PropertyValueSpecification","valueRequired":true,"valueName":"search_term_string"}}],"inLanguage":"es"},{"@type":"Organization","@id":"https:\/\/lavostrallar.com\/noticias\/#organization","name":"La Vostra Llar","url":"https:\/\/lavostrallar.com\/noticias\/","logo":{"@type":"ImageObject","inLanguage":"es","@id":"https:\/\/lavostrallar.com\/noticias\/#\/schema\/logo\/image\/","url":"https:\/\/lavostrallar.com\/noticias\/wp-content\/uploads\/2021\/12\/logo_lavostrallar.png","contentUrl":"https:\/\/lavostrallar.com\/noticias\/wp-content\/uploads\/2021\/12\/logo_lavostrallar.png","width":217,"height":109,"caption":"La Vostra Llar"},"image":{"@id":"https:\/\/lavostrallar.com\/noticias\/#\/schema\/logo\/image\/"},"sameAs":["https:\/\/www.facebook.com\/lavostra.llar","https:\/\/x.com\/lavostrallar","https:\/\/www.instagram.com\/lavostrallar\/"]},{"@type":"Person","@id":"https:\/\/lavostrallar.com\/noticias\/#\/schema\/person\/321f189af5ebbd679ae095028db43fdd","name":"lavostrallar Comunicacio","image":{"@type":"ImageObject","inLanguage":"es","@id":"https:\/\/lavostrallar.com\/noticias\/#\/schema\/person\/image\/","url":"https:\/\/secure.gravatar.com\/avatar\/69a4b73b52c8eedccce42e542861709a5afc2b40e0a43d691da018458db2d41b?s=96&d=mm&r=g","contentUrl":"https:\/\/secure.gravatar.com\/avatar\/69a4b73b52c8eedccce42e542861709a5afc2b40e0a43d691da018458db2d41b?s=96&d=mm&r=g","caption":"lavostrallar Comunicacio"},"url":"https:\/\/lavostrallar.com\/noticias\/author\/lavostrallar-comunicacio\/"}]}},"_links":{"self":[{"href":"https:\/\/lavostrallar.com\/noticias\/wp-json\/wp\/v2\/posts\/24888","targetHints":{"allow":["GET"]}}],"collection":[{"href":"https:\/\/lavostrallar.com\/noticias\/wp-json\/wp\/v2\/posts"}],"about":[{"href":"https:\/\/lavostrallar.com\/noticias\/wp-json\/wp\/v2\/types\/post"}],"author":[{"embeddable":true,"href":"https:\/\/lavostrallar.com\/noticias\/wp-json\/wp\/v2\/users\/12"}],"replies":[{"embeddable":true,"href":"https:\/\/lavostrallar.com\/noticias\/wp-json\/wp\/v2\/comments?post=24888"}],"version-history":[{"count":2,"href":"https:\/\/lavostrallar.com\/noticias\/wp-json\/wp\/v2\/posts\/24888\/revisions"}],"predecessor-version":[{"id":25246,"href":"https:\/\/lavostrallar.com\/noticias\/wp-json\/wp\/v2\/posts\/24888\/revisions\/25246"}],"wp:featuredmedia":[{"embeddable":true,"href":"https:\/\/lavostrallar.com\/noticias\/wp-json\/wp\/v2\/media\/24896"}],"wp:attachment":[{"href":"https:\/\/lavostrallar.com\/noticias\/wp-json\/wp\/v2\/media?parent=24888"}],"wp:term":[{"taxonomy":"category","embeddable":true,"href":"https:\/\/lavostrallar.com\/noticias\/wp-json\/wp\/v2\/categories?post=24888"},{"taxonomy":"post_tag","embeddable":true,"href":"https:\/\/lavostrallar.com\/noticias\/wp-json\/wp\/v2\/tags?post=24888"}],"curies":[{"name":"wp","href":"https:\/\/api.w.org\/{rel}","templated":true}]}}