	{"id":24926,"date":"2023-05-17T21:06:28","date_gmt":"2023-05-17T21:06:28","guid":{"rendered":"https:\/\/lavostrallar.com\/?p=24926"},"modified":"2023-06-07T09:25:50","modified_gmt":"2023-06-07T09:25:50","slug":"efectos-mindfulness-alzheimer","status":"publish","type":"post","link":"https:\/\/lavostrallar.com\/noticias\/efectos-mindfulness-alzheimer\/","title":{"rendered":"Efectos del mindfulness en el Alzheimer"},"content":{"rendered":"\n<p>Si buscamos una traducci\u00f3n de la palabra <strong>mindfulness<\/strong> encontraremos frecuentemente las acepciones de atenci\u00f3n plena y conciencia plena. Otra de las definiciones m\u00e1s conocidas es la <strong>Jon Kabat Zinn<\/strong> quien afirma que mindfulness es \u201csaber lo que est\u00e1s experimentando mientras lo est\u00e1s experimentando\u201d. Es decir, no es otra cosa que estar plenamente presentes en lo que estamos haciendo, viviendo, sintiendo o experimentando. Con una actitud abierta, amable, que no juzga, no excluye y todo lo acepta.<\/p>\n\n\n\n<p>El <strong>mindfulness adaptado a las personas mayores<\/strong> con o sin patolog\u00edas, se ha expandido en los \u00faltimos a\u00f1os, existiendo muchas experiencias positivas que se est\u00e1n implementando en residencias y centros de d\u00edas.<\/p>\n\n\n\n<h2 class=\"wp-block-heading has-medium-font-size\">El mindfulness y el Alzheimer<\/h2>\n\n\n\n<p>Ya que actualmente no existe un tratamiento que sea \u00f3ptimo para los enfermos de Alzheimer, s\u00ed que resulta beneficioso utilizar las terapias no farmacol\u00f3gicas como el mindfulness unido al tratamiento convencional.<\/p>\n\n\n\n<p>En un ensayo cl\u00ednico piloto, los datos mostraron que el tratamiento en enfermos de Alzheimer con donepezilo y  mindfulness o estimulaci\u00f3n cognitiva daban lugar a una mejor evoluci\u00f3n cl\u00ednica que el tratamiento farmacol\u00f3gico solo o con relajaci\u00f3n.<\/p>\n\n\n\n<p>Los beneficios del mindfulness se encuentran documentados en publicaciones de medicina y psicolog\u00eda. Hay estudios que muestran cambios provocados en el cerebro, principalmente en el \u00e1rea frontal izquierda, regi\u00f3n asociada al afecto positivo y la regulaci\u00f3n de emociones.<\/p>\n\n\n\n<p>El <a href=\"https:\/\/www.elsevier.es\/index.php?p=revista&amp;pRevista=pdf-simple&amp;pii=S0211139X14002571&amp;r=124\">estudio Longitudinal Canarias<\/a>, sobre tratamientos no farmacol\u00f3gicos en la enfermedad de Alzheimer, muestra como la pr\u00e1ctica de mindfulness en el estadio leve-moderado, mantiene la capacidad cognitiva, funcional y previene la psicopatolog\u00eda en al menos dos a\u00f1os.<\/p>\n\n\n\n<p><strong>Otros beneficios para la EA son:<\/strong> reducci\u00f3n del estr\u00e9s, mejora de la salud emocional, mejora de la capacidad de atenci\u00f3n, mejora de la calidad de sue\u00f1o y mejoras a nivel cerebral.<\/p>\n\n\n\n<p>Es importante que los enfermos de Alzheimer empiecen a practicar cuanto antes esta disciplina que pueden realizar acompa\u00f1ados de familiares, cuidadores y que en <strong><a href=\"https:\/\/lavostrallar.com\/\">La Vostra Llar<\/a><\/strong> ya implementamos dados sus beneficios.<\/p>\n","protected":false},"excerpt":{"rendered":"<p>Si buscamos una traducci\u00f3n de la palabra mindfulness encontraremos frecuentemente las acepciones de atenci\u00f3n plena y conciencia plena. Otra de las definiciones m\u00e1s conocidas es la Jon Kabat Zinn quien afirma que mindfulness es \u201csaber lo que est\u00e1s experimentando mientras lo est\u00e1s experimentando\u201d. Es decir, no es otra cosa que estar plenamente presentes en lo [&hellip;]<\/p>\n","protected":false},"author":15,"featured_media":24927,"comment_status":"closed","ping_status":"closed","sticky":false,"template":"","format":"standard","meta":{"content-type":"","footnotes":""},"categories":[11,47,18,12,13,14,15,27,16,19],"tags":[49,108,9],"class_list":["post-24926","post","type-post","status-publish","format-standard","has-post-thumbnail","hentry","category-noticias-blanes","category-noticias-clot","category-noticias-gracia","category-noticias-la-rambla","category-noticias-les-dalies","category-noticias-les-oliveres","category-noticias-mataro","category-noticias-guell","category-noticias-reig","category-noticias-terrassa","tag-alzheimer","tag-mindfulness","tag-residencias-de-ancianos"],"yoast_head":"<!-- This site is optimized with the Yoast SEO plugin v26.0 - https:\/\/yoast.com\/wordpress\/plugins\/seo\/ -->\n<title>Efectos del mindfulness en el Alzheimer - Noticias La Vostra Llar<\/title>\n<meta name=\"description\" content=\"los datos mostraron que el tratamiento en enfermos de Alzheimer con donepezilo y mindfulness daban lugar a una mejor evoluci\u00f3n cl\u00ednica\" \/>\n<meta name=\"robots\" content=\"index, follow, max-snippet:-1, max-image-preview:large, max-video-preview:-1\" \/>\n<link rel=\"canonical\" href=\"https:\/\/lavostrallar.com\/noticias\/efectos-mindfulness-alzheimer\/\" \/>\n<meta property=\"og:locale\" content=\"es_ES\" \/>\n<meta property=\"og:type\" content=\"article\" \/>\n<meta property=\"og:title\" content=\"Efectos del mindfulness en el Alzheimer - Noticias La Vostra Llar\" \/>\n<meta property=\"og:description\" content=\"los datos mostraron que el tratamiento en enfermos de Alzheimer con donepezilo y mindfulness daban lugar a una mejor evoluci\u00f3n cl\u00ednica\" \/>\n<meta property=\"og:url\" content=\"https:\/\/lavostrallar.com\/noticias\/efectos-mindfulness-alzheimer\/\" \/>\n<meta property=\"og:site_name\" content=\"Noticias La Vostra Llar\" \/>\n<meta property=\"article:publisher\" content=\"https:\/\/www.facebook.com\/lavostra.llar\" \/>\n<meta property=\"article:published_time\" content=\"2023-05-17T21:06:28+00:00\" \/>\n<meta property=\"article:modified_time\" content=\"2023-06-07T09:25:50+00:00\" \/>\n<meta property=\"og:image\" content=\"https:\/\/lavostrallar.com\/noticias\/wp-content\/uploads\/2023\/05\/20230217_171101-scaled.jpg\" \/>\n\t<meta property=\"og:image:width\" content=\"2560\" \/>\n\t<meta property=\"og:image:height\" content=\"1244\" \/>\n\t<meta property=\"og:image:type\" content=\"image\/jpeg\" \/>\n<meta name=\"author\" content=\"clot\" \/>\n<meta name=\"twitter:card\" content=\"summary_large_image\" \/>\n<meta name=\"twitter:creator\" content=\"@lavostrallar\" \/>\n<meta name=\"twitter:site\" content=\"@lavostrallar\" \/>\n<meta name=\"twitter:label1\" content=\"Escrito por\" \/>\n\t<meta name=\"twitter:data1\" content=\"clot\" \/>\n\t<meta name=\"twitter:label2\" content=\"Tiempo de lectura\" \/>\n\t<meta name=\"twitter:data2\" content=\"2 minutos\" \/>\n<script type=\"application\/ld+json\" class=\"yoast-schema-graph\">{\"@context\":\"https:\/\/schema.org\",\"@graph\":[{\"@type\":\"Article\",\"@id\":\"https:\/\/lavostrallar.com\/noticias\/ca\/efectos-mindfulness-alzheimer\/#article\",\"isPartOf\":{\"@id\":\"https:\/\/lavostrallar.com\/noticias\/ca\/efectos-mindfulness-alzheimer\/\"},\"author\":{\"name\":\"clot\",\"@id\":\"https:\/\/lavostrallar.com\/noticias\/#\/schema\/person\/2511dfae685f7be889a50167b3d88a38\"},\"headline\":\"Efectos del mindfulness en el Alzheimer\",\"datePublished\":\"2023-05-17T21:06:28+00:00\",\"dateModified\":\"2023-06-07T09:25:50+00:00\",\"mainEntityOfPage\":{\"@id\":\"https:\/\/lavostrallar.com\/noticias\/ca\/efectos-mindfulness-alzheimer\/\"},\"wordCount\":353,\"publisher\":{\"@id\":\"https:\/\/lavostrallar.com\/noticias\/#organization\"},\"image\":{\"@id\":\"https:\/\/lavostrallar.com\/noticias\/ca\/efectos-mindfulness-alzheimer\/#primaryimage\"},\"thumbnailUrl\":\"https:\/\/lavostrallar.com\/noticias\/wp-content\/uploads\/2023\/05\/20230217_171101-scaled.jpg\",\"keywords\":[\"alzheimer\",\"mindfulness\",\"Residencias de ancianos\"],\"articleSection\":[\"Noticias Blanes\",\"Noticias Clot\",\"Noticias Gr\u00e0cia\",\"Noticias La Rambla\",\"Noticias Les D\u00e0lies\",\"Noticias Les Oliveres\",\"Noticias Matar\u00f3\",\"Noticias Parc G\u00fcell\",\"Noticias Reig\",\"Noticias Terrassa\"],\"inLanguage\":\"es\"},{\"@type\":\"WebPage\",\"@id\":\"https:\/\/lavostrallar.com\/noticias\/ca\/efectos-mindfulness-alzheimer\/\",\"url\":\"https:\/\/lavostrallar.com\/noticias\/ca\/efectos-mindfulness-alzheimer\/\",\"name\":\"Efectos del mindfulness en el Alzheimer - Noticias La Vostra Llar\",\"isPartOf\":{\"@id\":\"https:\/\/lavostrallar.com\/noticias\/#website\"},\"primaryImageOfPage\":{\"@id\":\"https:\/\/lavostrallar.com\/noticias\/ca\/efectos-mindfulness-alzheimer\/#primaryimage\"},\"image\":{\"@id\":\"https:\/\/lavostrallar.com\/noticias\/ca\/efectos-mindfulness-alzheimer\/#primaryimage\"},\"thumbnailUrl\":\"https:\/\/lavostrallar.com\/noticias\/wp-content\/uploads\/2023\/05\/20230217_171101-scaled.jpg\",\"datePublished\":\"2023-05-17T21:06:28+00:00\",\"dateModified\":\"2023-06-07T09:25:50+00:00\",\"description\":\"los datos mostraron que el tratamiento en enfermos de Alzheimer con donepezilo y mindfulness daban lugar a una mejor evoluci\u00f3n cl\u00ednica\",\"breadcrumb\":{\"@id\":\"https:\/\/lavostrallar.com\/noticias\/ca\/efectos-mindfulness-alzheimer\/#breadcrumb\"},\"inLanguage\":\"es\",\"potentialAction\":[{\"@type\":\"ReadAction\",\"target\":[\"https:\/\/lavostrallar.com\/noticias\/ca\/efectos-mindfulness-alzheimer\/\"]}]},{\"@type\":\"ImageObject\",\"inLanguage\":\"es\",\"@id\":\"https:\/\/lavostrallar.com\/noticias\/ca\/efectos-mindfulness-alzheimer\/#primaryimage\",\"url\":\"https:\/\/lavostrallar.com\/noticias\/wp-content\/uploads\/2023\/05\/20230217_171101-scaled.jpg\",\"contentUrl\":\"https:\/\/lavostrallar.com\/noticias\/wp-content\/uploads\/2023\/05\/20230217_171101-scaled.jpg\",\"width\":2560,\"height\":1244,\"caption\":\"mindfulness y Alzheimer\"},{\"@type\":\"BreadcrumbList\",\"@id\":\"https:\/\/lavostrallar.com\/noticias\/ca\/efectos-mindfulness-alzheimer\/#breadcrumb\",\"itemListElement\":[{\"@type\":\"ListItem\",\"position\":1,\"name\":\"Portada\",\"item\":\"https:\/\/lavostrallar.com\/noticias\/\"},{\"@type\":\"ListItem\",\"position\":2,\"name\":\"Efectos del mindfulness en el Alzheimer\"}]},{\"@type\":\"WebSite\",\"@id\":\"https:\/\/lavostrallar.com\/noticias\/#website\",\"url\":\"https:\/\/lavostrallar.com\/noticias\/\",\"name\":\"La Vostra Llar\",\"description\":\"La Vostra Llar gestiona resid\u00e8ncies geri\u00e0triques des de 1987 amb la missi\u00f3 d\u2019oferir assist\u00e8ncia personalitzada per estimular, acollir i atendre les persones grans amb qualsevol grau de depend\u00e8ncia.\",\"publisher\":{\"@id\":\"https:\/\/lavostrallar.com\/noticias\/#organization\"},\"potentialAction\":[{\"@type\":\"SearchAction\",\"target\":{\"@type\":\"EntryPoint\",\"urlTemplate\":\"https:\/\/lavostrallar.com\/noticias\/?s={search_term_string}\"},\"query-input\":{\"@type\":\"PropertyValueSpecification\",\"valueRequired\":true,\"valueName\":\"search_term_string\"}}],\"inLanguage\":\"es\"},{\"@type\":\"Organization\",\"@id\":\"https:\/\/lavostrallar.com\/noticias\/#organization\",\"name\":\"La Vostra Llar\",\"url\":\"https:\/\/lavostrallar.com\/noticias\/\",\"logo\":{\"@type\":\"ImageObject\",\"inLanguage\":\"es\",\"@id\":\"https:\/\/lavostrallar.com\/noticias\/#\/schema\/logo\/image\/\",\"url\":\"https:\/\/lavostrallar.com\/noticias\/wp-content\/uploads\/2021\/12\/logo_lavostrallar.png\",\"contentUrl\":\"https:\/\/lavostrallar.com\/noticias\/wp-content\/uploads\/2021\/12\/logo_lavostrallar.png\",\"width\":217,\"height\":109,\"caption\":\"La Vostra Llar\"},\"image\":{\"@id\":\"https:\/\/lavostrallar.com\/noticias\/#\/schema\/logo\/image\/\"},\"sameAs\":[\"https:\/\/www.facebook.com\/lavostra.llar\",\"https:\/\/x.com\/lavostrallar\",\"https:\/\/www.instagram.com\/lavostrallar\/\"]},{\"@type\":\"Person\",\"@id\":\"https:\/\/lavostrallar.com\/noticias\/#\/schema\/person\/2511dfae685f7be889a50167b3d88a38\",\"name\":\"clot\",\"image\":{\"@type\":\"ImageObject\",\"inLanguage\":\"es\",\"@id\":\"https:\/\/lavostrallar.com\/noticias\/#\/schema\/person\/image\/\",\"url\":\"https:\/\/secure.gravatar.com\/avatar\/3c1df0739940f5c4c6ddbf0cbaa0c04d540ea3f04119bc2b24c94557acb1067c?s=96&d=mm&r=g\",\"contentUrl\":\"https:\/\/secure.gravatar.com\/avatar\/3c1df0739940f5c4c6ddbf0cbaa0c04d540ea3f04119bc2b24c94557acb1067c?s=96&d=mm&r=g\",\"caption\":\"clot\"},\"url\":\"https:\/\/lavostrallar.com\/noticias\/author\/lavostrallar-clot\/\"}]}<\/script>\n<!-- \/ Yoast SEO plugin. -->","yoast_head_json":{"title":"Efectos del mindfulness en el Alzheimer - Noticias La Vostra Llar","description":"los datos mostraron que el tratamiento en enfermos de Alzheimer con donepezilo y mindfulness daban lugar a una mejor evoluci\u00f3n cl\u00ednica","robots":{"index":"index","follow":"follow","max-snippet":"max-snippet:-1","max-image-preview":"max-image-preview:large","max-video-preview":"max-video-preview:-1"},"canonical":"https:\/\/lavostrallar.com\/noticias\/efectos-mindfulness-alzheimer\/","og_locale":"es_ES","og_type":"article","og_title":"Efectos del mindfulness en el Alzheimer - Noticias La Vostra Llar","og_description":"los datos mostraron que el tratamiento en enfermos de Alzheimer con donepezilo y mindfulness daban lugar a una mejor evoluci\u00f3n cl\u00ednica","og_url":"https:\/\/lavostrallar.com\/noticias\/efectos-mindfulness-alzheimer\/","og_site_name":"Noticias La Vostra Llar","article_publisher":"https:\/\/www.facebook.com\/lavostra.llar","article_published_time":"2023-05-17T21:06:28+00:00","article_modified_time":"2023-06-07T09:25:50+00:00","og_image":[{"width":2560,"height":1244,"url":"https:\/\/lavostrallar.com\/noticias\/wp-content\/uploads\/2023\/05\/20230217_171101-scaled.jpg","type":"image\/jpeg"}],"author":"clot","twitter_card":"summary_large_image","twitter_creator":"@lavostrallar","twitter_site":"@lavostrallar","twitter_misc":{"Escrito por":"clot","Tiempo de lectura":"2 minutos"},"schema":{"@context":"https:\/\/schema.org","@graph":[{"@type":"Article","@id":"https:\/\/lavostrallar.com\/noticias\/ca\/efectos-mindfulness-alzheimer\/#article","isPartOf":{"@id":"https:\/\/lavostrallar.com\/noticias\/ca\/efectos-mindfulness-alzheimer\/"},"author":{"name":"clot","@id":"https:\/\/lavostrallar.com\/noticias\/#\/schema\/person\/2511dfae685f7be889a50167b3d88a38"},"headline":"Efectos del mindfulness en el Alzheimer","datePublished":"2023-05-17T21:06:28+00:00","dateModified":"2023-06-07T09:25:50+00:00","mainEntityOfPage":{"@id":"https:\/\/lavostrallar.com\/noticias\/ca\/efectos-mindfulness-alzheimer\/"},"wordCount":353,"publisher":{"@id":"https:\/\/lavostrallar.com\/noticias\/#organization"},"image":{"@id":"https:\/\/lavostrallar.com\/noticias\/ca\/efectos-mindfulness-alzheimer\/#primaryimage"},"thumbnailUrl":"https:\/\/lavostrallar.com\/noticias\/wp-content\/uploads\/2023\/05\/20230217_171101-scaled.jpg","keywords":["alzheimer","mindfulness","Residencias de ancianos"],"articleSection":["Noticias Blanes","Noticias Clot","Noticias Gr\u00e0cia","Noticias La Rambla","Noticias Les D\u00e0lies","Noticias Les Oliveres","Noticias Matar\u00f3","Noticias Parc G\u00fcell","Noticias Reig","Noticias Terrassa"],"inLanguage":"es"},{"@type":"WebPage","@id":"https:\/\/lavostrallar.com\/noticias\/ca\/efectos-mindfulness-alzheimer\/","url":"https:\/\/lavostrallar.com\/noticias\/ca\/efectos-mindfulness-alzheimer\/","name":"Efectos del mindfulness en el Alzheimer - Noticias La Vostra Llar","isPartOf":{"@id":"https:\/\/lavostrallar.com\/noticias\/#website"},"primaryImageOfPage":{"@id":"https:\/\/lavostrallar.com\/noticias\/ca\/efectos-mindfulness-alzheimer\/#primaryimage"},"image":{"@id":"https:\/\/lavostrallar.com\/noticias\/ca\/efectos-mindfulness-alzheimer\/#primaryimage"},"thumbnailUrl":"https:\/\/lavostrallar.com\/noticias\/wp-content\/uploads\/2023\/05\/20230217_171101-scaled.jpg","datePublished":"2023-05-17T21:06:28+00:00","dateModified":"2023-06-07T09:25:50+00:00","description":"los datos mostraron que el tratamiento en enfermos de Alzheimer con donepezilo y mindfulness daban lugar a una mejor evoluci\u00f3n cl\u00ednica","breadcrumb":{"@id":"https:\/\/lavostrallar.com\/noticias\/ca\/efectos-mindfulness-alzheimer\/#breadcrumb"},"inLanguage":"es","potentialAction":[{"@type":"ReadAction","target":["https:\/\/lavostrallar.com\/noticias\/ca\/efectos-mindfulness-alzheimer\/"]}]},{"@type":"ImageObject","inLanguage":"es","@id":"https:\/\/lavostrallar.com\/noticias\/ca\/efectos-mindfulness-alzheimer\/#primaryimage","url":"https:\/\/lavostrallar.com\/noticias\/wp-content\/uploads\/2023\/05\/20230217_171101-scaled.jpg","contentUrl":"https:\/\/lavostrallar.com\/noticias\/wp-content\/uploads\/2023\/05\/20230217_171101-scaled.jpg","width":2560,"height":1244,"caption":"mindfulness y Alzheimer"},{"@type":"BreadcrumbList","@id":"https:\/\/lavostrallar.com\/noticias\/ca\/efectos-mindfulness-alzheimer\/#breadcrumb","itemListElement":[{"@type":"ListItem","position":1,"name":"Portada","item":"https:\/\/lavostrallar.com\/noticias\/"},{"@type":"ListItem","position":2,"name":"Efectos del mindfulness en el Alzheimer"}]},{"@type":"WebSite","@id":"https:\/\/lavostrallar.com\/noticias\/#website","url":"https:\/\/lavostrallar.com\/noticias\/","name":"La Vostra Llar","description":"La Vostra Llar gestiona resid\u00e8ncies geri\u00e0triques des de 1987 amb la missi\u00f3 d\u2019oferir assist\u00e8ncia personalitzada per estimular, acollir i atendre les persones grans amb qualsevol grau de depend\u00e8ncia.","publisher":{"@id":"https:\/\/lavostrallar.com\/noticias\/#organization"},"potentialAction":[{"@type":"SearchAction","target":{"@type":"EntryPoint","urlTemplate":"https:\/\/lavostrallar.com\/noticias\/?s={search_term_string}"},"query-input":{"@type":"PropertyValueSpecification","valueRequired":true,"valueName":"search_term_string"}}],"inLanguage":"es"},{"@type":"Organization","@id":"https:\/\/lavostrallar.com\/noticias\/#organization","name":"La Vostra Llar","url":"https:\/\/lavostrallar.com\/noticias\/","logo":{"@type":"ImageObject","inLanguage":"es","@id":"https:\/\/lavostrallar.com\/noticias\/#\/schema\/logo\/image\/","url":"https:\/\/lavostrallar.com\/noticias\/wp-content\/uploads\/2021\/12\/logo_lavostrallar.png","contentUrl":"https:\/\/lavostrallar.com\/noticias\/wp-content\/uploads\/2021\/12\/logo_lavostrallar.png","width":217,"height":109,"caption":"La Vostra Llar"},"image":{"@id":"https:\/\/lavostrallar.com\/noticias\/#\/schema\/logo\/image\/"},"sameAs":["https:\/\/www.facebook.com\/lavostra.llar","https:\/\/x.com\/lavostrallar","https:\/\/www.instagram.com\/lavostrallar\/"]},{"@type":"Person","@id":"https:\/\/lavostrallar.com\/noticias\/#\/schema\/person\/2511dfae685f7be889a50167b3d88a38","name":"clot","image":{"@type":"ImageObject","inLanguage":"es","@id":"https:\/\/lavostrallar.com\/noticias\/#\/schema\/person\/image\/","url":"https:\/\/secure.gravatar.com\/avatar\/3c1df0739940f5c4c6ddbf0cbaa0c04d540ea3f04119bc2b24c94557acb1067c?s=96&d=mm&r=g","contentUrl":"https:\/\/secure.gravatar.com\/avatar\/3c1df0739940f5c4c6ddbf0cbaa0c04d540ea3f04119bc2b24c94557acb1067c?s=96&d=mm&r=g","caption":"clot"},"url":"https:\/\/lavostrallar.com\/noticias\/author\/lavostrallar-clot\/"}]}},"_links":{"self":[{"href":"https:\/\/lavostrallar.com\/noticias\/wp-json\/wp\/v2\/posts\/24926","targetHints":{"allow":["GET"]}}],"collection":[{"href":"https:\/\/lavostrallar.com\/noticias\/wp-json\/wp\/v2\/posts"}],"about":[{"href":"https:\/\/lavostrallar.com\/noticias\/wp-json\/wp\/v2\/types\/post"}],"author":[{"embeddable":true,"href":"https:\/\/lavostrallar.com\/noticias\/wp-json\/wp\/v2\/users\/15"}],"replies":[{"embeddable":true,"href":"https:\/\/lavostrallar.com\/noticias\/wp-json\/wp\/v2\/comments?post=24926"}],"version-history":[{"count":11,"href":"https:\/\/lavostrallar.com\/noticias\/wp-json\/wp\/v2\/posts\/24926\/revisions"}],"predecessor-version":[{"id":25100,"href":"https:\/\/lavostrallar.com\/noticias\/wp-json\/wp\/v2\/posts\/24926\/revisions\/25100"}],"wp:featuredmedia":[{"embeddable":true,"href":"https:\/\/lavostrallar.com\/noticias\/wp-json\/wp\/v2\/media\/24927"}],"wp:attachment":[{"href":"https:\/\/lavostrallar.com\/noticias\/wp-json\/wp\/v2\/media?parent=24926"}],"wp:term":[{"taxonomy":"category","embeddable":true,"href":"https:\/\/lavostrallar.com\/noticias\/wp-json\/wp\/v2\/categories?post=24926"},{"taxonomy":"post_tag","embeddable":true,"href":"https:\/\/lavostrallar.com\/noticias\/wp-json\/wp\/v2\/tags?post=24926"}],"curies":[{"name":"wp","href":"https:\/\/api.w.org\/{rel}","templated":true}]}}