	{"id":24999,"date":"2023-05-25T14:10:54","date_gmt":"2023-05-25T14:10:54","guid":{"rendered":"https:\/\/lavostrallar.com\/?p=24999"},"modified":"2023-06-07T08:59:20","modified_gmt":"2023-06-07T08:59:20","slug":"actividades-junio-la-vostra-llar-gracia","status":"publish","type":"post","link":"https:\/\/lavostrallar.com\/noticias\/actividades-junio-la-vostra-llar-gracia\/","title":{"rendered":"Actividades junio en la residencia de ancianos La Vostra Llar Gr\u00e0cia"},"content":{"rendered":"\n<p>\u00a1Como gran evento en el mes de junio tenemos <strong>la verbena de San Juan<\/strong>! Con toda la ilusi\u00f3n del mundo estamos comenzando con los preparativos para esta gran fiesta. Aprovechando la llegada del buen tiempo y el calor, estamos preparando la terraza para disfrutar de este festivo que tanto gusta a todos. Adem\u00e1s, esperamos con anhelo poder escuchar el conjunto musical que nos visita cada a\u00f1o en estas fiestas.<\/p>\n\n\n\n<h2 class=\"wp-block-heading has-medium-font-size\">Actividades en la residencia de ancianos<\/h2>\n\n\n\n<p>Una de nuestras prioridades ahora mismo es trabajar en la <strong>decoraci\u00f3n<\/strong> que, para este San Juan, la haremos nosotros mismos. Queremos que el festejo sea a lo grande y con mucha diversi\u00f3n, por eso no queremos olvidar ning\u00fan detalle. \u00bfAlg\u00fan consejo para hacer una decoraci\u00f3n divertida?<br><br>Por otro lado, queremos aprovechar el calorcito para hacer muchas otras actividades, siempre con la debida prevenci\u00f3n al sol y el calor. Para mantenernos hidratados de manera saludable, tendremos el <strong>taller de <em>Smoothies<\/em><\/strong> (zumos naturales) en el cual prepararemos una serie de zumos con las frutas fresquitas de la temporada de verano. \u00bfPuede que este a\u00f1o decoremos los vasos con sombrillitas al estilo americano?&#8230; podr\u00eda ser muy divertido. <\/p>\n\n\n\n<p>No nos olvidemos de las actividades que hacemos durante la semana como la <strong>\u00abM\u00fasica per l\u2019oblit<\/strong>\u00bb o la <strong>terapia con perros<\/strong> que tanto gusta a nuestros residentes; \u00a1los perros son un amor y nos aportan beneficios que se notan tanto al momento como a largo plazo! Adem\u00e1s, los fines de semana recibiremos a los voluntarios que nos brindan la oportunidad de realizar un <strong>rinc\u00f3n de lectura<\/strong>.<\/p>\n\n\n\n<p>Como fecha se\u00f1alada o tema de importancia a trabajar en las sesiones de estimulaci\u00f3n cognitiva, est\u00e1 el d\u00eda del medio ambiente, el 5 de junio. Para esta lecci\u00f3n hablaremos sobre los cambios que est\u00e1n ocurriendo en el planeta y por consecuencia en el medio ambiente\u2026 la falta de lluvias y la desforestaci\u00f3n ser\u00e1n dos de las tem\u00e1ticas m\u00e1s relevantes. <\/p>\n\n\n\n<p>Como cada mes, resulta clave en las actividades de <strong><a href=\"https:\/\/lavostrallar.com\/residencia-dia-gracia\/\">La Vostra Llar Gr\u00e0cia<\/a><\/strong> la labor del fisioterapeuta del centro que nos acompa\u00f1a en los paseos terap\u00e9uticos que hacemos semanalmente y en los talleres de reminiscencia.<\/p>\n\n\n\n<p>Por \u00faltimo, que este mes ya viene bien cargadito de actividades, taller y muchas emociones, tendremos nuestro <a href=\"https:\/\/lavostrallar.com\/menus-de-las-residencias\/\">\u00ab<strong>Men\u00fa de l\u2019avi<\/strong>\u00ab<\/a>, el primer jueves del mes y seguiremos contribuyendo con el proyecto \u00ab<strong>Abriga<\/strong>\u00bb tejiendo mantas para personas en situaci\u00f3n de vulnerabilidad.<\/p>\n","protected":false},"excerpt":{"rendered":"<p>\u00a1Como gran evento en el mes de junio tenemos la verbena de San Juan! Con toda la ilusi\u00f3n del mundo estamos comenzando con los preparativos para esta gran fiesta. Aprovechando la llegada del buen tiempo y el calor, estamos preparando la terraza para disfrutar de este festivo que tanto gusta a todos. Adem\u00e1s, esperamos con [&hellip;]<\/p>\n","protected":false},"author":3,"featured_media":25004,"comment_status":"closed","ping_status":"closed","sticky":false,"template":"","format":"standard","meta":{"content-type":"","footnotes":""},"categories":[18],"tags":[69,9],"class_list":["post-24999","post","type-post","status-publish","format-standard","has-post-thumbnail","hentry","category-noticias-gracia","tag-actividades-para-mayores","tag-residencias-de-ancianos"],"yoast_head":"<!-- This site is optimized with the Yoast SEO plugin v26.0 - https:\/\/yoast.com\/wordpress\/plugins\/seo\/ -->\n<title>Junio en la residencia de ancianos en Gr\u00e0cia - Noticias La Vostra Llar<\/title>\n<meta name=\"description\" content=\"Te contamos sobre todas las actividades que realizaremos en el mes de junio en la residencia de ancianos La Vostra Llar Gr\u00e0cia\" \/>\n<meta name=\"robots\" content=\"index, follow, max-snippet:-1, max-image-preview:large, max-video-preview:-1\" \/>\n<link rel=\"canonical\" href=\"https:\/\/lavostrallar.com\/noticias\/actividades-junio-la-vostra-llar-gracia\/\" \/>\n<meta property=\"og:locale\" content=\"es_ES\" \/>\n<meta property=\"og:type\" content=\"article\" \/>\n<meta property=\"og:title\" content=\"Junio en la residencia de ancianos en Gr\u00e0cia - Noticias La Vostra Llar\" \/>\n<meta property=\"og:description\" content=\"Te contamos sobre todas las actividades que realizaremos en el mes de junio en la residencia de ancianos La Vostra Llar Gr\u00e0cia\" \/>\n<meta property=\"og:url\" content=\"https:\/\/lavostrallar.com\/noticias\/actividades-junio-la-vostra-llar-gracia\/\" \/>\n<meta property=\"og:site_name\" content=\"Noticias La Vostra Llar\" \/>\n<meta property=\"article:publisher\" content=\"https:\/\/www.facebook.com\/lavostra.llar\" \/>\n<meta property=\"article:published_time\" content=\"2023-05-25T14:10:54+00:00\" \/>\n<meta property=\"article:modified_time\" content=\"2023-06-07T08:59:20+00:00\" \/>\n<meta property=\"og:image\" content=\"https:\/\/lavostrallar.com\/noticias\/wp-content\/uploads\/2023\/05\/paseo-3.jpg\" \/>\n\t<meta property=\"og:image:width\" content=\"2016\" \/>\n\t<meta property=\"og:image:height\" content=\"1512\" \/>\n\t<meta property=\"og:image:type\" content=\"image\/jpeg\" \/>\n<meta name=\"author\" content=\"lavostrallar Gracia\" \/>\n<meta name=\"twitter:card\" content=\"summary_large_image\" \/>\n<meta name=\"twitter:creator\" content=\"@lavostrallar\" \/>\n<meta name=\"twitter:site\" content=\"@lavostrallar\" \/>\n<meta name=\"twitter:label1\" content=\"Escrito por\" \/>\n\t<meta name=\"twitter:data1\" content=\"lavostrallar Gracia\" \/>\n\t<meta name=\"twitter:label2\" content=\"Tiempo de lectura\" \/>\n\t<meta name=\"twitter:data2\" content=\"2 minutos\" \/>\n<script type=\"application\/ld+json\" class=\"yoast-schema-graph\">{\"@context\":\"https:\/\/schema.org\",\"@graph\":[{\"@type\":\"Article\",\"@id\":\"https:\/\/lavostrallar.com\/noticias\/actividades-junio-la-vostra-llar-gracia\/#article\",\"isPartOf\":{\"@id\":\"https:\/\/lavostrallar.com\/noticias\/actividades-junio-la-vostra-llar-gracia\/\"},\"author\":{\"name\":\"lavostrallar Gracia\",\"@id\":\"https:\/\/lavostrallar.com\/noticias\/#\/schema\/person\/98d190b96ca2625c1d1b620c5f85d524\"},\"headline\":\"Actividades junio en la residencia de ancianos La Vostra Llar Gr\u00e0cia\",\"datePublished\":\"2023-05-25T14:10:54+00:00\",\"dateModified\":\"2023-06-07T08:59:20+00:00\",\"mainEntityOfPage\":{\"@id\":\"https:\/\/lavostrallar.com\/noticias\/actividades-junio-la-vostra-llar-gracia\/\"},\"wordCount\":429,\"publisher\":{\"@id\":\"https:\/\/lavostrallar.com\/noticias\/#organization\"},\"image\":{\"@id\":\"https:\/\/lavostrallar.com\/noticias\/actividades-junio-la-vostra-llar-gracia\/#primaryimage\"},\"thumbnailUrl\":\"https:\/\/lavostrallar.com\/noticias\/wp-content\/uploads\/2023\/05\/paseo-3.jpg\",\"keywords\":[\"Actividades para mayores\",\"Residencias de ancianos\"],\"articleSection\":[\"Noticias Gr\u00e0cia\"],\"inLanguage\":\"es\"},{\"@type\":\"WebPage\",\"@id\":\"https:\/\/lavostrallar.com\/noticias\/actividades-junio-la-vostra-llar-gracia\/\",\"url\":\"https:\/\/lavostrallar.com\/noticias\/actividades-junio-la-vostra-llar-gracia\/\",\"name\":\"Junio en la residencia de ancianos en Gr\u00e0cia - Noticias La Vostra Llar\",\"isPartOf\":{\"@id\":\"https:\/\/lavostrallar.com\/noticias\/#website\"},\"primaryImageOfPage\":{\"@id\":\"https:\/\/lavostrallar.com\/noticias\/actividades-junio-la-vostra-llar-gracia\/#primaryimage\"},\"image\":{\"@id\":\"https:\/\/lavostrallar.com\/noticias\/actividades-junio-la-vostra-llar-gracia\/#primaryimage\"},\"thumbnailUrl\":\"https:\/\/lavostrallar.com\/noticias\/wp-content\/uploads\/2023\/05\/paseo-3.jpg\",\"datePublished\":\"2023-05-25T14:10:54+00:00\",\"dateModified\":\"2023-06-07T08:59:20+00:00\",\"description\":\"Te contamos sobre todas las actividades que realizaremos en el mes de junio en la residencia de ancianos La Vostra Llar Gr\u00e0cia\",\"breadcrumb\":{\"@id\":\"https:\/\/lavostrallar.com\/noticias\/actividades-junio-la-vostra-llar-gracia\/#breadcrumb\"},\"inLanguage\":\"es\",\"potentialAction\":[{\"@type\":\"ReadAction\",\"target\":[\"https:\/\/lavostrallar.com\/noticias\/actividades-junio-la-vostra-llar-gracia\/\"]}]},{\"@type\":\"ImageObject\",\"inLanguage\":\"es\",\"@id\":\"https:\/\/lavostrallar.com\/noticias\/actividades-junio-la-vostra-llar-gracia\/#primaryimage\",\"url\":\"https:\/\/lavostrallar.com\/noticias\/wp-content\/uploads\/2023\/05\/paseo-3.jpg\",\"contentUrl\":\"https:\/\/lavostrallar.com\/noticias\/wp-content\/uploads\/2023\/05\/paseo-3.jpg\",\"width\":2016,\"height\":1512,\"caption\":\"actividades en la residencia de ancianos\"},{\"@type\":\"BreadcrumbList\",\"@id\":\"https:\/\/lavostrallar.com\/noticias\/actividades-junio-la-vostra-llar-gracia\/#breadcrumb\",\"itemListElement\":[{\"@type\":\"ListItem\",\"position\":1,\"name\":\"Portada\",\"item\":\"https:\/\/lavostrallar.com\/noticias\/\"},{\"@type\":\"ListItem\",\"position\":2,\"name\":\"Actividades junio en la residencia de ancianos La Vostra Llar Gr\u00e0cia\"}]},{\"@type\":\"WebSite\",\"@id\":\"https:\/\/lavostrallar.com\/noticias\/#website\",\"url\":\"https:\/\/lavostrallar.com\/noticias\/\",\"name\":\"La Vostra Llar\",\"description\":\"La Vostra Llar gestiona resid\u00e8ncies geri\u00e0triques des de 1987 amb la missi\u00f3 d\u2019oferir assist\u00e8ncia personalitzada per estimular, acollir i atendre les persones grans amb qualsevol grau de depend\u00e8ncia.\",\"publisher\":{\"@id\":\"https:\/\/lavostrallar.com\/noticias\/#organization\"},\"potentialAction\":[{\"@type\":\"SearchAction\",\"target\":{\"@type\":\"EntryPoint\",\"urlTemplate\":\"https:\/\/lavostrallar.com\/noticias\/?s={search_term_string}\"},\"query-input\":{\"@type\":\"PropertyValueSpecification\",\"valueRequired\":true,\"valueName\":\"search_term_string\"}}],\"inLanguage\":\"es\"},{\"@type\":\"Organization\",\"@id\":\"https:\/\/lavostrallar.com\/noticias\/#organization\",\"name\":\"La Vostra Llar\",\"url\":\"https:\/\/lavostrallar.com\/noticias\/\",\"logo\":{\"@type\":\"ImageObject\",\"inLanguage\":\"es\",\"@id\":\"https:\/\/lavostrallar.com\/noticias\/#\/schema\/logo\/image\/\",\"url\":\"https:\/\/lavostrallar.com\/noticias\/wp-content\/uploads\/2021\/12\/logo_lavostrallar.png\",\"contentUrl\":\"https:\/\/lavostrallar.com\/noticias\/wp-content\/uploads\/2021\/12\/logo_lavostrallar.png\",\"width\":217,\"height\":109,\"caption\":\"La Vostra Llar\"},\"image\":{\"@id\":\"https:\/\/lavostrallar.com\/noticias\/#\/schema\/logo\/image\/\"},\"sameAs\":[\"https:\/\/www.facebook.com\/lavostra.llar\",\"https:\/\/x.com\/lavostrallar\",\"https:\/\/www.instagram.com\/lavostrallar\/\"]},{\"@type\":\"Person\",\"@id\":\"https:\/\/lavostrallar.com\/noticias\/#\/schema\/person\/98d190b96ca2625c1d1b620c5f85d524\",\"name\":\"lavostrallar Gracia\",\"image\":{\"@type\":\"ImageObject\",\"inLanguage\":\"es\",\"@id\":\"https:\/\/lavostrallar.com\/noticias\/#\/schema\/person\/image\/\",\"url\":\"https:\/\/secure.gravatar.com\/avatar\/22e1dc84f9fddb4b1831e2289bde1824099c3c45d1caa39e81531ea2f7fb0212?s=96&d=mm&r=g\",\"contentUrl\":\"https:\/\/secure.gravatar.com\/avatar\/22e1dc84f9fddb4b1831e2289bde1824099c3c45d1caa39e81531ea2f7fb0212?s=96&d=mm&r=g\",\"caption\":\"lavostrallar Gracia\"},\"sameAs\":[\"lavostrallar\"],\"url\":\"https:\/\/lavostrallar.com\/noticias\/author\/lavostrallar-gracia\/\"}]}<\/script>\n<!-- \/ Yoast SEO plugin. -->","yoast_head_json":{"title":"Junio en la residencia de ancianos en Gr\u00e0cia - Noticias La Vostra Llar","description":"Te contamos sobre todas las actividades que realizaremos en el mes de junio en la residencia de ancianos La Vostra Llar Gr\u00e0cia","robots":{"index":"index","follow":"follow","max-snippet":"max-snippet:-1","max-image-preview":"max-image-preview:large","max-video-preview":"max-video-preview:-1"},"canonical":"https:\/\/lavostrallar.com\/noticias\/actividades-junio-la-vostra-llar-gracia\/","og_locale":"es_ES","og_type":"article","og_title":"Junio en la residencia de ancianos en Gr\u00e0cia - Noticias La Vostra Llar","og_description":"Te contamos sobre todas las actividades que realizaremos en el mes de junio en la residencia de ancianos La Vostra Llar Gr\u00e0cia","og_url":"https:\/\/lavostrallar.com\/noticias\/actividades-junio-la-vostra-llar-gracia\/","og_site_name":"Noticias La Vostra Llar","article_publisher":"https:\/\/www.facebook.com\/lavostra.llar","article_published_time":"2023-05-25T14:10:54+00:00","article_modified_time":"2023-06-07T08:59:20+00:00","og_image":[{"width":2016,"height":1512,"url":"https:\/\/lavostrallar.com\/noticias\/wp-content\/uploads\/2023\/05\/paseo-3.jpg","type":"image\/jpeg"}],"author":"lavostrallar Gracia","twitter_card":"summary_large_image","twitter_creator":"@lavostrallar","twitter_site":"@lavostrallar","twitter_misc":{"Escrito por":"lavostrallar Gracia","Tiempo de lectura":"2 minutos"},"schema":{"@context":"https:\/\/schema.org","@graph":[{"@type":"Article","@id":"https:\/\/lavostrallar.com\/noticias\/actividades-junio-la-vostra-llar-gracia\/#article","isPartOf":{"@id":"https:\/\/lavostrallar.com\/noticias\/actividades-junio-la-vostra-llar-gracia\/"},"author":{"name":"lavostrallar Gracia","@id":"https:\/\/lavostrallar.com\/noticias\/#\/schema\/person\/98d190b96ca2625c1d1b620c5f85d524"},"headline":"Actividades junio en la residencia de ancianos La Vostra Llar Gr\u00e0cia","datePublished":"2023-05-25T14:10:54+00:00","dateModified":"2023-06-07T08:59:20+00:00","mainEntityOfPage":{"@id":"https:\/\/lavostrallar.com\/noticias\/actividades-junio-la-vostra-llar-gracia\/"},"wordCount":429,"publisher":{"@id":"https:\/\/lavostrallar.com\/noticias\/#organization"},"image":{"@id":"https:\/\/lavostrallar.com\/noticias\/actividades-junio-la-vostra-llar-gracia\/#primaryimage"},"thumbnailUrl":"https:\/\/lavostrallar.com\/noticias\/wp-content\/uploads\/2023\/05\/paseo-3.jpg","keywords":["Actividades para mayores","Residencias de ancianos"],"articleSection":["Noticias Gr\u00e0cia"],"inLanguage":"es"},{"@type":"WebPage","@id":"https:\/\/lavostrallar.com\/noticias\/actividades-junio-la-vostra-llar-gracia\/","url":"https:\/\/lavostrallar.com\/noticias\/actividades-junio-la-vostra-llar-gracia\/","name":"Junio en la residencia de ancianos en Gr\u00e0cia - Noticias La Vostra Llar","isPartOf":{"@id":"https:\/\/lavostrallar.com\/noticias\/#website"},"primaryImageOfPage":{"@id":"https:\/\/lavostrallar.com\/noticias\/actividades-junio-la-vostra-llar-gracia\/#primaryimage"},"image":{"@id":"https:\/\/lavostrallar.com\/noticias\/actividades-junio-la-vostra-llar-gracia\/#primaryimage"},"thumbnailUrl":"https:\/\/lavostrallar.com\/noticias\/wp-content\/uploads\/2023\/05\/paseo-3.jpg","datePublished":"2023-05-25T14:10:54+00:00","dateModified":"2023-06-07T08:59:20+00:00","description":"Te contamos sobre todas las actividades que realizaremos en el mes de junio en la residencia de ancianos La Vostra Llar Gr\u00e0cia","breadcrumb":{"@id":"https:\/\/lavostrallar.com\/noticias\/actividades-junio-la-vostra-llar-gracia\/#breadcrumb"},"inLanguage":"es","potentialAction":[{"@type":"ReadAction","target":["https:\/\/lavostrallar.com\/noticias\/actividades-junio-la-vostra-llar-gracia\/"]}]},{"@type":"ImageObject","inLanguage":"es","@id":"https:\/\/lavostrallar.com\/noticias\/actividades-junio-la-vostra-llar-gracia\/#primaryimage","url":"https:\/\/lavostrallar.com\/noticias\/wp-content\/uploads\/2023\/05\/paseo-3.jpg","contentUrl":"https:\/\/lavostrallar.com\/noticias\/wp-content\/uploads\/2023\/05\/paseo-3.jpg","width":2016,"height":1512,"caption":"actividades en la residencia de ancianos"},{"@type":"BreadcrumbList","@id":"https:\/\/lavostrallar.com\/noticias\/actividades-junio-la-vostra-llar-gracia\/#breadcrumb","itemListElement":[{"@type":"ListItem","position":1,"name":"Portada","item":"https:\/\/lavostrallar.com\/noticias\/"},{"@type":"ListItem","position":2,"name":"Actividades junio en la residencia de ancianos La Vostra Llar Gr\u00e0cia"}]},{"@type":"WebSite","@id":"https:\/\/lavostrallar.com\/noticias\/#website","url":"https:\/\/lavostrallar.com\/noticias\/","name":"La Vostra Llar","description":"La Vostra Llar gestiona resid\u00e8ncies geri\u00e0triques des de 1987 amb la missi\u00f3 d\u2019oferir assist\u00e8ncia personalitzada per estimular, acollir i atendre les persones grans amb qualsevol grau de depend\u00e8ncia.","publisher":{"@id":"https:\/\/lavostrallar.com\/noticias\/#organization"},"potentialAction":[{"@type":"SearchAction","target":{"@type":"EntryPoint","urlTemplate":"https:\/\/lavostrallar.com\/noticias\/?s={search_term_string}"},"query-input":{"@type":"PropertyValueSpecification","valueRequired":true,"valueName":"search_term_string"}}],"inLanguage":"es"},{"@type":"Organization","@id":"https:\/\/lavostrallar.com\/noticias\/#organization","name":"La Vostra Llar","url":"https:\/\/lavostrallar.com\/noticias\/","logo":{"@type":"ImageObject","inLanguage":"es","@id":"https:\/\/lavostrallar.com\/noticias\/#\/schema\/logo\/image\/","url":"https:\/\/lavostrallar.com\/noticias\/wp-content\/uploads\/2021\/12\/logo_lavostrallar.png","contentUrl":"https:\/\/lavostrallar.com\/noticias\/wp-content\/uploads\/2021\/12\/logo_lavostrallar.png","width":217,"height":109,"caption":"La Vostra Llar"},"image":{"@id":"https:\/\/lavostrallar.com\/noticias\/#\/schema\/logo\/image\/"},"sameAs":["https:\/\/www.facebook.com\/lavostra.llar","https:\/\/x.com\/lavostrallar","https:\/\/www.instagram.com\/lavostrallar\/"]},{"@type":"Person","@id":"https:\/\/lavostrallar.com\/noticias\/#\/schema\/person\/98d190b96ca2625c1d1b620c5f85d524","name":"lavostrallar Gracia","image":{"@type":"ImageObject","inLanguage":"es","@id":"https:\/\/lavostrallar.com\/noticias\/#\/schema\/person\/image\/","url":"https:\/\/secure.gravatar.com\/avatar\/22e1dc84f9fddb4b1831e2289bde1824099c3c45d1caa39e81531ea2f7fb0212?s=96&d=mm&r=g","contentUrl":"https:\/\/secure.gravatar.com\/avatar\/22e1dc84f9fddb4b1831e2289bde1824099c3c45d1caa39e81531ea2f7fb0212?s=96&d=mm&r=g","caption":"lavostrallar Gracia"},"sameAs":["lavostrallar"],"url":"https:\/\/lavostrallar.com\/noticias\/author\/lavostrallar-gracia\/"}]}},"_links":{"self":[{"href":"https:\/\/lavostrallar.com\/noticias\/wp-json\/wp\/v2\/posts\/24999","targetHints":{"allow":["GET"]}}],"collection":[{"href":"https:\/\/lavostrallar.com\/noticias\/wp-json\/wp\/v2\/posts"}],"about":[{"href":"https:\/\/lavostrallar.com\/noticias\/wp-json\/wp\/v2\/types\/post"}],"author":[{"embeddable":true,"href":"https:\/\/lavostrallar.com\/noticias\/wp-json\/wp\/v2\/users\/3"}],"replies":[{"embeddable":true,"href":"https:\/\/lavostrallar.com\/noticias\/wp-json\/wp\/v2\/comments?post=24999"}],"version-history":[{"count":8,"href":"https:\/\/lavostrallar.com\/noticias\/wp-json\/wp\/v2\/posts\/24999\/revisions"}],"predecessor-version":[{"id":25143,"href":"https:\/\/lavostrallar.com\/noticias\/wp-json\/wp\/v2\/posts\/24999\/revisions\/25143"}],"wp:featuredmedia":[{"embeddable":true,"href":"https:\/\/lavostrallar.com\/noticias\/wp-json\/wp\/v2\/media\/25004"}],"wp:attachment":[{"href":"https:\/\/lavostrallar.com\/noticias\/wp-json\/wp\/v2\/media?parent=24999"}],"wp:term":[{"taxonomy":"category","embeddable":true,"href":"https:\/\/lavostrallar.com\/noticias\/wp-json\/wp\/v2\/categories?post=24999"},{"taxonomy":"post_tag","embeddable":true,"href":"https:\/\/lavostrallar.com\/noticias\/wp-json\/wp\/v2\/tags?post=24999"}],"curies":[{"name":"wp","href":"https:\/\/api.w.org\/{rel}","templated":true}]}}