	{"id":25000,"date":"2023-05-26T13:26:37","date_gmt":"2023-05-26T13:26:37","guid":{"rendered":"https:\/\/lavostrallar.com\/?p=25000"},"modified":"2023-06-12T14:40:05","modified_gmt":"2023-06-12T14:40:05","slug":"junio-soleado-y-brillante-te-pone-de-buen-talante","status":"publish","type":"post","link":"https:\/\/lavostrallar.com\/noticias\/junio-soleado-y-brillante-te-pone-de-buen-talante\/","title":{"rendered":"En la residencia de ancianos Oliveres, Junio soleado y brillante, te pone de buen talante"},"content":{"rendered":"\n<p>Desde <strong><a href=\"https:\/\/lavostrallar.com\/residencia-les-oliveres\/\">La Vostra Llar Les Oliveres<\/a><\/strong> tenemos muchas ganas de empezar este nuevo mes, lleno de actividades emocionantes, adem\u00e1s del buen tiempo, solecito y calor.<\/p>\n\n\n\n<p>El primer jueves de mes celebraremos el \u00abMen\u00fa de l&#8217;avi\u00bb. En esta ocasi\u00f3n, nuestros residentes han elegido como primer plato esqueixada de bacalao; de segundo, callos a la madrile\u00f1a y de postre profiteroles.<\/p>\n\n\n\n<p>Los jueves por la ma\u00f1ana seguiremos haciendo sesiones participativas de m\u00fasica, movimiento y creatividad con el taller de \u201cM\u00fasica para el olvido\u201d de&nbsp;<a href=\"http:\/\/artransforma.org\/art\/es\/inicio\/\">ARTransforma<\/a>. En estos momentos, compartimos actividades, juegos, peque\u00f1os conciertos, instrumentos, sonidos, experimentaci\u00f3n musical, improvisaci\u00f3n, canciones, movimiento\u2026 fomentando la autonom\u00eda, la toma de decisiones, la interacci\u00f3n, el disfrute y el aprendizaje.<\/p>\n\n\n\n<p>Cada quince d\u00edas, los martes por la tarde, seguiremos disfrutando de la terapia asistida con perros a trav\u00e9s de los profesionales de&nbsp;<a href=\"https:\/\/www.itcan.cat\/\">ITCAN, Intervencions Assistides amb Gos<\/a>. Trabajaremos la estimulaci\u00f3n cognitiva y sensorial y fomentaremos la comunicaci\u00f3n afectiva y l\u00fadica.<\/p>\n\n\n\n<p>Y tambi\u00e9n, cada quince d\u00edas, los martes por la tarde, seguiremos con el servicio religioso de la mano del Mos\u00e9n Enric. Nos encanta escuchar sus sabias palabras.<\/p>\n\n\n\n<h2 class=\"wp-block-heading has-medium-font-size\">M\u00e1s actividades en la residencia de ancianos<\/h2>\n\n\n\n<p>Como siempre, realizaremos salidas terap\u00e9uticas una o dos veces por semana para mantener el contacto con el entorno y ejercitar el cerebro, adem\u00e1s de cantar y hablar de la vida.<\/p>\n\n\n\n<p>Desde hace unos meses nos acompa\u00f1an en nuestro d\u00eda a d\u00eda, los j\u00f3venes voluntarios del Instituto de Sant Gregori. As\u00ed pues, cada tarde seguiremos disfrutando de juegos, m\u00fasica y confidencias para fomentar el conocimiento mutuo. Este mes, pero, ya es el \u00faltimo que nos acompa\u00f1an. \u00a1Los echaremos de menos! Para mediados de mes haremos una fiesta de despedida todos juntos para celebrar y agradecernos mutuamente la compa\u00f1\u00eda durante estos meses.<\/p>\n\n\n\n<p>Seguiremos con el Proyecto Abriga de la organizaci\u00f3n sin \u00e1nimo de lucro&nbsp;<a href=\"https:\/\/www.vidasignificativa.org\/\">Vida Significativa<\/a>. Este proyecto consiste en crear mantas de forma colectiva con ganchillo, una actividad que hace sentir a nuestros mayores part\u00edcipes de una importante iniciativa.<\/p>\n\n\n\n<p>Adem\u00e1s, el equipo t\u00e9cnico multidisciplinar ha preparado talleres grupales tanto de gimnasia como de actividades cognitivas, motricidad, arte, belleza, relajaci\u00f3n, memoria, atenci\u00f3n\u2026<\/p>\n\n\n\n<p>Cada jueves tenemos el bingo, que nos encanta. Tambi\u00e9n las sesiones de cinema los viernes. Disfrutamos mucho de estos ratitos.<\/p>\n\n\n\n<p>Como actividad especial, para prepararnos para la verbena de San Juan, realizaremos un taller de preparaci\u00f3n de&nbsp;<em>smoothies<\/em>, batidos elaborados a base de zumos y trozos de fruta natural. \u00a1Nos quedar\u00e1n buen\u00edsimos!<\/p>\n\n\n\n<p>Y, finalmente, acabaremos el mes con una gran celebraci\u00f3n: los cumplea\u00f1os de todos los residentes nacidos en junio. Nuestros protagonistas tendr\u00e1n m\u00fasica, regalos y tarta de cumplea\u00f1os, \u00a1adem\u00e1s de alegr\u00eda y buena vibra!<\/p>\n\n\n\n<p>\u00a1Gracias y feliz mes de junio!<\/p>\n\n\n\n<h2 class=\"wp-block-heading has-text-align-center has-luminous-vivid-orange-color has-text-color has-medium-font-size\"><a href=\"https:\/\/lavostrallar.com\/\">Descubre m\u00e1s sobre las residencias de ancianos La Vostra Llar<\/a><\/h2>\n\n\n\n<p><\/p>\n","protected":false},"excerpt":{"rendered":"<p>Desde La Vostra Llar Les Oliveres tenemos muchas ganas de empezar este nuevo mes, lleno de actividades emocionantes, adem\u00e1s del buen tiempo, solecito y calor. El primer jueves de mes celebraremos el \u00abMen\u00fa de l&#8217;avi\u00bb. En esta ocasi\u00f3n, nuestros residentes han elegido como primer plato esqueixada de bacalao; de segundo, callos a la madrile\u00f1a y [&hellip;]<\/p>\n","protected":false},"author":6,"featured_media":25002,"comment_status":"closed","ping_status":"closed","sticky":false,"template":"","format":"standard","meta":{"content-type":"","footnotes":""},"categories":[14],"tags":[69,9],"class_list":["post-25000","post","type-post","status-publish","format-standard","has-post-thumbnail","hentry","category-noticias-les-oliveres","tag-actividades-para-mayores","tag-residencias-de-ancianos"],"yoast_head":"<!-- This site is optimized with the Yoast SEO plugin v26.0 - https:\/\/yoast.com\/wordpress\/plugins\/seo\/ -->\n<title>Junio en la residencia de ancianos Oliveres - Noticias La Vostra Llar<\/title>\n<meta name=\"description\" content=\"Descubre qu\u00e9 actividades realizaremos en la residencia de ancianos La Vostra Llar Oliveres. Te lo contamos todo aqu\u00ed\" \/>\n<meta name=\"robots\" content=\"index, follow, max-snippet:-1, max-image-preview:large, max-video-preview:-1\" \/>\n<link rel=\"canonical\" href=\"https:\/\/lavostrallar.com\/noticias\/junio-soleado-y-brillante-te-pone-de-buen-talante\/\" \/>\n<meta property=\"og:locale\" content=\"es_ES\" \/>\n<meta property=\"og:type\" content=\"article\" \/>\n<meta property=\"og:title\" content=\"Junio en la residencia de ancianos Oliveres - Noticias La Vostra Llar\" \/>\n<meta property=\"og:description\" content=\"Descubre qu\u00e9 actividades realizaremos en la residencia de ancianos La Vostra Llar Oliveres. Te lo contamos todo aqu\u00ed\" \/>\n<meta property=\"og:url\" content=\"https:\/\/lavostrallar.com\/noticias\/junio-soleado-y-brillante-te-pone-de-buen-talante\/\" \/>\n<meta property=\"og:site_name\" content=\"Noticias La Vostra Llar\" \/>\n<meta property=\"article:publisher\" content=\"https:\/\/www.facebook.com\/lavostra.llar\" \/>\n<meta property=\"article:published_time\" content=\"2023-05-26T13:26:37+00:00\" \/>\n<meta property=\"article:modified_time\" content=\"2023-06-12T14:40:05+00:00\" \/>\n<meta property=\"og:image\" content=\"https:\/\/lavostrallar.com\/noticias\/wp-content\/uploads\/2023\/05\/346039917_1674133749718210_6587435144318916713_n.jpg\" \/>\n\t<meta property=\"og:image:width\" content=\"1536\" \/>\n\t<meta property=\"og:image:height\" content=\"2048\" \/>\n\t<meta property=\"og:image:type\" content=\"image\/jpeg\" \/>\n<meta name=\"author\" content=\"lavostrallar les oliveres\" \/>\n<meta name=\"twitter:card\" content=\"summary_large_image\" \/>\n<meta name=\"twitter:creator\" content=\"@lavostrallar\" \/>\n<meta name=\"twitter:site\" content=\"@lavostrallar\" \/>\n<meta name=\"twitter:label1\" content=\"Escrito por\" \/>\n\t<meta name=\"twitter:data1\" content=\"lavostrallar les oliveres\" \/>\n\t<meta name=\"twitter:label2\" content=\"Tiempo de lectura\" \/>\n\t<meta name=\"twitter:data2\" content=\"2 minutos\" \/>\n<script type=\"application\/ld+json\" class=\"yoast-schema-graph\">{\"@context\":\"https:\/\/schema.org\",\"@graph\":[{\"@type\":\"Article\",\"@id\":\"https:\/\/lavostrallar.com\/noticias\/ca\/junio-soleado-y-brillante-te-pone-de-buen-talante\/#article\",\"isPartOf\":{\"@id\":\"https:\/\/lavostrallar.com\/noticias\/ca\/junio-soleado-y-brillante-te-pone-de-buen-talante\/\"},\"author\":{\"name\":\"lavostrallar les oliveres\",\"@id\":\"https:\/\/lavostrallar.com\/noticias\/#\/schema\/person\/f4289e6c8ab39fa8174fb0c6961cf3d9\"},\"headline\":\"En la residencia de ancianos Oliveres, Junio soleado y brillante, te pone de buen talante\",\"datePublished\":\"2023-05-26T13:26:37+00:00\",\"dateModified\":\"2023-06-12T14:40:05+00:00\",\"mainEntityOfPage\":{\"@id\":\"https:\/\/lavostrallar.com\/noticias\/ca\/junio-soleado-y-brillante-te-pone-de-buen-talante\/\"},\"wordCount\":513,\"publisher\":{\"@id\":\"https:\/\/lavostrallar.com\/noticias\/#organization\"},\"image\":{\"@id\":\"https:\/\/lavostrallar.com\/noticias\/ca\/junio-soleado-y-brillante-te-pone-de-buen-talante\/#primaryimage\"},\"thumbnailUrl\":\"https:\/\/lavostrallar.com\/noticias\/wp-content\/uploads\/2023\/05\/346039917_1674133749718210_6587435144318916713_n.jpg\",\"keywords\":[\"Actividades para mayores\",\"Residencias de ancianos\"],\"articleSection\":[\"Noticias Les Oliveres\"],\"inLanguage\":\"es\"},{\"@type\":\"WebPage\",\"@id\":\"https:\/\/lavostrallar.com\/noticias\/ca\/junio-soleado-y-brillante-te-pone-de-buen-talante\/\",\"url\":\"https:\/\/lavostrallar.com\/noticias\/ca\/junio-soleado-y-brillante-te-pone-de-buen-talante\/\",\"name\":\"Junio en la residencia de ancianos Oliveres - Noticias La Vostra Llar\",\"isPartOf\":{\"@id\":\"https:\/\/lavostrallar.com\/noticias\/#website\"},\"primaryImageOfPage\":{\"@id\":\"https:\/\/lavostrallar.com\/noticias\/ca\/junio-soleado-y-brillante-te-pone-de-buen-talante\/#primaryimage\"},\"image\":{\"@id\":\"https:\/\/lavostrallar.com\/noticias\/ca\/junio-soleado-y-brillante-te-pone-de-buen-talante\/#primaryimage\"},\"thumbnailUrl\":\"https:\/\/lavostrallar.com\/noticias\/wp-content\/uploads\/2023\/05\/346039917_1674133749718210_6587435144318916713_n.jpg\",\"datePublished\":\"2023-05-26T13:26:37+00:00\",\"dateModified\":\"2023-06-12T14:40:05+00:00\",\"description\":\"Descubre qu\u00e9 actividades realizaremos en la residencia de ancianos La Vostra Llar Oliveres. Te lo contamos todo aqu\u00ed\",\"breadcrumb\":{\"@id\":\"https:\/\/lavostrallar.com\/noticias\/ca\/junio-soleado-y-brillante-te-pone-de-buen-talante\/#breadcrumb\"},\"inLanguage\":\"es\",\"potentialAction\":[{\"@type\":\"ReadAction\",\"target\":[\"https:\/\/lavostrallar.com\/noticias\/ca\/junio-soleado-y-brillante-te-pone-de-buen-talante\/\"]}]},{\"@type\":\"ImageObject\",\"inLanguage\":\"es\",\"@id\":\"https:\/\/lavostrallar.com\/noticias\/ca\/junio-soleado-y-brillante-te-pone-de-buen-talante\/#primaryimage\",\"url\":\"https:\/\/lavostrallar.com\/noticias\/wp-content\/uploads\/2023\/05\/346039917_1674133749718210_6587435144318916713_n.jpg\",\"contentUrl\":\"https:\/\/lavostrallar.com\/noticias\/wp-content\/uploads\/2023\/05\/346039917_1674133749718210_6587435144318916713_n.jpg\",\"width\":1536,\"height\":2048,\"caption\":\"residencia de ancianos Oliveres\"},{\"@type\":\"BreadcrumbList\",\"@id\":\"https:\/\/lavostrallar.com\/noticias\/ca\/junio-soleado-y-brillante-te-pone-de-buen-talante\/#breadcrumb\",\"itemListElement\":[{\"@type\":\"ListItem\",\"position\":1,\"name\":\"Portada\",\"item\":\"https:\/\/lavostrallar.com\/noticias\/\"},{\"@type\":\"ListItem\",\"position\":2,\"name\":\"En la residencia de ancianos Oliveres, Junio soleado y brillante, te pone de buen talante\"}]},{\"@type\":\"WebSite\",\"@id\":\"https:\/\/lavostrallar.com\/noticias\/#website\",\"url\":\"https:\/\/lavostrallar.com\/noticias\/\",\"name\":\"La Vostra Llar\",\"description\":\"La Vostra Llar gestiona resid\u00e8ncies geri\u00e0triques des de 1987 amb la missi\u00f3 d\u2019oferir assist\u00e8ncia personalitzada per estimular, acollir i atendre les persones grans amb qualsevol grau de depend\u00e8ncia.\",\"publisher\":{\"@id\":\"https:\/\/lavostrallar.com\/noticias\/#organization\"},\"potentialAction\":[{\"@type\":\"SearchAction\",\"target\":{\"@type\":\"EntryPoint\",\"urlTemplate\":\"https:\/\/lavostrallar.com\/noticias\/?s={search_term_string}\"},\"query-input\":{\"@type\":\"PropertyValueSpecification\",\"valueRequired\":true,\"valueName\":\"search_term_string\"}}],\"inLanguage\":\"es\"},{\"@type\":\"Organization\",\"@id\":\"https:\/\/lavostrallar.com\/noticias\/#organization\",\"name\":\"La Vostra Llar\",\"url\":\"https:\/\/lavostrallar.com\/noticias\/\",\"logo\":{\"@type\":\"ImageObject\",\"inLanguage\":\"es\",\"@id\":\"https:\/\/lavostrallar.com\/noticias\/#\/schema\/logo\/image\/\",\"url\":\"https:\/\/lavostrallar.com\/noticias\/wp-content\/uploads\/2021\/12\/logo_lavostrallar.png\",\"contentUrl\":\"https:\/\/lavostrallar.com\/noticias\/wp-content\/uploads\/2021\/12\/logo_lavostrallar.png\",\"width\":217,\"height\":109,\"caption\":\"La Vostra Llar\"},\"image\":{\"@id\":\"https:\/\/lavostrallar.com\/noticias\/#\/schema\/logo\/image\/\"},\"sameAs\":[\"https:\/\/www.facebook.com\/lavostra.llar\",\"https:\/\/x.com\/lavostrallar\",\"https:\/\/www.instagram.com\/lavostrallar\/\"]},{\"@type\":\"Person\",\"@id\":\"https:\/\/lavostrallar.com\/noticias\/#\/schema\/person\/f4289e6c8ab39fa8174fb0c6961cf3d9\",\"name\":\"lavostrallar les oliveres\",\"image\":{\"@type\":\"ImageObject\",\"inLanguage\":\"es\",\"@id\":\"https:\/\/lavostrallar.com\/noticias\/#\/schema\/person\/image\/\",\"url\":\"https:\/\/secure.gravatar.com\/avatar\/8a68ffd91f344473a54bf43806c46b546425f438f4ef4581a92a140ec7d5298a?s=96&d=mm&r=g\",\"contentUrl\":\"https:\/\/secure.gravatar.com\/avatar\/8a68ffd91f344473a54bf43806c46b546425f438f4ef4581a92a140ec7d5298a?s=96&d=mm&r=g\",\"caption\":\"lavostrallar les oliveres\"},\"url\":\"https:\/\/lavostrallar.com\/noticias\/author\/lavostrallar-les-oliveres\/\"}]}<\/script>\n<!-- \/ Yoast SEO plugin. -->","yoast_head_json":{"title":"Junio en la residencia de ancianos Oliveres - Noticias La Vostra Llar","description":"Descubre qu\u00e9 actividades realizaremos en la residencia de ancianos La Vostra Llar Oliveres. Te lo contamos todo aqu\u00ed","robots":{"index":"index","follow":"follow","max-snippet":"max-snippet:-1","max-image-preview":"max-image-preview:large","max-video-preview":"max-video-preview:-1"},"canonical":"https:\/\/lavostrallar.com\/noticias\/junio-soleado-y-brillante-te-pone-de-buen-talante\/","og_locale":"es_ES","og_type":"article","og_title":"Junio en la residencia de ancianos Oliveres - Noticias La Vostra Llar","og_description":"Descubre qu\u00e9 actividades realizaremos en la residencia de ancianos La Vostra Llar Oliveres. Te lo contamos todo aqu\u00ed","og_url":"https:\/\/lavostrallar.com\/noticias\/junio-soleado-y-brillante-te-pone-de-buen-talante\/","og_site_name":"Noticias La Vostra Llar","article_publisher":"https:\/\/www.facebook.com\/lavostra.llar","article_published_time":"2023-05-26T13:26:37+00:00","article_modified_time":"2023-06-12T14:40:05+00:00","og_image":[{"width":1536,"height":2048,"url":"https:\/\/lavostrallar.com\/noticias\/wp-content\/uploads\/2023\/05\/346039917_1674133749718210_6587435144318916713_n.jpg","type":"image\/jpeg"}],"author":"lavostrallar les oliveres","twitter_card":"summary_large_image","twitter_creator":"@lavostrallar","twitter_site":"@lavostrallar","twitter_misc":{"Escrito por":"lavostrallar les oliveres","Tiempo de lectura":"2 minutos"},"schema":{"@context":"https:\/\/schema.org","@graph":[{"@type":"Article","@id":"https:\/\/lavostrallar.com\/noticias\/ca\/junio-soleado-y-brillante-te-pone-de-buen-talante\/#article","isPartOf":{"@id":"https:\/\/lavostrallar.com\/noticias\/ca\/junio-soleado-y-brillante-te-pone-de-buen-talante\/"},"author":{"name":"lavostrallar les oliveres","@id":"https:\/\/lavostrallar.com\/noticias\/#\/schema\/person\/f4289e6c8ab39fa8174fb0c6961cf3d9"},"headline":"En la residencia de ancianos Oliveres, Junio soleado y brillante, te pone de buen talante","datePublished":"2023-05-26T13:26:37+00:00","dateModified":"2023-06-12T14:40:05+00:00","mainEntityOfPage":{"@id":"https:\/\/lavostrallar.com\/noticias\/ca\/junio-soleado-y-brillante-te-pone-de-buen-talante\/"},"wordCount":513,"publisher":{"@id":"https:\/\/lavostrallar.com\/noticias\/#organization"},"image":{"@id":"https:\/\/lavostrallar.com\/noticias\/ca\/junio-soleado-y-brillante-te-pone-de-buen-talante\/#primaryimage"},"thumbnailUrl":"https:\/\/lavostrallar.com\/noticias\/wp-content\/uploads\/2023\/05\/346039917_1674133749718210_6587435144318916713_n.jpg","keywords":["Actividades para mayores","Residencias de ancianos"],"articleSection":["Noticias Les Oliveres"],"inLanguage":"es"},{"@type":"WebPage","@id":"https:\/\/lavostrallar.com\/noticias\/ca\/junio-soleado-y-brillante-te-pone-de-buen-talante\/","url":"https:\/\/lavostrallar.com\/noticias\/ca\/junio-soleado-y-brillante-te-pone-de-buen-talante\/","name":"Junio en la residencia de ancianos Oliveres - Noticias La Vostra Llar","isPartOf":{"@id":"https:\/\/lavostrallar.com\/noticias\/#website"},"primaryImageOfPage":{"@id":"https:\/\/lavostrallar.com\/noticias\/ca\/junio-soleado-y-brillante-te-pone-de-buen-talante\/#primaryimage"},"image":{"@id":"https:\/\/lavostrallar.com\/noticias\/ca\/junio-soleado-y-brillante-te-pone-de-buen-talante\/#primaryimage"},"thumbnailUrl":"https:\/\/lavostrallar.com\/noticias\/wp-content\/uploads\/2023\/05\/346039917_1674133749718210_6587435144318916713_n.jpg","datePublished":"2023-05-26T13:26:37+00:00","dateModified":"2023-06-12T14:40:05+00:00","description":"Descubre qu\u00e9 actividades realizaremos en la residencia de ancianos La Vostra Llar Oliveres. Te lo contamos todo aqu\u00ed","breadcrumb":{"@id":"https:\/\/lavostrallar.com\/noticias\/ca\/junio-soleado-y-brillante-te-pone-de-buen-talante\/#breadcrumb"},"inLanguage":"es","potentialAction":[{"@type":"ReadAction","target":["https:\/\/lavostrallar.com\/noticias\/ca\/junio-soleado-y-brillante-te-pone-de-buen-talante\/"]}]},{"@type":"ImageObject","inLanguage":"es","@id":"https:\/\/lavostrallar.com\/noticias\/ca\/junio-soleado-y-brillante-te-pone-de-buen-talante\/#primaryimage","url":"https:\/\/lavostrallar.com\/noticias\/wp-content\/uploads\/2023\/05\/346039917_1674133749718210_6587435144318916713_n.jpg","contentUrl":"https:\/\/lavostrallar.com\/noticias\/wp-content\/uploads\/2023\/05\/346039917_1674133749718210_6587435144318916713_n.jpg","width":1536,"height":2048,"caption":"residencia de ancianos Oliveres"},{"@type":"BreadcrumbList","@id":"https:\/\/lavostrallar.com\/noticias\/ca\/junio-soleado-y-brillante-te-pone-de-buen-talante\/#breadcrumb","itemListElement":[{"@type":"ListItem","position":1,"name":"Portada","item":"https:\/\/lavostrallar.com\/noticias\/"},{"@type":"ListItem","position":2,"name":"En la residencia de ancianos Oliveres, Junio soleado y brillante, te pone de buen talante"}]},{"@type":"WebSite","@id":"https:\/\/lavostrallar.com\/noticias\/#website","url":"https:\/\/lavostrallar.com\/noticias\/","name":"La Vostra Llar","description":"La Vostra Llar gestiona resid\u00e8ncies geri\u00e0triques des de 1987 amb la missi\u00f3 d\u2019oferir assist\u00e8ncia personalitzada per estimular, acollir i atendre les persones grans amb qualsevol grau de depend\u00e8ncia.","publisher":{"@id":"https:\/\/lavostrallar.com\/noticias\/#organization"},"potentialAction":[{"@type":"SearchAction","target":{"@type":"EntryPoint","urlTemplate":"https:\/\/lavostrallar.com\/noticias\/?s={search_term_string}"},"query-input":{"@type":"PropertyValueSpecification","valueRequired":true,"valueName":"search_term_string"}}],"inLanguage":"es"},{"@type":"Organization","@id":"https:\/\/lavostrallar.com\/noticias\/#organization","name":"La Vostra Llar","url":"https:\/\/lavostrallar.com\/noticias\/","logo":{"@type":"ImageObject","inLanguage":"es","@id":"https:\/\/lavostrallar.com\/noticias\/#\/schema\/logo\/image\/","url":"https:\/\/lavostrallar.com\/noticias\/wp-content\/uploads\/2021\/12\/logo_lavostrallar.png","contentUrl":"https:\/\/lavostrallar.com\/noticias\/wp-content\/uploads\/2021\/12\/logo_lavostrallar.png","width":217,"height":109,"caption":"La Vostra Llar"},"image":{"@id":"https:\/\/lavostrallar.com\/noticias\/#\/schema\/logo\/image\/"},"sameAs":["https:\/\/www.facebook.com\/lavostra.llar","https:\/\/x.com\/lavostrallar","https:\/\/www.instagram.com\/lavostrallar\/"]},{"@type":"Person","@id":"https:\/\/lavostrallar.com\/noticias\/#\/schema\/person\/f4289e6c8ab39fa8174fb0c6961cf3d9","name":"lavostrallar les oliveres","image":{"@type":"ImageObject","inLanguage":"es","@id":"https:\/\/lavostrallar.com\/noticias\/#\/schema\/person\/image\/","url":"https:\/\/secure.gravatar.com\/avatar\/8a68ffd91f344473a54bf43806c46b546425f438f4ef4581a92a140ec7d5298a?s=96&d=mm&r=g","contentUrl":"https:\/\/secure.gravatar.com\/avatar\/8a68ffd91f344473a54bf43806c46b546425f438f4ef4581a92a140ec7d5298a?s=96&d=mm&r=g","caption":"lavostrallar les oliveres"},"url":"https:\/\/lavostrallar.com\/noticias\/author\/lavostrallar-les-oliveres\/"}]}},"_links":{"self":[{"href":"https:\/\/lavostrallar.com\/noticias\/wp-json\/wp\/v2\/posts\/25000","targetHints":{"allow":["GET"]}}],"collection":[{"href":"https:\/\/lavostrallar.com\/noticias\/wp-json\/wp\/v2\/posts"}],"about":[{"href":"https:\/\/lavostrallar.com\/noticias\/wp-json\/wp\/v2\/types\/post"}],"author":[{"embeddable":true,"href":"https:\/\/lavostrallar.com\/noticias\/wp-json\/wp\/v2\/users\/6"}],"replies":[{"embeddable":true,"href":"https:\/\/lavostrallar.com\/noticias\/wp-json\/wp\/v2\/comments?post=25000"}],"version-history":[{"count":5,"href":"https:\/\/lavostrallar.com\/noticias\/wp-json\/wp\/v2\/posts\/25000\/revisions"}],"predecessor-version":[{"id":25256,"href":"https:\/\/lavostrallar.com\/noticias\/wp-json\/wp\/v2\/posts\/25000\/revisions\/25256"}],"wp:featuredmedia":[{"embeddable":true,"href":"https:\/\/lavostrallar.com\/noticias\/wp-json\/wp\/v2\/media\/25002"}],"wp:attachment":[{"href":"https:\/\/lavostrallar.com\/noticias\/wp-json\/wp\/v2\/media?parent=25000"}],"wp:term":[{"taxonomy":"category","embeddable":true,"href":"https:\/\/lavostrallar.com\/noticias\/wp-json\/wp\/v2\/categories?post=25000"},{"taxonomy":"post_tag","embeddable":true,"href":"https:\/\/lavostrallar.com\/noticias\/wp-json\/wp\/v2\/tags?post=25000"}],"curies":[{"name":"wp","href":"https:\/\/api.w.org\/{rel}","templated":true}]}}