	{"id":25894,"date":"2023-07-11T10:11:54","date_gmt":"2023-07-11T08:11:54","guid":{"rendered":"https:\/\/lavostrallar.com\/?p=25894"},"modified":"2023-07-27T13:09:00","modified_gmt":"2023-07-27T11:09:00","slug":"la-importancia-de-trabajar-las-emociones-con-las-personas-mayores","status":"publish","type":"post","link":"https:\/\/lavostrallar.com\/noticias\/la-importancia-de-trabajar-las-emociones-con-las-personas-mayores\/","title":{"rendered":"Trabajar las emociones con las personas mayores"},"content":{"rendered":"\n<p>A medida que las personas envejecen, a menudo se enfrentan a una serie de cambios y desaf\u00edos emocionales. Es en este momento de la vida trabajar las emociones con las personas de la tercera edad se vuelve especialmente relevante y beneficioso.<\/p>\n\n\n\n<h2 class=\"wp-block-heading has-medium-font-size\">Emociones y las personas mayores \u00bfC\u00f3mo ayudarlos?<\/h2>\n\n\n\n<p>En primer lugar, el envejecimiento puede traer consigo una serie de p\u00e9rdidas y transiciones significativas. Los seres queridos pueden fallecer, las habilidades f\u00edsicas pueden disminuir y los roles sociales pueden cambiar. Estos cambios pueden desencadenar emociones como la tristeza, la soledad, la frustraci\u00f3n o la ansiedad. Al trabajar las emociones con las personas mayores, se les brinda un <strong>espacio seguro<\/strong> para expresar y procesar estos sentimientos. Esto puede ayudarles a encontrar consuelo y adaptarse de manera m\u00e1s saludable a los cambios que est\u00e1n experimentando.<\/p>\n\n\n\n<p>Adem\u00e1s, trabajar las emociones con las personas mayores puede mejorar su bienestar general. Al abordar las emociones negativas y aprender a manejarlas de manera efectiva, se promueve una mejor salud mental y emocional. Esto puede reducir el estr\u00e9s, la ansiedad y la depresi\u00f3n, y mejorar la calidad de vida en general. Al proporcionarles herramientas y estrategias para lidiar con las emociones, se les capacita para <strong>enfrentar de manera m\u00e1s positiva los desaf\u00edos emocionales<\/strong> que pueden surgir.<\/p>\n\n\n\n<p>Las personas mayores a menudo pueden sentirse aisladas o desconectadas debido a circunstancias como la soledad, la p\u00e9rdida o la distancia de la familia. Trabajar las emociones con ellos puede ayudar a fortalecer los lazos sociales y fomentar la interacci\u00f3n y el apoyo mutuo. Al compartir y expresar emociones en un entorno de confianza, se crean conexiones significativas y se promueve un sentido de pertenencia y comunidad.<\/p>\n\n\n\n<h2 class=\"wp-block-heading has-medium-font-size\">Beneficios de trabajar las emociones con las personas mayores<\/h2>\n\n\n\n<p>Trabajar las emociones con las personas de la tercera edad puede ayudar a <strong>preservar y fortalecer su autoestima. <\/strong>A medida que envejecemos, es com\u00fan experimentar una disminuci\u00f3n de la autoconfianza y una sensaci\u00f3n de p\u00e9rdida de identidad. Al abordar y validar sus emociones, se les ayuda a reconocer y valorar su val\u00eda personal. Esto puede promover una mayor <strong>autoaceptaci\u00f3n y autoestima<\/strong>, lo que a su vez contribuye a un envejecimiento m\u00e1s saludable y satisfactorio.<\/p>\n\n\n\n<p>Por \u00faltimo, trabajar las emociones reconoce y honra su experiencia de vida. Han acumulado sabidur\u00eda y conocimiento a lo largo de los a\u00f1os y pueden tener mucho que ense\u00f1ar a las generaciones m\u00e1s j\u00f3venes. Al brindarles la oportunidad de compartir sus experiencias y perspectivas emocionales, se les otorga un espacio para ser valorados y respetados. Esto fomenta un sentido de prop\u00f3sito y contribuci\u00f3n, y les permite dejar un legado emocional significativo.<\/p>\n\n\n\n<p>En<strong> <a href=\"https:\/\/lavostrallar.com\/\">La Vostra Llar <\/a><\/strong>creemos que trabajar las emociones con las personas de la tercera edad es fundamental para su bienestar y calidad de vida. Al abordar y procesar las emociones, se les brinda <strong>apoyo emocional<\/strong>, se promueve la <strong>salud mental<\/strong> y se <strong>fortalece su conexi\u00f3n social<\/strong>. Adem\u00e1s, se les reconoce como individuos valiosos con experiencias y sabidur\u00eda \u00fanicas para compartir. Al invertir en su bienestar emocional, se contribuye a un envejecimiento m\u00e1s saludable, satisfactorio y significativo.<\/p>\n\n\n\n<h3 class=\"wp-block-heading has-text-align-center has-medium-font-size\"><a href=\"https:\/\/lavostrallar.com\/noticias\/\">Descubre m\u00e1s notas de blog sobre las personas mayores<\/a><\/h3>\n","protected":false},"excerpt":{"rendered":"<p>A medida que las personas envejecen, a menudo se enfrentan a una serie de cambios y desaf\u00edos emocionales. Es en este momento de la vida trabajar las emociones con las personas de la tercera edad se vuelve especialmente relevante y beneficioso. Emociones y las personas mayores \u00bfC\u00f3mo ayudarlos? En primer lugar, el envejecimiento puede traer [&hellip;]<\/p>\n","protected":false},"author":15,"featured_media":25895,"comment_status":"closed","ping_status":"closed","sticky":false,"template":"","format":"standard","meta":{"content-type":"","footnotes":""},"categories":[11,47,18,12,13,14,15,27,16,19],"tags":[127,126,130,128,129,138,9],"class_list":["post-25894","post","type-post","status-publish","format-standard","has-post-thumbnail","hentry","category-noticias-blanes","category-noticias-clot","category-noticias-gracia","category-noticias-la-rambla","category-noticias-les-dalies","category-noticias-les-oliveres","category-noticias-mataro","category-noticias-guell","category-noticias-reig","category-noticias-terrassa","tag-bienestar-general","tag-emociones","tag-envejecimiento-saludable","tag-expresion","tag-fortaleza-y-seguridad","tag-personas-mayores","tag-residencias-de-ancianos"],"yoast_head":"<!-- This site is optimized with the Yoast SEO plugin v26.0 - https:\/\/yoast.com\/wordpress\/plugins\/seo\/ -->\n<title>Trabajar las emociones con las personas mayores - Noticias La Vostra Llar<\/title>\n<meta name=\"description\" content=\"Trabajar las emociones con las personas mayores en las residencias se vuelve especialmente relevante y beneficioso.\" \/>\n<meta name=\"robots\" content=\"index, follow, max-snippet:-1, max-image-preview:large, max-video-preview:-1\" \/>\n<link rel=\"canonical\" href=\"https:\/\/lavostrallar.com\/noticias\/la-importancia-de-trabajar-las-emociones-con-las-personas-mayores\/\" \/>\n<meta property=\"og:locale\" content=\"es_ES\" \/>\n<meta property=\"og:type\" content=\"article\" \/>\n<meta property=\"og:title\" content=\"Trabajar las emociones con las personas mayores - Noticias La Vostra Llar\" \/>\n<meta property=\"og:description\" content=\"Trabajar las emociones con las personas mayores en las residencias se vuelve especialmente relevante y beneficioso.\" \/>\n<meta property=\"og:url\" content=\"https:\/\/lavostrallar.com\/noticias\/la-importancia-de-trabajar-las-emociones-con-las-personas-mayores\/\" \/>\n<meta property=\"og:site_name\" content=\"Noticias La Vostra Llar\" \/>\n<meta property=\"article:publisher\" content=\"https:\/\/www.facebook.com\/lavostra.llar\" \/>\n<meta property=\"article:published_time\" content=\"2023-07-11T08:11:54+00:00\" \/>\n<meta property=\"article:modified_time\" content=\"2023-07-27T11:09:00+00:00\" \/>\n<meta property=\"og:image\" content=\"https:\/\/lavostrallar.com\/noticias\/wp-content\/uploads\/2023\/07\/IMG-1263-scaled.jpg\" \/>\n\t<meta property=\"og:image:width\" content=\"2560\" \/>\n\t<meta property=\"og:image:height\" content=\"1920\" \/>\n\t<meta property=\"og:image:type\" content=\"image\/jpeg\" \/>\n<meta name=\"author\" content=\"clot\" \/>\n<meta name=\"twitter:card\" content=\"summary_large_image\" \/>\n<meta name=\"twitter:creator\" content=\"@lavostrallar\" \/>\n<meta name=\"twitter:site\" content=\"@lavostrallar\" \/>\n<meta name=\"twitter:label1\" content=\"Escrito por\" \/>\n\t<meta name=\"twitter:data1\" content=\"clot\" \/>\n\t<meta name=\"twitter:label2\" content=\"Tiempo de lectura\" \/>\n\t<meta name=\"twitter:data2\" content=\"3 minutos\" \/>\n<script type=\"application\/ld+json\" class=\"yoast-schema-graph\">{\"@context\":\"https:\/\/schema.org\",\"@graph\":[{\"@type\":\"Article\",\"@id\":\"https:\/\/lavostrallar.com\/noticias\/la-importancia-de-trabajar-las-emociones-con-las-personas-mayores\/#article\",\"isPartOf\":{\"@id\":\"https:\/\/lavostrallar.com\/noticias\/la-importancia-de-trabajar-las-emociones-con-las-personas-mayores\/\"},\"author\":{\"name\":\"clot\",\"@id\":\"https:\/\/lavostrallar.com\/noticias\/#\/schema\/person\/2511dfae685f7be889a50167b3d88a38\"},\"headline\":\"Trabajar las emociones con las personas mayores\",\"datePublished\":\"2023-07-11T08:11:54+00:00\",\"dateModified\":\"2023-07-27T11:09:00+00:00\",\"mainEntityOfPage\":{\"@id\":\"https:\/\/lavostrallar.com\/noticias\/la-importancia-de-trabajar-las-emociones-con-las-personas-mayores\/\"},\"wordCount\":555,\"publisher\":{\"@id\":\"https:\/\/lavostrallar.com\/noticias\/#organization\"},\"image\":{\"@id\":\"https:\/\/lavostrallar.com\/noticias\/la-importancia-de-trabajar-las-emociones-con-las-personas-mayores\/#primaryimage\"},\"thumbnailUrl\":\"https:\/\/lavostrallar.com\/noticias\/wp-content\/uploads\/2023\/07\/IMG-1263-scaled.jpg\",\"keywords\":[\"bienestar general\",\"emociones\",\"envejecimiento saludable\",\"expresi\u00f3n\",\"fortaleza y seguridad\",\"personas mayores\",\"Residencias de ancianos\"],\"articleSection\":[\"Noticias Blanes\",\"Noticias Clot\",\"Noticias Gr\u00e0cia\",\"Noticias La Rambla\",\"Noticias Les D\u00e0lies\",\"Noticias Les Oliveres\",\"Noticias Matar\u00f3\",\"Noticias Parc G\u00fcell\",\"Noticias Reig\",\"Noticias Terrassa\"],\"inLanguage\":\"es\"},{\"@type\":\"WebPage\",\"@id\":\"https:\/\/lavostrallar.com\/noticias\/la-importancia-de-trabajar-las-emociones-con-las-personas-mayores\/\",\"url\":\"https:\/\/lavostrallar.com\/noticias\/la-importancia-de-trabajar-las-emociones-con-las-personas-mayores\/\",\"name\":\"Trabajar las emociones con las personas mayores - Noticias La Vostra Llar\",\"isPartOf\":{\"@id\":\"https:\/\/lavostrallar.com\/noticias\/#website\"},\"primaryImageOfPage\":{\"@id\":\"https:\/\/lavostrallar.com\/noticias\/la-importancia-de-trabajar-las-emociones-con-las-personas-mayores\/#primaryimage\"},\"image\":{\"@id\":\"https:\/\/lavostrallar.com\/noticias\/la-importancia-de-trabajar-las-emociones-con-las-personas-mayores\/#primaryimage\"},\"thumbnailUrl\":\"https:\/\/lavostrallar.com\/noticias\/wp-content\/uploads\/2023\/07\/IMG-1263-scaled.jpg\",\"datePublished\":\"2023-07-11T08:11:54+00:00\",\"dateModified\":\"2023-07-27T11:09:00+00:00\",\"description\":\"Trabajar las emociones con las personas mayores en las residencias se vuelve especialmente relevante y beneficioso.\",\"breadcrumb\":{\"@id\":\"https:\/\/lavostrallar.com\/noticias\/la-importancia-de-trabajar-las-emociones-con-las-personas-mayores\/#breadcrumb\"},\"inLanguage\":\"es\",\"potentialAction\":[{\"@type\":\"ReadAction\",\"target\":[\"https:\/\/lavostrallar.com\/noticias\/la-importancia-de-trabajar-las-emociones-con-las-personas-mayores\/\"]}]},{\"@type\":\"ImageObject\",\"inLanguage\":\"es\",\"@id\":\"https:\/\/lavostrallar.com\/noticias\/la-importancia-de-trabajar-las-emociones-con-las-personas-mayores\/#primaryimage\",\"url\":\"https:\/\/lavostrallar.com\/noticias\/wp-content\/uploads\/2023\/07\/IMG-1263-scaled.jpg\",\"contentUrl\":\"https:\/\/lavostrallar.com\/noticias\/wp-content\/uploads\/2023\/07\/IMG-1263-scaled.jpg\",\"width\":2560,\"height\":1920,\"caption\":\"personas mayores y emociones\"},{\"@type\":\"BreadcrumbList\",\"@id\":\"https:\/\/lavostrallar.com\/noticias\/la-importancia-de-trabajar-las-emociones-con-las-personas-mayores\/#breadcrumb\",\"itemListElement\":[{\"@type\":\"ListItem\",\"position\":1,\"name\":\"Portada\",\"item\":\"https:\/\/lavostrallar.com\/noticias\/\"},{\"@type\":\"ListItem\",\"position\":2,\"name\":\"Trabajar las emociones con las personas mayores\"}]},{\"@type\":\"WebSite\",\"@id\":\"https:\/\/lavostrallar.com\/noticias\/#website\",\"url\":\"https:\/\/lavostrallar.com\/noticias\/\",\"name\":\"La Vostra Llar\",\"description\":\"La Vostra Llar gestiona resid\u00e8ncies geri\u00e0triques des de 1987 amb la missi\u00f3 d\u2019oferir assist\u00e8ncia personalitzada per estimular, acollir i atendre les persones grans amb qualsevol grau de depend\u00e8ncia.\",\"publisher\":{\"@id\":\"https:\/\/lavostrallar.com\/noticias\/#organization\"},\"potentialAction\":[{\"@type\":\"SearchAction\",\"target\":{\"@type\":\"EntryPoint\",\"urlTemplate\":\"https:\/\/lavostrallar.com\/noticias\/?s={search_term_string}\"},\"query-input\":{\"@type\":\"PropertyValueSpecification\",\"valueRequired\":true,\"valueName\":\"search_term_string\"}}],\"inLanguage\":\"es\"},{\"@type\":\"Organization\",\"@id\":\"https:\/\/lavostrallar.com\/noticias\/#organization\",\"name\":\"La Vostra Llar\",\"url\":\"https:\/\/lavostrallar.com\/noticias\/\",\"logo\":{\"@type\":\"ImageObject\",\"inLanguage\":\"es\",\"@id\":\"https:\/\/lavostrallar.com\/noticias\/#\/schema\/logo\/image\/\",\"url\":\"https:\/\/lavostrallar.com\/noticias\/wp-content\/uploads\/2021\/12\/logo_lavostrallar.png\",\"contentUrl\":\"https:\/\/lavostrallar.com\/noticias\/wp-content\/uploads\/2021\/12\/logo_lavostrallar.png\",\"width\":217,\"height\":109,\"caption\":\"La Vostra Llar\"},\"image\":{\"@id\":\"https:\/\/lavostrallar.com\/noticias\/#\/schema\/logo\/image\/\"},\"sameAs\":[\"https:\/\/www.facebook.com\/lavostra.llar\",\"https:\/\/x.com\/lavostrallar\",\"https:\/\/www.instagram.com\/lavostrallar\/\"]},{\"@type\":\"Person\",\"@id\":\"https:\/\/lavostrallar.com\/noticias\/#\/schema\/person\/2511dfae685f7be889a50167b3d88a38\",\"name\":\"clot\",\"image\":{\"@type\":\"ImageObject\",\"inLanguage\":\"es\",\"@id\":\"https:\/\/lavostrallar.com\/noticias\/#\/schema\/person\/image\/\",\"url\":\"https:\/\/secure.gravatar.com\/avatar\/3c1df0739940f5c4c6ddbf0cbaa0c04d540ea3f04119bc2b24c94557acb1067c?s=96&d=mm&r=g\",\"contentUrl\":\"https:\/\/secure.gravatar.com\/avatar\/3c1df0739940f5c4c6ddbf0cbaa0c04d540ea3f04119bc2b24c94557acb1067c?s=96&d=mm&r=g\",\"caption\":\"clot\"},\"url\":\"https:\/\/lavostrallar.com\/noticias\/author\/lavostrallar-clot\/\"}]}<\/script>\n<!-- \/ Yoast SEO plugin. -->","yoast_head_json":{"title":"Trabajar las emociones con las personas mayores - Noticias La Vostra Llar","description":"Trabajar las emociones con las personas mayores en las residencias se vuelve especialmente relevante y beneficioso.","robots":{"index":"index","follow":"follow","max-snippet":"max-snippet:-1","max-image-preview":"max-image-preview:large","max-video-preview":"max-video-preview:-1"},"canonical":"https:\/\/lavostrallar.com\/noticias\/la-importancia-de-trabajar-las-emociones-con-las-personas-mayores\/","og_locale":"es_ES","og_type":"article","og_title":"Trabajar las emociones con las personas mayores - Noticias La Vostra Llar","og_description":"Trabajar las emociones con las personas mayores en las residencias se vuelve especialmente relevante y beneficioso.","og_url":"https:\/\/lavostrallar.com\/noticias\/la-importancia-de-trabajar-las-emociones-con-las-personas-mayores\/","og_site_name":"Noticias La Vostra Llar","article_publisher":"https:\/\/www.facebook.com\/lavostra.llar","article_published_time":"2023-07-11T08:11:54+00:00","article_modified_time":"2023-07-27T11:09:00+00:00","og_image":[{"width":2560,"height":1920,"url":"https:\/\/lavostrallar.com\/noticias\/wp-content\/uploads\/2023\/07\/IMG-1263-scaled.jpg","type":"image\/jpeg"}],"author":"clot","twitter_card":"summary_large_image","twitter_creator":"@lavostrallar","twitter_site":"@lavostrallar","twitter_misc":{"Escrito por":"clot","Tiempo de lectura":"3 minutos"},"schema":{"@context":"https:\/\/schema.org","@graph":[{"@type":"Article","@id":"https:\/\/lavostrallar.com\/noticias\/la-importancia-de-trabajar-las-emociones-con-las-personas-mayores\/#article","isPartOf":{"@id":"https:\/\/lavostrallar.com\/noticias\/la-importancia-de-trabajar-las-emociones-con-las-personas-mayores\/"},"author":{"name":"clot","@id":"https:\/\/lavostrallar.com\/noticias\/#\/schema\/person\/2511dfae685f7be889a50167b3d88a38"},"headline":"Trabajar las emociones con las personas mayores","datePublished":"2023-07-11T08:11:54+00:00","dateModified":"2023-07-27T11:09:00+00:00","mainEntityOfPage":{"@id":"https:\/\/lavostrallar.com\/noticias\/la-importancia-de-trabajar-las-emociones-con-las-personas-mayores\/"},"wordCount":555,"publisher":{"@id":"https:\/\/lavostrallar.com\/noticias\/#organization"},"image":{"@id":"https:\/\/lavostrallar.com\/noticias\/la-importancia-de-trabajar-las-emociones-con-las-personas-mayores\/#primaryimage"},"thumbnailUrl":"https:\/\/lavostrallar.com\/noticias\/wp-content\/uploads\/2023\/07\/IMG-1263-scaled.jpg","keywords":["bienestar general","emociones","envejecimiento saludable","expresi\u00f3n","fortaleza y seguridad","personas mayores","Residencias de ancianos"],"articleSection":["Noticias Blanes","Noticias Clot","Noticias Gr\u00e0cia","Noticias La Rambla","Noticias Les D\u00e0lies","Noticias Les Oliveres","Noticias Matar\u00f3","Noticias Parc G\u00fcell","Noticias Reig","Noticias Terrassa"],"inLanguage":"es"},{"@type":"WebPage","@id":"https:\/\/lavostrallar.com\/noticias\/la-importancia-de-trabajar-las-emociones-con-las-personas-mayores\/","url":"https:\/\/lavostrallar.com\/noticias\/la-importancia-de-trabajar-las-emociones-con-las-personas-mayores\/","name":"Trabajar las emociones con las personas mayores - Noticias La Vostra Llar","isPartOf":{"@id":"https:\/\/lavostrallar.com\/noticias\/#website"},"primaryImageOfPage":{"@id":"https:\/\/lavostrallar.com\/noticias\/la-importancia-de-trabajar-las-emociones-con-las-personas-mayores\/#primaryimage"},"image":{"@id":"https:\/\/lavostrallar.com\/noticias\/la-importancia-de-trabajar-las-emociones-con-las-personas-mayores\/#primaryimage"},"thumbnailUrl":"https:\/\/lavostrallar.com\/noticias\/wp-content\/uploads\/2023\/07\/IMG-1263-scaled.jpg","datePublished":"2023-07-11T08:11:54+00:00","dateModified":"2023-07-27T11:09:00+00:00","description":"Trabajar las emociones con las personas mayores en las residencias se vuelve especialmente relevante y beneficioso.","breadcrumb":{"@id":"https:\/\/lavostrallar.com\/noticias\/la-importancia-de-trabajar-las-emociones-con-las-personas-mayores\/#breadcrumb"},"inLanguage":"es","potentialAction":[{"@type":"ReadAction","target":["https:\/\/lavostrallar.com\/noticias\/la-importancia-de-trabajar-las-emociones-con-las-personas-mayores\/"]}]},{"@type":"ImageObject","inLanguage":"es","@id":"https:\/\/lavostrallar.com\/noticias\/la-importancia-de-trabajar-las-emociones-con-las-personas-mayores\/#primaryimage","url":"https:\/\/lavostrallar.com\/noticias\/wp-content\/uploads\/2023\/07\/IMG-1263-scaled.jpg","contentUrl":"https:\/\/lavostrallar.com\/noticias\/wp-content\/uploads\/2023\/07\/IMG-1263-scaled.jpg","width":2560,"height":1920,"caption":"personas mayores y emociones"},{"@type":"BreadcrumbList","@id":"https:\/\/lavostrallar.com\/noticias\/la-importancia-de-trabajar-las-emociones-con-las-personas-mayores\/#breadcrumb","itemListElement":[{"@type":"ListItem","position":1,"name":"Portada","item":"https:\/\/lavostrallar.com\/noticias\/"},{"@type":"ListItem","position":2,"name":"Trabajar las emociones con las personas mayores"}]},{"@type":"WebSite","@id":"https:\/\/lavostrallar.com\/noticias\/#website","url":"https:\/\/lavostrallar.com\/noticias\/","name":"La Vostra Llar","description":"La Vostra Llar gestiona resid\u00e8ncies geri\u00e0triques des de 1987 amb la missi\u00f3 d\u2019oferir assist\u00e8ncia personalitzada per estimular, acollir i atendre les persones grans amb qualsevol grau de depend\u00e8ncia.","publisher":{"@id":"https:\/\/lavostrallar.com\/noticias\/#organization"},"potentialAction":[{"@type":"SearchAction","target":{"@type":"EntryPoint","urlTemplate":"https:\/\/lavostrallar.com\/noticias\/?s={search_term_string}"},"query-input":{"@type":"PropertyValueSpecification","valueRequired":true,"valueName":"search_term_string"}}],"inLanguage":"es"},{"@type":"Organization","@id":"https:\/\/lavostrallar.com\/noticias\/#organization","name":"La Vostra Llar","url":"https:\/\/lavostrallar.com\/noticias\/","logo":{"@type":"ImageObject","inLanguage":"es","@id":"https:\/\/lavostrallar.com\/noticias\/#\/schema\/logo\/image\/","url":"https:\/\/lavostrallar.com\/noticias\/wp-content\/uploads\/2021\/12\/logo_lavostrallar.png","contentUrl":"https:\/\/lavostrallar.com\/noticias\/wp-content\/uploads\/2021\/12\/logo_lavostrallar.png","width":217,"height":109,"caption":"La Vostra Llar"},"image":{"@id":"https:\/\/lavostrallar.com\/noticias\/#\/schema\/logo\/image\/"},"sameAs":["https:\/\/www.facebook.com\/lavostra.llar","https:\/\/x.com\/lavostrallar","https:\/\/www.instagram.com\/lavostrallar\/"]},{"@type":"Person","@id":"https:\/\/lavostrallar.com\/noticias\/#\/schema\/person\/2511dfae685f7be889a50167b3d88a38","name":"clot","image":{"@type":"ImageObject","inLanguage":"es","@id":"https:\/\/lavostrallar.com\/noticias\/#\/schema\/person\/image\/","url":"https:\/\/secure.gravatar.com\/avatar\/3c1df0739940f5c4c6ddbf0cbaa0c04d540ea3f04119bc2b24c94557acb1067c?s=96&d=mm&r=g","contentUrl":"https:\/\/secure.gravatar.com\/avatar\/3c1df0739940f5c4c6ddbf0cbaa0c04d540ea3f04119bc2b24c94557acb1067c?s=96&d=mm&r=g","caption":"clot"},"url":"https:\/\/lavostrallar.com\/noticias\/author\/lavostrallar-clot\/"}]}},"_links":{"self":[{"href":"https:\/\/lavostrallar.com\/noticias\/wp-json\/wp\/v2\/posts\/25894","targetHints":{"allow":["GET"]}}],"collection":[{"href":"https:\/\/lavostrallar.com\/noticias\/wp-json\/wp\/v2\/posts"}],"about":[{"href":"https:\/\/lavostrallar.com\/noticias\/wp-json\/wp\/v2\/types\/post"}],"author":[{"embeddable":true,"href":"https:\/\/lavostrallar.com\/noticias\/wp-json\/wp\/v2\/users\/15"}],"replies":[{"embeddable":true,"href":"https:\/\/lavostrallar.com\/noticias\/wp-json\/wp\/v2\/comments?post=25894"}],"version-history":[{"count":4,"href":"https:\/\/lavostrallar.com\/noticias\/wp-json\/wp\/v2\/posts\/25894\/revisions"}],"predecessor-version":[{"id":26859,"href":"https:\/\/lavostrallar.com\/noticias\/wp-json\/wp\/v2\/posts\/25894\/revisions\/26859"}],"wp:featuredmedia":[{"embeddable":true,"href":"https:\/\/lavostrallar.com\/noticias\/wp-json\/wp\/v2\/media\/25895"}],"wp:attachment":[{"href":"https:\/\/lavostrallar.com\/noticias\/wp-json\/wp\/v2\/media?parent=25894"}],"wp:term":[{"taxonomy":"category","embeddable":true,"href":"https:\/\/lavostrallar.com\/noticias\/wp-json\/wp\/v2\/categories?post=25894"},{"taxonomy":"post_tag","embeddable":true,"href":"https:\/\/lavostrallar.com\/noticias\/wp-json\/wp\/v2\/tags?post=25894"}],"curies":[{"name":"wp","href":"https:\/\/api.w.org\/{rel}","templated":true}]}}