	{"id":27680,"date":"2023-09-12T18:44:15","date_gmt":"2023-09-12T16:44:15","guid":{"rendered":"https:\/\/lavostrallar.com\/?p=27680"},"modified":"2023-09-13T09:28:23","modified_gmt":"2023-09-13T07:28:23","slug":"la-adaptacion-de-actividades-de-estimulacion-cognitiva-superando-barreras-sensoriales","status":"publish","type":"post","link":"https:\/\/lavostrallar.com\/noticias\/la-adaptacion-de-actividades-de-estimulacion-cognitiva-superando-barreras-sensoriales\/","title":{"rendered":"Superando barreras sensoriales con estimulaci\u00f3n cognitiva"},"content":{"rendered":"\n<p>La estimulaci\u00f3n cognitiva, a grandes rasgos, es un grupo de intervenciones terap\u00e9uticas que tienen como principal objetivo\u00a0<strong>mantener las capacidades mentales y ralentizar el deterioro cognitivo<\/strong>. Es decir, conservar, dentro de lo posible, competencias como la memoria, el lenguaje y la percepci\u00f3n, bien como prevenci\u00f3n o de forma terap\u00e9utica en el tratamiento de algunas demencias.<\/p>\n\n\n\n<p>La estimulaci\u00f3n cognitiva, por lo tanto, es vital para la salud mental de las personas mayores. Sin embargo, las dificultades auditivas y visuales, que son comunes en esta etapa de la vida, requieren de actividades adaptadas y estrategias espec\u00edficas.<\/p>\n\n\n\n<p>Ante la p\u00e9rdida auditiva, se pueden usar actividades visuales y t\u00e1ctiles como rompecabezas y arte para mantener el est\u00edmulo cognitivo. En caso de problemas visuales, son beneficiosos recursos como texto ampliado y tecnolog\u00eda asistencial.<\/p>\n\n\n\n<h5 class=\"wp-block-heading\"><strong>La personalizaci\u00f3n es la clave<\/strong><\/h5>\n\n\n\n<p>Cada persona tiene limitaciones sensoriales \u00fanicas, por lo que en <strong>La Vostra Llar<\/strong> sabemos que ajustar las actividades es esencial. Adem\u00e1s de mantener agudeza mental, la estimulaci\u00f3n cognitiva mejora la autoestima y combate el aislamiento.<\/p>\n\n\n\n<p>En resumen, adaptar la estimulaci\u00f3n cognitiva a desaf\u00edos sensoriales en personas mayores es fundamental para mantener su bienestar mental. A d\u00eda de hoy todav\u00eda no se ha encontrado una cura que ponga fin a las enfermedades neurodegenerativas, pero la reserva cognitiva que se vaya creando a lo largo de los a\u00f1os puede influir en ralentizar su proceso, y en cualquier caso contribuye a mejorar nuestro bienestar y calidad de vida.<\/p>\n\n\n\n<h4 class=\"wp-block-heading has-text-align-center\">Lee sobre: <a href=\"https:\/\/lavostrallar.com\/estimulacion-cognitiva-de-ancianos-con-terapia-canina\/\">Estimulaci\u00f3n cognitiva de ancianos con terapia canina<\/a><\/h4>\n","protected":false},"excerpt":{"rendered":"<p>La estimulaci\u00f3n cognitiva, a grandes rasgos, es un grupo de intervenciones terap\u00e9uticas que tienen como principal objetivo\u00a0mantener las capacidades mentales y ralentizar el deterioro cognitivo. Es decir, conservar, dentro de lo posible, competencias como la memoria, el lenguaje y la percepci\u00f3n, bien como prevenci\u00f3n o de forma terap\u00e9utica en el tratamiento de algunas demencias. La [&hellip;]<\/p>\n","protected":false},"author":6,"featured_media":27683,"comment_status":"closed","ping_status":"closed","sticky":false,"template":"","format":"standard","meta":{"content-type":"","footnotes":""},"categories":[11,47,18,12,13,14,15,27,16,19],"tags":[69,21,146,113,145,9,20,64],"class_list":["post-27680","post","type-post","status-publish","format-standard","has-post-thumbnail","hentry","category-noticias-blanes","category-noticias-clot","category-noticias-gracia","category-noticias-la-rambla","category-noticias-les-dalies","category-noticias-les-oliveres","category-noticias-mataro","category-noticias-guell","category-noticias-reig","category-noticias-terrassa","tag-actividades-para-mayores","tag-atencion-centrada-en-la-persona","tag-barreras-sensoriales","tag-compromiso","tag-estimulacion-cognitiva-2","tag-residencias-de-ancianos","tag-salud-y-envejecimiento-activo","tag-talleres"],"yoast_head":"<!-- This site is optimized with the Yoast SEO plugin v26.0 - https:\/\/yoast.com\/wordpress\/plugins\/seo\/ -->\n<title>Estimulaci\u00f3n cognitiva con barreras sensoriales - Noticias La Vostra Llar<\/title>\n<meta name=\"description\" content=\"La estimulaci\u00f3n cognitiva es vital para la salud mental de las personas mayores. Sin embargo, las dificultades auditivas y visuales\" \/>\n<meta name=\"robots\" content=\"index, follow, max-snippet:-1, max-image-preview:large, max-video-preview:-1\" \/>\n<link rel=\"canonical\" href=\"https:\/\/lavostrallar.com\/noticias\/la-adaptacion-de-actividades-de-estimulacion-cognitiva-superando-barreras-sensoriales\/\" \/>\n<meta property=\"og:locale\" content=\"es_ES\" \/>\n<meta property=\"og:type\" content=\"article\" \/>\n<meta property=\"og:title\" content=\"Estimulaci\u00f3n cognitiva con barreras sensoriales - Noticias La Vostra Llar\" \/>\n<meta property=\"og:description\" content=\"La estimulaci\u00f3n cognitiva es vital para la salud mental de las personas mayores. Sin embargo, las dificultades auditivas y visuales\" \/>\n<meta property=\"og:url\" content=\"https:\/\/lavostrallar.com\/noticias\/la-adaptacion-de-actividades-de-estimulacion-cognitiva-superando-barreras-sensoriales\/\" \/>\n<meta property=\"og:site_name\" content=\"Noticias La Vostra Llar\" \/>\n<meta property=\"article:publisher\" content=\"https:\/\/www.facebook.com\/lavostra.llar\" \/>\n<meta property=\"article:published_time\" content=\"2023-09-12T16:44:15+00:00\" \/>\n<meta property=\"article:modified_time\" content=\"2023-09-13T07:28:23+00:00\" \/>\n<meta property=\"og:image\" content=\"https:\/\/lavostrallar.com\/noticias\/wp-content\/uploads\/2023\/09\/WhatsApp-Image-2023-09-12-at-18.56.19.jpeg\" \/>\n\t<meta property=\"og:image:width\" content=\"2000\" \/>\n\t<meta property=\"og:image:height\" content=\"1500\" \/>\n\t<meta property=\"og:image:type\" content=\"image\/jpeg\" \/>\n<meta name=\"author\" content=\"lavostrallar les oliveres\" \/>\n<meta name=\"twitter:card\" content=\"summary_large_image\" \/>\n<meta name=\"twitter:creator\" content=\"@lavostrallar\" \/>\n<meta name=\"twitter:site\" content=\"@lavostrallar\" \/>\n<meta name=\"twitter:label1\" content=\"Escrito por\" \/>\n\t<meta name=\"twitter:data1\" content=\"lavostrallar les oliveres\" \/>\n\t<meta name=\"twitter:label2\" content=\"Tiempo de lectura\" \/>\n\t<meta name=\"twitter:data2\" content=\"2 minutos\" \/>\n<script type=\"application\/ld+json\" class=\"yoast-schema-graph\">{\"@context\":\"https:\/\/schema.org\",\"@graph\":[{\"@type\":\"Article\",\"@id\":\"https:\/\/lavostrallar.com\/noticias\/ca\/la-adaptacion-de-actividades-de-estimulacion-cognitiva-superando-barreras-sensoriales\/#article\",\"isPartOf\":{\"@id\":\"https:\/\/lavostrallar.com\/noticias\/ca\/la-adaptacion-de-actividades-de-estimulacion-cognitiva-superando-barreras-sensoriales\/\"},\"author\":{\"name\":\"lavostrallar les oliveres\",\"@id\":\"https:\/\/lavostrallar.com\/noticias\/#\/schema\/person\/f4289e6c8ab39fa8174fb0c6961cf3d9\"},\"headline\":\"Superando barreras sensoriales con estimulaci\u00f3n cognitiva\",\"datePublished\":\"2023-09-12T16:44:15+00:00\",\"dateModified\":\"2023-09-13T07:28:23+00:00\",\"mainEntityOfPage\":{\"@id\":\"https:\/\/lavostrallar.com\/noticias\/ca\/la-adaptacion-de-actividades-de-estimulacion-cognitiva-superando-barreras-sensoriales\/\"},\"wordCount\":274,\"publisher\":{\"@id\":\"https:\/\/lavostrallar.com\/noticias\/#organization\"},\"image\":{\"@id\":\"https:\/\/lavostrallar.com\/noticias\/ca\/la-adaptacion-de-actividades-de-estimulacion-cognitiva-superando-barreras-sensoriales\/#primaryimage\"},\"thumbnailUrl\":\"https:\/\/lavostrallar.com\/noticias\/wp-content\/uploads\/2023\/09\/WhatsApp-Image-2023-09-12-at-18.56.19.jpeg\",\"keywords\":[\"Actividades para mayores\",\"Atenci\u00f3n centrada en la persona\",\"Barreras sensoriales\",\"Compromiso\",\"Estimulacion cognitiva\",\"Residencias de ancianos\",\"Salud y envejecimiento activo\",\"Talleres\"],\"articleSection\":[\"Noticias Blanes\",\"Noticias Clot\",\"Noticias Gr\u00e0cia\",\"Noticias La Rambla\",\"Noticias Les D\u00e0lies\",\"Noticias Les Oliveres\",\"Noticias Matar\u00f3\",\"Noticias Parc G\u00fcell\",\"Noticias Reig\",\"Noticias Terrassa\"],\"inLanguage\":\"es\"},{\"@type\":\"WebPage\",\"@id\":\"https:\/\/lavostrallar.com\/noticias\/ca\/la-adaptacion-de-actividades-de-estimulacion-cognitiva-superando-barreras-sensoriales\/\",\"url\":\"https:\/\/lavostrallar.com\/noticias\/ca\/la-adaptacion-de-actividades-de-estimulacion-cognitiva-superando-barreras-sensoriales\/\",\"name\":\"Estimulaci\u00f3n cognitiva con barreras sensoriales - Noticias La Vostra Llar\",\"isPartOf\":{\"@id\":\"https:\/\/lavostrallar.com\/noticias\/#website\"},\"primaryImageOfPage\":{\"@id\":\"https:\/\/lavostrallar.com\/noticias\/ca\/la-adaptacion-de-actividades-de-estimulacion-cognitiva-superando-barreras-sensoriales\/#primaryimage\"},\"image\":{\"@id\":\"https:\/\/lavostrallar.com\/noticias\/ca\/la-adaptacion-de-actividades-de-estimulacion-cognitiva-superando-barreras-sensoriales\/#primaryimage\"},\"thumbnailUrl\":\"https:\/\/lavostrallar.com\/noticias\/wp-content\/uploads\/2023\/09\/WhatsApp-Image-2023-09-12-at-18.56.19.jpeg\",\"datePublished\":\"2023-09-12T16:44:15+00:00\",\"dateModified\":\"2023-09-13T07:28:23+00:00\",\"description\":\"La estimulaci\u00f3n cognitiva es vital para la salud mental de las personas mayores. Sin embargo, las dificultades auditivas y visuales\",\"breadcrumb\":{\"@id\":\"https:\/\/lavostrallar.com\/noticias\/ca\/la-adaptacion-de-actividades-de-estimulacion-cognitiva-superando-barreras-sensoriales\/#breadcrumb\"},\"inLanguage\":\"es\",\"potentialAction\":[{\"@type\":\"ReadAction\",\"target\":[\"https:\/\/lavostrallar.com\/noticias\/ca\/la-adaptacion-de-actividades-de-estimulacion-cognitiva-superando-barreras-sensoriales\/\"]}]},{\"@type\":\"ImageObject\",\"inLanguage\":\"es\",\"@id\":\"https:\/\/lavostrallar.com\/noticias\/ca\/la-adaptacion-de-actividades-de-estimulacion-cognitiva-superando-barreras-sensoriales\/#primaryimage\",\"url\":\"https:\/\/lavostrallar.com\/noticias\/wp-content\/uploads\/2023\/09\/WhatsApp-Image-2023-09-12-at-18.56.19.jpeg\",\"contentUrl\":\"https:\/\/lavostrallar.com\/noticias\/wp-content\/uploads\/2023\/09\/WhatsApp-Image-2023-09-12-at-18.56.19.jpeg\",\"width\":2000,\"height\":1500},{\"@type\":\"BreadcrumbList\",\"@id\":\"https:\/\/lavostrallar.com\/noticias\/ca\/la-adaptacion-de-actividades-de-estimulacion-cognitiva-superando-barreras-sensoriales\/#breadcrumb\",\"itemListElement\":[{\"@type\":\"ListItem\",\"position\":1,\"name\":\"Portada\",\"item\":\"https:\/\/lavostrallar.com\/noticias\/\"},{\"@type\":\"ListItem\",\"position\":2,\"name\":\"Superando barreras sensoriales con estimulaci\u00f3n cognitiva\"}]},{\"@type\":\"WebSite\",\"@id\":\"https:\/\/lavostrallar.com\/noticias\/#website\",\"url\":\"https:\/\/lavostrallar.com\/noticias\/\",\"name\":\"La Vostra Llar\",\"description\":\"La Vostra Llar gestiona resid\u00e8ncies geri\u00e0triques des de 1987 amb la missi\u00f3 d\u2019oferir assist\u00e8ncia personalitzada per estimular, acollir i atendre les persones grans amb qualsevol grau de depend\u00e8ncia.\",\"publisher\":{\"@id\":\"https:\/\/lavostrallar.com\/noticias\/#organization\"},\"potentialAction\":[{\"@type\":\"SearchAction\",\"target\":{\"@type\":\"EntryPoint\",\"urlTemplate\":\"https:\/\/lavostrallar.com\/noticias\/?s={search_term_string}\"},\"query-input\":{\"@type\":\"PropertyValueSpecification\",\"valueRequired\":true,\"valueName\":\"search_term_string\"}}],\"inLanguage\":\"es\"},{\"@type\":\"Organization\",\"@id\":\"https:\/\/lavostrallar.com\/noticias\/#organization\",\"name\":\"La Vostra Llar\",\"url\":\"https:\/\/lavostrallar.com\/noticias\/\",\"logo\":{\"@type\":\"ImageObject\",\"inLanguage\":\"es\",\"@id\":\"https:\/\/lavostrallar.com\/noticias\/#\/schema\/logo\/image\/\",\"url\":\"https:\/\/lavostrallar.com\/noticias\/wp-content\/uploads\/2021\/12\/logo_lavostrallar.png\",\"contentUrl\":\"https:\/\/lavostrallar.com\/noticias\/wp-content\/uploads\/2021\/12\/logo_lavostrallar.png\",\"width\":217,\"height\":109,\"caption\":\"La Vostra Llar\"},\"image\":{\"@id\":\"https:\/\/lavostrallar.com\/noticias\/#\/schema\/logo\/image\/\"},\"sameAs\":[\"https:\/\/www.facebook.com\/lavostra.llar\",\"https:\/\/x.com\/lavostrallar\",\"https:\/\/www.instagram.com\/lavostrallar\/\"]},{\"@type\":\"Person\",\"@id\":\"https:\/\/lavostrallar.com\/noticias\/#\/schema\/person\/f4289e6c8ab39fa8174fb0c6961cf3d9\",\"name\":\"lavostrallar les oliveres\",\"image\":{\"@type\":\"ImageObject\",\"inLanguage\":\"es\",\"@id\":\"https:\/\/lavostrallar.com\/noticias\/#\/schema\/person\/image\/\",\"url\":\"https:\/\/secure.gravatar.com\/avatar\/8a68ffd91f344473a54bf43806c46b546425f438f4ef4581a92a140ec7d5298a?s=96&d=mm&r=g\",\"contentUrl\":\"https:\/\/secure.gravatar.com\/avatar\/8a68ffd91f344473a54bf43806c46b546425f438f4ef4581a92a140ec7d5298a?s=96&d=mm&r=g\",\"caption\":\"lavostrallar les oliveres\"},\"url\":\"https:\/\/lavostrallar.com\/noticias\/author\/lavostrallar-les-oliveres\/\"}]}<\/script>\n<!-- \/ Yoast SEO plugin. -->","yoast_head_json":{"title":"Estimulaci\u00f3n cognitiva con barreras sensoriales - Noticias La Vostra Llar","description":"La estimulaci\u00f3n cognitiva es vital para la salud mental de las personas mayores. Sin embargo, las dificultades auditivas y visuales","robots":{"index":"index","follow":"follow","max-snippet":"max-snippet:-1","max-image-preview":"max-image-preview:large","max-video-preview":"max-video-preview:-1"},"canonical":"https:\/\/lavostrallar.com\/noticias\/la-adaptacion-de-actividades-de-estimulacion-cognitiva-superando-barreras-sensoriales\/","og_locale":"es_ES","og_type":"article","og_title":"Estimulaci\u00f3n cognitiva con barreras sensoriales - Noticias La Vostra Llar","og_description":"La estimulaci\u00f3n cognitiva es vital para la salud mental de las personas mayores. Sin embargo, las dificultades auditivas y visuales","og_url":"https:\/\/lavostrallar.com\/noticias\/la-adaptacion-de-actividades-de-estimulacion-cognitiva-superando-barreras-sensoriales\/","og_site_name":"Noticias La Vostra Llar","article_publisher":"https:\/\/www.facebook.com\/lavostra.llar","article_published_time":"2023-09-12T16:44:15+00:00","article_modified_time":"2023-09-13T07:28:23+00:00","og_image":[{"width":2000,"height":1500,"url":"https:\/\/lavostrallar.com\/noticias\/wp-content\/uploads\/2023\/09\/WhatsApp-Image-2023-09-12-at-18.56.19.jpeg","type":"image\/jpeg"}],"author":"lavostrallar les oliveres","twitter_card":"summary_large_image","twitter_creator":"@lavostrallar","twitter_site":"@lavostrallar","twitter_misc":{"Escrito por":"lavostrallar les oliveres","Tiempo de lectura":"2 minutos"},"schema":{"@context":"https:\/\/schema.org","@graph":[{"@type":"Article","@id":"https:\/\/lavostrallar.com\/noticias\/ca\/la-adaptacion-de-actividades-de-estimulacion-cognitiva-superando-barreras-sensoriales\/#article","isPartOf":{"@id":"https:\/\/lavostrallar.com\/noticias\/ca\/la-adaptacion-de-actividades-de-estimulacion-cognitiva-superando-barreras-sensoriales\/"},"author":{"name":"lavostrallar les oliveres","@id":"https:\/\/lavostrallar.com\/noticias\/#\/schema\/person\/f4289e6c8ab39fa8174fb0c6961cf3d9"},"headline":"Superando barreras sensoriales con estimulaci\u00f3n cognitiva","datePublished":"2023-09-12T16:44:15+00:00","dateModified":"2023-09-13T07:28:23+00:00","mainEntityOfPage":{"@id":"https:\/\/lavostrallar.com\/noticias\/ca\/la-adaptacion-de-actividades-de-estimulacion-cognitiva-superando-barreras-sensoriales\/"},"wordCount":274,"publisher":{"@id":"https:\/\/lavostrallar.com\/noticias\/#organization"},"image":{"@id":"https:\/\/lavostrallar.com\/noticias\/ca\/la-adaptacion-de-actividades-de-estimulacion-cognitiva-superando-barreras-sensoriales\/#primaryimage"},"thumbnailUrl":"https:\/\/lavostrallar.com\/noticias\/wp-content\/uploads\/2023\/09\/WhatsApp-Image-2023-09-12-at-18.56.19.jpeg","keywords":["Actividades para mayores","Atenci\u00f3n centrada en la persona","Barreras sensoriales","Compromiso","Estimulacion cognitiva","Residencias de ancianos","Salud y envejecimiento activo","Talleres"],"articleSection":["Noticias Blanes","Noticias Clot","Noticias Gr\u00e0cia","Noticias La Rambla","Noticias Les D\u00e0lies","Noticias Les Oliveres","Noticias Matar\u00f3","Noticias Parc G\u00fcell","Noticias Reig","Noticias Terrassa"],"inLanguage":"es"},{"@type":"WebPage","@id":"https:\/\/lavostrallar.com\/noticias\/ca\/la-adaptacion-de-actividades-de-estimulacion-cognitiva-superando-barreras-sensoriales\/","url":"https:\/\/lavostrallar.com\/noticias\/ca\/la-adaptacion-de-actividades-de-estimulacion-cognitiva-superando-barreras-sensoriales\/","name":"Estimulaci\u00f3n cognitiva con barreras sensoriales - Noticias La Vostra Llar","isPartOf":{"@id":"https:\/\/lavostrallar.com\/noticias\/#website"},"primaryImageOfPage":{"@id":"https:\/\/lavostrallar.com\/noticias\/ca\/la-adaptacion-de-actividades-de-estimulacion-cognitiva-superando-barreras-sensoriales\/#primaryimage"},"image":{"@id":"https:\/\/lavostrallar.com\/noticias\/ca\/la-adaptacion-de-actividades-de-estimulacion-cognitiva-superando-barreras-sensoriales\/#primaryimage"},"thumbnailUrl":"https:\/\/lavostrallar.com\/noticias\/wp-content\/uploads\/2023\/09\/WhatsApp-Image-2023-09-12-at-18.56.19.jpeg","datePublished":"2023-09-12T16:44:15+00:00","dateModified":"2023-09-13T07:28:23+00:00","description":"La estimulaci\u00f3n cognitiva es vital para la salud mental de las personas mayores. Sin embargo, las dificultades auditivas y visuales","breadcrumb":{"@id":"https:\/\/lavostrallar.com\/noticias\/ca\/la-adaptacion-de-actividades-de-estimulacion-cognitiva-superando-barreras-sensoriales\/#breadcrumb"},"inLanguage":"es","potentialAction":[{"@type":"ReadAction","target":["https:\/\/lavostrallar.com\/noticias\/ca\/la-adaptacion-de-actividades-de-estimulacion-cognitiva-superando-barreras-sensoriales\/"]}]},{"@type":"ImageObject","inLanguage":"es","@id":"https:\/\/lavostrallar.com\/noticias\/ca\/la-adaptacion-de-actividades-de-estimulacion-cognitiva-superando-barreras-sensoriales\/#primaryimage","url":"https:\/\/lavostrallar.com\/noticias\/wp-content\/uploads\/2023\/09\/WhatsApp-Image-2023-09-12-at-18.56.19.jpeg","contentUrl":"https:\/\/lavostrallar.com\/noticias\/wp-content\/uploads\/2023\/09\/WhatsApp-Image-2023-09-12-at-18.56.19.jpeg","width":2000,"height":1500},{"@type":"BreadcrumbList","@id":"https:\/\/lavostrallar.com\/noticias\/ca\/la-adaptacion-de-actividades-de-estimulacion-cognitiva-superando-barreras-sensoriales\/#breadcrumb","itemListElement":[{"@type":"ListItem","position":1,"name":"Portada","item":"https:\/\/lavostrallar.com\/noticias\/"},{"@type":"ListItem","position":2,"name":"Superando barreras sensoriales con estimulaci\u00f3n cognitiva"}]},{"@type":"WebSite","@id":"https:\/\/lavostrallar.com\/noticias\/#website","url":"https:\/\/lavostrallar.com\/noticias\/","name":"La Vostra Llar","description":"La Vostra Llar gestiona resid\u00e8ncies geri\u00e0triques des de 1987 amb la missi\u00f3 d\u2019oferir assist\u00e8ncia personalitzada per estimular, acollir i atendre les persones grans amb qualsevol grau de depend\u00e8ncia.","publisher":{"@id":"https:\/\/lavostrallar.com\/noticias\/#organization"},"potentialAction":[{"@type":"SearchAction","target":{"@type":"EntryPoint","urlTemplate":"https:\/\/lavostrallar.com\/noticias\/?s={search_term_string}"},"query-input":{"@type":"PropertyValueSpecification","valueRequired":true,"valueName":"search_term_string"}}],"inLanguage":"es"},{"@type":"Organization","@id":"https:\/\/lavostrallar.com\/noticias\/#organization","name":"La Vostra Llar","url":"https:\/\/lavostrallar.com\/noticias\/","logo":{"@type":"ImageObject","inLanguage":"es","@id":"https:\/\/lavostrallar.com\/noticias\/#\/schema\/logo\/image\/","url":"https:\/\/lavostrallar.com\/noticias\/wp-content\/uploads\/2021\/12\/logo_lavostrallar.png","contentUrl":"https:\/\/lavostrallar.com\/noticias\/wp-content\/uploads\/2021\/12\/logo_lavostrallar.png","width":217,"height":109,"caption":"La Vostra Llar"},"image":{"@id":"https:\/\/lavostrallar.com\/noticias\/#\/schema\/logo\/image\/"},"sameAs":["https:\/\/www.facebook.com\/lavostra.llar","https:\/\/x.com\/lavostrallar","https:\/\/www.instagram.com\/lavostrallar\/"]},{"@type":"Person","@id":"https:\/\/lavostrallar.com\/noticias\/#\/schema\/person\/f4289e6c8ab39fa8174fb0c6961cf3d9","name":"lavostrallar les oliveres","image":{"@type":"ImageObject","inLanguage":"es","@id":"https:\/\/lavostrallar.com\/noticias\/#\/schema\/person\/image\/","url":"https:\/\/secure.gravatar.com\/avatar\/8a68ffd91f344473a54bf43806c46b546425f438f4ef4581a92a140ec7d5298a?s=96&d=mm&r=g","contentUrl":"https:\/\/secure.gravatar.com\/avatar\/8a68ffd91f344473a54bf43806c46b546425f438f4ef4581a92a140ec7d5298a?s=96&d=mm&r=g","caption":"lavostrallar les oliveres"},"url":"https:\/\/lavostrallar.com\/noticias\/author\/lavostrallar-les-oliveres\/"}]}},"_links":{"self":[{"href":"https:\/\/lavostrallar.com\/noticias\/wp-json\/wp\/v2\/posts\/27680","targetHints":{"allow":["GET"]}}],"collection":[{"href":"https:\/\/lavostrallar.com\/noticias\/wp-json\/wp\/v2\/posts"}],"about":[{"href":"https:\/\/lavostrallar.com\/noticias\/wp-json\/wp\/v2\/types\/post"}],"author":[{"embeddable":true,"href":"https:\/\/lavostrallar.com\/noticias\/wp-json\/wp\/v2\/users\/6"}],"replies":[{"embeddable":true,"href":"https:\/\/lavostrallar.com\/noticias\/wp-json\/wp\/v2\/comments?post=27680"}],"version-history":[{"count":2,"href":"https:\/\/lavostrallar.com\/noticias\/wp-json\/wp\/v2\/posts\/27680\/revisions"}],"predecessor-version":[{"id":27690,"href":"https:\/\/lavostrallar.com\/noticias\/wp-json\/wp\/v2\/posts\/27680\/revisions\/27690"}],"wp:featuredmedia":[{"embeddable":true,"href":"https:\/\/lavostrallar.com\/noticias\/wp-json\/wp\/v2\/media\/27683"}],"wp:attachment":[{"href":"https:\/\/lavostrallar.com\/noticias\/wp-json\/wp\/v2\/media?parent=27680"}],"wp:term":[{"taxonomy":"category","embeddable":true,"href":"https:\/\/lavostrallar.com\/noticias\/wp-json\/wp\/v2\/categories?post=27680"},{"taxonomy":"post_tag","embeddable":true,"href":"https:\/\/lavostrallar.com\/noticias\/wp-json\/wp\/v2\/tags?post=27680"}],"curies":[{"name":"wp","href":"https:\/\/api.w.org\/{rel}","templated":true}]}}