	{"id":28039,"date":"2023-10-05T11:50:06","date_gmt":"2023-10-05T09:50:06","guid":{"rendered":"https:\/\/lavostrallar.com\/?p=28039"},"modified":"2023-10-05T11:50:07","modified_gmt":"2023-10-05T09:50:07","slug":"calidad-en-nuestras-cocinas","status":"publish","type":"post","link":"https:\/\/lavostrallar.com\/noticias\/calidad-en-nuestras-cocinas\/","title":{"rendered":"Calidad en nuestras cocinas"},"content":{"rendered":"\n<p>En las <strong>residencias y centros de d\u00eda La Vostra Llar <\/strong>queremos asegurar que se cumplen los reglamentos de <strong>calidad y seguridad alimentaria<\/strong> para lograr una alimentaci\u00f3n saludable, nutritiva e inocua.<\/p>\n\n\n\n<p>Esta normativa la marca el <strong><a href=\"https:\/\/www.boe.es\/buscar\/doc.php?id=DOUE-L-2004-81035\">Reglamento (CE) 852\/2004<\/a><\/strong> que establece una serie de pautas generales en materia de higiene de los productos alimenticios que deben cumplir los operadores de empresas del sector de la alimentaci\u00f3n, implementando un sistema de an\u00e1lisis de peligros y puntos de control cr\u00edticos (APPCC).<\/p>\n\n\n\n<p>En nuestros centros de d\u00eda y residencias, aparte de las auditorias oficiales de la Generalitat de Catalunya, realizamos voluntariamente <strong>dos<\/strong> <strong>auditor\u00edas internas<\/strong> higi\u00e9nico-sanitarias al a\u00f1o en las cocinas de nuestros centros.<\/p>\n\n\n\n<p>Estas auditor\u00edas son ejecutadas por auditores y consultores de seguridad alimentaria de nuestra empresa colaboradora <strong>Central Borne<\/strong>.<\/p>\n\n\n\n<p>Las auditor\u00edas se realizan mediante una lista de verificaci\u00f3n eficiente y alineada con los objetivos de <strong>La Vostra Llar<\/strong> donde valoramos, entre otras cosas:<\/p>\n\n\n\n<ol class=\"wp-block-list\" type=\"1\">\n<li>Que se cumple la norma APPCC de inocuidad, con lo que aseguramos la ausencia de peligro en los alimentos que puedan da\u00f1ar la salud de los consumidores.<\/li>\n\n\n\n<li>Que se siguen las fichas t\u00e9cnicas de las recetas.<\/li>\n\n\n\n<li>Que se cumplimentan los registros de temperatura e incidencias que marca la normativa.<\/li>\n\n\n\n<li>Que los almacenes y las zonas de trabajo est\u00e1n limpias, higienizadas y ordenadas.<\/li>\n\n\n\n<li>Que se sigue el men\u00fa pautado y se sirven las cantidades de alimento que prescribe la dietista-nutricionista.<\/li>\n<\/ol>\n\n\n\n<p>Una vez realizada la auditor\u00eda en cada centro, se env\u00eda un informe a la responsable de calidad para que haga seguimiento de las mejoras propuestas.<\/p>\n\n\n\n<h5 class=\"wp-block-heading\">Los beneficios que obtenemos con este servicio son:<\/h5>\n\n\n\n<ol class=\"wp-block-list\" type=\"1\">\n<li>&nbsp;Tenemos el control sobre la seguridad alimentaria de los alimentos que elaboramos.<\/li>\n\n\n\n<li>Aseguramos que se cumple la normativa, leyes y reglamentos.<\/li>\n\n\n\n<li>Prevenimos riesgos y peligros alimentarios.<\/li>\n\n\n\n<li>Aseguramos un m\u00e9todo de trabajo con una buena gesti\u00f3n.<\/li>\n\n\n\n<li>Transmitimos mayor confianza a nuestros clientes y sus familias.<\/li>\n\n\n\n<li>Aseguramos que nuestros usuarios est\u00e1n bien nutridos.<\/li>\n<\/ol>\n","protected":false},"excerpt":{"rendered":"<p>En las residencias y centros de d\u00eda La Vostra Llar queremos asegurar que se cumplen los reglamentos de calidad y seguridad alimentaria para lograr una alimentaci\u00f3n saludable, nutritiva e inocua. Esta normativa la marca el Reglamento (CE) 852\/2004 que establece una serie de pautas generales en materia de higiene de los productos alimenticios que deben [&hellip;]<\/p>\n","protected":false},"author":12,"featured_media":28040,"comment_status":"closed","ping_status":"closed","sticky":false,"template":"","format":"standard","meta":{"content-type":"","footnotes":""},"categories":[11,47,18,12,13,14,15,27,16,19],"tags":[21,163,164,9,20],"class_list":["post-28039","post","type-post","status-publish","format-standard","has-post-thumbnail","hentry","category-noticias-blanes","category-noticias-clot","category-noticias-gracia","category-noticias-la-rambla","category-noticias-les-dalies","category-noticias-les-oliveres","category-noticias-mataro","category-noticias-guell","category-noticias-reig","category-noticias-terrassa","tag-atencion-centrada-en-la-persona","tag-calidad-alimentaria","tag-menus-en-las-residencias","tag-residencias-de-ancianos","tag-salud-y-envejecimiento-activo"],"yoast_head":"<!-- This site is optimized with the Yoast SEO plugin v26.0 - https:\/\/yoast.com\/wordpress\/plugins\/seo\/ -->\n<title>Calidad en nuestras cocinas - Noticias La Vostra Llar<\/title>\n<meta name=\"description\" content=\"En las residencias y centros de d\u00eda La Vostra Llar queremos asegurar que se cumplen los reglamentos de calidad y seguridad alimentaria\" \/>\n<meta name=\"robots\" content=\"index, follow, max-snippet:-1, max-image-preview:large, max-video-preview:-1\" \/>\n<link rel=\"canonical\" href=\"https:\/\/lavostrallar.com\/noticias\/calidad-en-nuestras-cocinas\/\" \/>\n<meta property=\"og:locale\" content=\"es_ES\" \/>\n<meta property=\"og:type\" content=\"article\" \/>\n<meta property=\"og:title\" content=\"Calidad en nuestras cocinas - Noticias La Vostra Llar\" \/>\n<meta property=\"og:description\" content=\"En las residencias y centros de d\u00eda La Vostra Llar queremos asegurar que se cumplen los reglamentos de calidad y seguridad alimentaria\" \/>\n<meta property=\"og:url\" content=\"https:\/\/lavostrallar.com\/noticias\/calidad-en-nuestras-cocinas\/\" \/>\n<meta property=\"og:site_name\" content=\"Noticias La Vostra Llar\" \/>\n<meta property=\"article:publisher\" content=\"https:\/\/www.facebook.com\/lavostra.llar\" \/>\n<meta property=\"article:published_time\" content=\"2023-10-05T09:50:06+00:00\" \/>\n<meta property=\"article:modified_time\" content=\"2023-10-05T09:50:07+00:00\" \/>\n<meta property=\"og:image\" content=\"https:\/\/lavostrallar.com\/noticias\/wp-content\/uploads\/2023\/10\/Foto-articulo-dietista.jpg\" \/>\n\t<meta property=\"og:image:width\" content=\"873\" \/>\n\t<meta property=\"og:image:height\" content=\"601\" \/>\n\t<meta property=\"og:image:type\" content=\"image\/jpeg\" \/>\n<meta name=\"author\" content=\"lavostrallar Comunicacio\" \/>\n<meta name=\"twitter:card\" content=\"summary_large_image\" \/>\n<meta name=\"twitter:creator\" content=\"@lavostrallar\" \/>\n<meta name=\"twitter:site\" content=\"@lavostrallar\" \/>\n<meta name=\"twitter:label1\" content=\"Escrito por\" \/>\n\t<meta name=\"twitter:data1\" content=\"lavostrallar Comunicacio\" \/>\n\t<meta name=\"twitter:label2\" content=\"Tiempo de lectura\" \/>\n\t<meta name=\"twitter:data2\" content=\"2 minutos\" \/>\n<script type=\"application\/ld+json\" class=\"yoast-schema-graph\">{\"@context\":\"https:\/\/schema.org\",\"@graph\":[{\"@type\":\"Article\",\"@id\":\"https:\/\/lavostrallar.com\/noticias\/calidad-en-nuestras-cocinas\/#article\",\"isPartOf\":{\"@id\":\"https:\/\/lavostrallar.com\/noticias\/calidad-en-nuestras-cocinas\/\"},\"author\":{\"name\":\"lavostrallar Comunicacio\",\"@id\":\"https:\/\/lavostrallar.com\/noticias\/#\/schema\/person\/321f189af5ebbd679ae095028db43fdd\"},\"headline\":\"Calidad en nuestras cocinas\",\"datePublished\":\"2023-10-05T09:50:06+00:00\",\"dateModified\":\"2023-10-05T09:50:07+00:00\",\"mainEntityOfPage\":{\"@id\":\"https:\/\/lavostrallar.com\/noticias\/calidad-en-nuestras-cocinas\/\"},\"wordCount\":337,\"publisher\":{\"@id\":\"https:\/\/lavostrallar.com\/noticias\/#organization\"},\"image\":{\"@id\":\"https:\/\/lavostrallar.com\/noticias\/calidad-en-nuestras-cocinas\/#primaryimage\"},\"thumbnailUrl\":\"https:\/\/lavostrallar.com\/noticias\/wp-content\/uploads\/2023\/10\/Foto-articulo-dietista.jpg\",\"keywords\":[\"Atenci\u00f3n centrada en la persona\",\"Calidad alimentaria\",\"Men\u00fas en las residencias\",\"Residencias de ancianos\",\"Salud y envejecimiento activo\"],\"articleSection\":[\"Noticias Blanes\",\"Noticias Clot\",\"Noticias Gr\u00e0cia\",\"Noticias La Rambla\",\"Noticias Les D\u00e0lies\",\"Noticias Les Oliveres\",\"Noticias Matar\u00f3\",\"Noticias Parc G\u00fcell\",\"Noticias Reig\",\"Noticias Terrassa\"],\"inLanguage\":\"es\"},{\"@type\":\"WebPage\",\"@id\":\"https:\/\/lavostrallar.com\/noticias\/calidad-en-nuestras-cocinas\/\",\"url\":\"https:\/\/lavostrallar.com\/noticias\/calidad-en-nuestras-cocinas\/\",\"name\":\"Calidad en nuestras cocinas - Noticias La Vostra Llar\",\"isPartOf\":{\"@id\":\"https:\/\/lavostrallar.com\/noticias\/#website\"},\"primaryImageOfPage\":{\"@id\":\"https:\/\/lavostrallar.com\/noticias\/calidad-en-nuestras-cocinas\/#primaryimage\"},\"image\":{\"@id\":\"https:\/\/lavostrallar.com\/noticias\/calidad-en-nuestras-cocinas\/#primaryimage\"},\"thumbnailUrl\":\"https:\/\/lavostrallar.com\/noticias\/wp-content\/uploads\/2023\/10\/Foto-articulo-dietista.jpg\",\"datePublished\":\"2023-10-05T09:50:06+00:00\",\"dateModified\":\"2023-10-05T09:50:07+00:00\",\"description\":\"En las residencias y centros de d\u00eda La Vostra Llar queremos asegurar que se cumplen los reglamentos de calidad y seguridad alimentaria\",\"breadcrumb\":{\"@id\":\"https:\/\/lavostrallar.com\/noticias\/calidad-en-nuestras-cocinas\/#breadcrumb\"},\"inLanguage\":\"es\",\"potentialAction\":[{\"@type\":\"ReadAction\",\"target\":[\"https:\/\/lavostrallar.com\/noticias\/calidad-en-nuestras-cocinas\/\"]}]},{\"@type\":\"ImageObject\",\"inLanguage\":\"es\",\"@id\":\"https:\/\/lavostrallar.com\/noticias\/calidad-en-nuestras-cocinas\/#primaryimage\",\"url\":\"https:\/\/lavostrallar.com\/noticias\/wp-content\/uploads\/2023\/10\/Foto-articulo-dietista.jpg\",\"contentUrl\":\"https:\/\/lavostrallar.com\/noticias\/wp-content\/uploads\/2023\/10\/Foto-articulo-dietista.jpg\",\"width\":873,\"height\":601},{\"@type\":\"BreadcrumbList\",\"@id\":\"https:\/\/lavostrallar.com\/noticias\/calidad-en-nuestras-cocinas\/#breadcrumb\",\"itemListElement\":[{\"@type\":\"ListItem\",\"position\":1,\"name\":\"Portada\",\"item\":\"https:\/\/lavostrallar.com\/noticias\/\"},{\"@type\":\"ListItem\",\"position\":2,\"name\":\"Calidad en nuestras cocinas\"}]},{\"@type\":\"WebSite\",\"@id\":\"https:\/\/lavostrallar.com\/noticias\/#website\",\"url\":\"https:\/\/lavostrallar.com\/noticias\/\",\"name\":\"La Vostra Llar\",\"description\":\"La Vostra Llar gestiona resid\u00e8ncies geri\u00e0triques des de 1987 amb la missi\u00f3 d\u2019oferir assist\u00e8ncia personalitzada per estimular, acollir i atendre les persones grans amb qualsevol grau de depend\u00e8ncia.\",\"publisher\":{\"@id\":\"https:\/\/lavostrallar.com\/noticias\/#organization\"},\"potentialAction\":[{\"@type\":\"SearchAction\",\"target\":{\"@type\":\"EntryPoint\",\"urlTemplate\":\"https:\/\/lavostrallar.com\/noticias\/?s={search_term_string}\"},\"query-input\":{\"@type\":\"PropertyValueSpecification\",\"valueRequired\":true,\"valueName\":\"search_term_string\"}}],\"inLanguage\":\"es\"},{\"@type\":\"Organization\",\"@id\":\"https:\/\/lavostrallar.com\/noticias\/#organization\",\"name\":\"La Vostra Llar\",\"url\":\"https:\/\/lavostrallar.com\/noticias\/\",\"logo\":{\"@type\":\"ImageObject\",\"inLanguage\":\"es\",\"@id\":\"https:\/\/lavostrallar.com\/noticias\/#\/schema\/logo\/image\/\",\"url\":\"https:\/\/lavostrallar.com\/noticias\/wp-content\/uploads\/2021\/12\/logo_lavostrallar.png\",\"contentUrl\":\"https:\/\/lavostrallar.com\/noticias\/wp-content\/uploads\/2021\/12\/logo_lavostrallar.png\",\"width\":217,\"height\":109,\"caption\":\"La Vostra Llar\"},\"image\":{\"@id\":\"https:\/\/lavostrallar.com\/noticias\/#\/schema\/logo\/image\/\"},\"sameAs\":[\"https:\/\/www.facebook.com\/lavostra.llar\",\"https:\/\/x.com\/lavostrallar\",\"https:\/\/www.instagram.com\/lavostrallar\/\"]},{\"@type\":\"Person\",\"@id\":\"https:\/\/lavostrallar.com\/noticias\/#\/schema\/person\/321f189af5ebbd679ae095028db43fdd\",\"name\":\"lavostrallar Comunicacio\",\"image\":{\"@type\":\"ImageObject\",\"inLanguage\":\"es\",\"@id\":\"https:\/\/lavostrallar.com\/noticias\/#\/schema\/person\/image\/\",\"url\":\"https:\/\/secure.gravatar.com\/avatar\/69a4b73b52c8eedccce42e542861709a5afc2b40e0a43d691da018458db2d41b?s=96&d=mm&r=g\",\"contentUrl\":\"https:\/\/secure.gravatar.com\/avatar\/69a4b73b52c8eedccce42e542861709a5afc2b40e0a43d691da018458db2d41b?s=96&d=mm&r=g\",\"caption\":\"lavostrallar Comunicacio\"},\"url\":\"https:\/\/lavostrallar.com\/noticias\/author\/lavostrallar-comunicacio\/\"}]}<\/script>\n<!-- \/ Yoast SEO plugin. -->","yoast_head_json":{"title":"Calidad en nuestras cocinas - Noticias La Vostra Llar","description":"En las residencias y centros de d\u00eda La Vostra Llar queremos asegurar que se cumplen los reglamentos de calidad y seguridad alimentaria","robots":{"index":"index","follow":"follow","max-snippet":"max-snippet:-1","max-image-preview":"max-image-preview:large","max-video-preview":"max-video-preview:-1"},"canonical":"https:\/\/lavostrallar.com\/noticias\/calidad-en-nuestras-cocinas\/","og_locale":"es_ES","og_type":"article","og_title":"Calidad en nuestras cocinas - Noticias La Vostra Llar","og_description":"En las residencias y centros de d\u00eda La Vostra Llar queremos asegurar que se cumplen los reglamentos de calidad y seguridad alimentaria","og_url":"https:\/\/lavostrallar.com\/noticias\/calidad-en-nuestras-cocinas\/","og_site_name":"Noticias La Vostra Llar","article_publisher":"https:\/\/www.facebook.com\/lavostra.llar","article_published_time":"2023-10-05T09:50:06+00:00","article_modified_time":"2023-10-05T09:50:07+00:00","og_image":[{"width":873,"height":601,"url":"https:\/\/lavostrallar.com\/noticias\/wp-content\/uploads\/2023\/10\/Foto-articulo-dietista.jpg","type":"image\/jpeg"}],"author":"lavostrallar Comunicacio","twitter_card":"summary_large_image","twitter_creator":"@lavostrallar","twitter_site":"@lavostrallar","twitter_misc":{"Escrito por":"lavostrallar Comunicacio","Tiempo de lectura":"2 minutos"},"schema":{"@context":"https:\/\/schema.org","@graph":[{"@type":"Article","@id":"https:\/\/lavostrallar.com\/noticias\/calidad-en-nuestras-cocinas\/#article","isPartOf":{"@id":"https:\/\/lavostrallar.com\/noticias\/calidad-en-nuestras-cocinas\/"},"author":{"name":"lavostrallar Comunicacio","@id":"https:\/\/lavostrallar.com\/noticias\/#\/schema\/person\/321f189af5ebbd679ae095028db43fdd"},"headline":"Calidad en nuestras cocinas","datePublished":"2023-10-05T09:50:06+00:00","dateModified":"2023-10-05T09:50:07+00:00","mainEntityOfPage":{"@id":"https:\/\/lavostrallar.com\/noticias\/calidad-en-nuestras-cocinas\/"},"wordCount":337,"publisher":{"@id":"https:\/\/lavostrallar.com\/noticias\/#organization"},"image":{"@id":"https:\/\/lavostrallar.com\/noticias\/calidad-en-nuestras-cocinas\/#primaryimage"},"thumbnailUrl":"https:\/\/lavostrallar.com\/noticias\/wp-content\/uploads\/2023\/10\/Foto-articulo-dietista.jpg","keywords":["Atenci\u00f3n centrada en la persona","Calidad alimentaria","Men\u00fas en las residencias","Residencias de ancianos","Salud y envejecimiento activo"],"articleSection":["Noticias Blanes","Noticias Clot","Noticias Gr\u00e0cia","Noticias La Rambla","Noticias Les D\u00e0lies","Noticias Les Oliveres","Noticias Matar\u00f3","Noticias Parc G\u00fcell","Noticias Reig","Noticias Terrassa"],"inLanguage":"es"},{"@type":"WebPage","@id":"https:\/\/lavostrallar.com\/noticias\/calidad-en-nuestras-cocinas\/","url":"https:\/\/lavostrallar.com\/noticias\/calidad-en-nuestras-cocinas\/","name":"Calidad en nuestras cocinas - Noticias La Vostra Llar","isPartOf":{"@id":"https:\/\/lavostrallar.com\/noticias\/#website"},"primaryImageOfPage":{"@id":"https:\/\/lavostrallar.com\/noticias\/calidad-en-nuestras-cocinas\/#primaryimage"},"image":{"@id":"https:\/\/lavostrallar.com\/noticias\/calidad-en-nuestras-cocinas\/#primaryimage"},"thumbnailUrl":"https:\/\/lavostrallar.com\/noticias\/wp-content\/uploads\/2023\/10\/Foto-articulo-dietista.jpg","datePublished":"2023-10-05T09:50:06+00:00","dateModified":"2023-10-05T09:50:07+00:00","description":"En las residencias y centros de d\u00eda La Vostra Llar queremos asegurar que se cumplen los reglamentos de calidad y seguridad alimentaria","breadcrumb":{"@id":"https:\/\/lavostrallar.com\/noticias\/calidad-en-nuestras-cocinas\/#breadcrumb"},"inLanguage":"es","potentialAction":[{"@type":"ReadAction","target":["https:\/\/lavostrallar.com\/noticias\/calidad-en-nuestras-cocinas\/"]}]},{"@type":"ImageObject","inLanguage":"es","@id":"https:\/\/lavostrallar.com\/noticias\/calidad-en-nuestras-cocinas\/#primaryimage","url":"https:\/\/lavostrallar.com\/noticias\/wp-content\/uploads\/2023\/10\/Foto-articulo-dietista.jpg","contentUrl":"https:\/\/lavostrallar.com\/noticias\/wp-content\/uploads\/2023\/10\/Foto-articulo-dietista.jpg","width":873,"height":601},{"@type":"BreadcrumbList","@id":"https:\/\/lavostrallar.com\/noticias\/calidad-en-nuestras-cocinas\/#breadcrumb","itemListElement":[{"@type":"ListItem","position":1,"name":"Portada","item":"https:\/\/lavostrallar.com\/noticias\/"},{"@type":"ListItem","position":2,"name":"Calidad en nuestras cocinas"}]},{"@type":"WebSite","@id":"https:\/\/lavostrallar.com\/noticias\/#website","url":"https:\/\/lavostrallar.com\/noticias\/","name":"La Vostra Llar","description":"La Vostra Llar gestiona resid\u00e8ncies geri\u00e0triques des de 1987 amb la missi\u00f3 d\u2019oferir assist\u00e8ncia personalitzada per estimular, acollir i atendre les persones grans amb qualsevol grau de depend\u00e8ncia.","publisher":{"@id":"https:\/\/lavostrallar.com\/noticias\/#organization"},"potentialAction":[{"@type":"SearchAction","target":{"@type":"EntryPoint","urlTemplate":"https:\/\/lavostrallar.com\/noticias\/?s={search_term_string}"},"query-input":{"@type":"PropertyValueSpecification","valueRequired":true,"valueName":"search_term_string"}}],"inLanguage":"es"},{"@type":"Organization","@id":"https:\/\/lavostrallar.com\/noticias\/#organization","name":"La Vostra Llar","url":"https:\/\/lavostrallar.com\/noticias\/","logo":{"@type":"ImageObject","inLanguage":"es","@id":"https:\/\/lavostrallar.com\/noticias\/#\/schema\/logo\/image\/","url":"https:\/\/lavostrallar.com\/noticias\/wp-content\/uploads\/2021\/12\/logo_lavostrallar.png","contentUrl":"https:\/\/lavostrallar.com\/noticias\/wp-content\/uploads\/2021\/12\/logo_lavostrallar.png","width":217,"height":109,"caption":"La Vostra Llar"},"image":{"@id":"https:\/\/lavostrallar.com\/noticias\/#\/schema\/logo\/image\/"},"sameAs":["https:\/\/www.facebook.com\/lavostra.llar","https:\/\/x.com\/lavostrallar","https:\/\/www.instagram.com\/lavostrallar\/"]},{"@type":"Person","@id":"https:\/\/lavostrallar.com\/noticias\/#\/schema\/person\/321f189af5ebbd679ae095028db43fdd","name":"lavostrallar Comunicacio","image":{"@type":"ImageObject","inLanguage":"es","@id":"https:\/\/lavostrallar.com\/noticias\/#\/schema\/person\/image\/","url":"https:\/\/secure.gravatar.com\/avatar\/69a4b73b52c8eedccce42e542861709a5afc2b40e0a43d691da018458db2d41b?s=96&d=mm&r=g","contentUrl":"https:\/\/secure.gravatar.com\/avatar\/69a4b73b52c8eedccce42e542861709a5afc2b40e0a43d691da018458db2d41b?s=96&d=mm&r=g","caption":"lavostrallar Comunicacio"},"url":"https:\/\/lavostrallar.com\/noticias\/author\/lavostrallar-comunicacio\/"}]}},"_links":{"self":[{"href":"https:\/\/lavostrallar.com\/noticias\/wp-json\/wp\/v2\/posts\/28039","targetHints":{"allow":["GET"]}}],"collection":[{"href":"https:\/\/lavostrallar.com\/noticias\/wp-json\/wp\/v2\/posts"}],"about":[{"href":"https:\/\/lavostrallar.com\/noticias\/wp-json\/wp\/v2\/types\/post"}],"author":[{"embeddable":true,"href":"https:\/\/lavostrallar.com\/noticias\/wp-json\/wp\/v2\/users\/12"}],"replies":[{"embeddable":true,"href":"https:\/\/lavostrallar.com\/noticias\/wp-json\/wp\/v2\/comments?post=28039"}],"version-history":[{"count":1,"href":"https:\/\/lavostrallar.com\/noticias\/wp-json\/wp\/v2\/posts\/28039\/revisions"}],"predecessor-version":[{"id":28041,"href":"https:\/\/lavostrallar.com\/noticias\/wp-json\/wp\/v2\/posts\/28039\/revisions\/28041"}],"wp:featuredmedia":[{"embeddable":true,"href":"https:\/\/lavostrallar.com\/noticias\/wp-json\/wp\/v2\/media\/28040"}],"wp:attachment":[{"href":"https:\/\/lavostrallar.com\/noticias\/wp-json\/wp\/v2\/media?parent=28039"}],"wp:term":[{"taxonomy":"category","embeddable":true,"href":"https:\/\/lavostrallar.com\/noticias\/wp-json\/wp\/v2\/categories?post=28039"},{"taxonomy":"post_tag","embeddable":true,"href":"https:\/\/lavostrallar.com\/noticias\/wp-json\/wp\/v2\/tags?post=28039"}],"curies":[{"name":"wp","href":"https:\/\/api.w.org\/{rel}","templated":true}]}}