	{"id":28095,"date":"2024-02-06T16:26:00","date_gmt":"2024-02-06T14:26:00","guid":{"rendered":"https:\/\/lavostrallar.com\/?p=28095"},"modified":"2025-02-07T11:04:42","modified_gmt":"2025-02-07T09:04:42","slug":"por-que-son-importantes-los-paseos-terapeuticos","status":"publish","type":"post","link":"https:\/\/lavostrallar.com\/noticias\/por-que-son-importantes-los-paseos-terapeuticos\/","title":{"rendered":"\u00bfPor qu\u00e9 son importantes los paseos terap\u00e9uticos?"},"content":{"rendered":"\n<p>Las residencias para personas mayores <strong>La Vostra Llar<\/strong> son lugares que brindan atenci\u00f3n y cuidados a aquellos que, por diversas razones, no pueden vivir de manera independiente en sus hogares. En estas instalaciones ofrecen una amplia gama de servicios y comodidades, pero est\u00e1 claro que uno de los aspectos m\u00e1s cruciales para el bienestar de los residentes son los paseos terap\u00e9uticos, salir a la calle y mantener el contacto con el mundo exterior. La importancia de esta actividad no debe subestimarse, ya que puede tener un impacto profundo en la salud f\u00edsica, mental y emocional de quienes viven en estas comunidades. <\/p>\n\n\n\n<h5 class=\"wp-block-heading\">Beneficios de los paseos terap\u00e9uticos para la salud f\u00edsica<\/h5>\n\n\n\n<ol class=\"wp-block-list\" type=\"1\">\n<li><strong><em>Estimulaci\u00f3n sensorial:<\/em> <\/strong>la exposici\u00f3n al aire libre permite que los residentes experimenten una variedad de est\u00edmulos sensoriales, como el sol, la brisa, los sonidos de la calle. Esto puede ayudar a mejorar la percepci\u00f3n sensorial y mantener agudas las capacidades f\u00edsicas.<\/li>\n\n\n\n<li><strong><em>Vitamina D<\/em>:<\/strong> la exposici\u00f3n al sol es esencial para la producci\u00f3n de vitamina D en el cuerpo, que es fundamental para la salud \u00f3sea y el sistema inmunol\u00f3gico.<\/li>\n\n\n\n<li><em><strong>Ejercicio f\u00edsico:<\/strong><\/em> salir a caminar o realizar actividades al aire libre promueve el movimiento y el ejercicio, lo que es esencial para mantener la movilidad y la fuerza muscular. Incluso un paseo ligero puede promover una mejora en la salud f\u00edsica de los residentes.<\/li>\n<\/ol>\n\n\n\n<h5 class=\"wp-block-heading\">Beneficios de los paseos terap\u00e9uticos para la salud mental y emocional<\/h5>\n\n\n\n<ol class=\"wp-block-list\" type=\"1\">\n<li><em><strong>Reducci\u00f3n del estr\u00e9s:<\/strong><\/em> estar al aire libre y en contacto con la naturaleza suele estar asociado con una reducci\u00f3n del estr\u00e9s y la ansiedad. Puede ser una oportunidad para relajarse y desconectar de las preocupaciones diarias.<\/li>\n\n\n\n<li><em><strong>Estimulaci\u00f3n cognitiva:<\/strong><\/em> observar el entorno exterior, interactuar con otras personas y participar en actividades al aire libre proporciona una mejora considerable en la salud cognitiva.<\/li>\n\n\n\n<li><em><strong>Socializaci\u00f3n:<\/strong><\/em> salir a la calle brinda la oportunidad de socializar con otros residentes, personal de la residencia e incluso personas de la comunidad. La interacci\u00f3n social es esencial para el bienestar emocional y puede prevenir la soledad y la depresi\u00f3n.<\/li>\n<\/ol>\n\n\n\n<h5 class=\"wp-block-heading\">Promoviendo la autonom\u00eda<\/h5>\n\n\n\n<p>Salir a la calle tambi\u00e9n es una forma de empoderar a los residentes, permiti\u00e9ndoles tomar decisiones y ejercer cierto grado de autonom\u00eda. Esto es especialmente importante para mantener la autoestima y la sensaci\u00f3n de control sobre sus vidas.<\/p>\n\n\n\n<h5 class=\"wp-block-heading\">Consideraciones a tener en cuenta<\/h5>\n\n\n\n<p>Es importante reconocer que, si bien la salida a la calle es fundamental, debe realizarse de manera segura y teniendo en cuenta las necesidades individuales de cada residente. Esto puede incluir la movilizaci\u00f3n con sillas de ruedas o andadores, la supervisi\u00f3n adecuada y la protecci\u00f3n contra condiciones clim\u00e1ticas externas.<\/p>\n\n\n\n<p>En resumen, la importancia de salir a la calle para las personas en residencias es innegable. Proporciona una serie de beneficios para la salud f\u00edsica, mental y emocional, adem\u00e1s de promover la autonom\u00eda y la calidad de vida. Las residencias y el personal de atenci\u00f3n creen importante brindar esta posibilidad y facilitar oportunidades para que los residentes disfruten del mundo exterior. Al hacerlo, contribuimos a mejorar significativamente la experiencia de quienes residen en estas comunidades y a fomentar un envejecimiento saludable y satisfactorio.<\/p>\n\n\n\n<p><\/p>\n\n\n\n<h5 class=\"wp-block-heading has-text-align-center\">Conoce tambi\u00e9n los beneficios del <a href=\"https:\/\/lavostrallar.com\/el-huerto-terapeutico\/\">huerto terap\u00e9utico<\/a> en las residencias La Vostra Llar<\/h5>\n","protected":false},"excerpt":{"rendered":"<p>Las residencias para personas mayores La Vostra Llar son lugares que brindan atenci\u00f3n y cuidados a aquellos que, por diversas razones, no pueden vivir de manera independiente en sus hogares. En estas instalaciones ofrecen una amplia gama de servicios y comodidades, pero est\u00e1 claro que uno de los aspectos m\u00e1s cruciales para el bienestar de [&hellip;]<\/p>\n","protected":false},"author":15,"featured_media":28096,"comment_status":"closed","ping_status":"closed","sticky":false,"template":"","format":"standard","meta":{"content-type":"","footnotes":""},"categories":[11,47,18,12,13,14,15,27,16,19],"tags":[69,165,167,9,166,20],"class_list":["post-28095","post","type-post","status-publish","format-standard","has-post-thumbnail","hentry","category-noticias-blanes","category-noticias-clot","category-noticias-gracia","category-noticias-la-rambla","category-noticias-les-dalies","category-noticias-les-oliveres","category-noticias-mataro","category-noticias-guell","category-noticias-reig","category-noticias-terrassa","tag-actividades-para-mayores","tag-exterior","tag-paseos-terapeuticos-2","tag-residencias-de-ancianos","tag-salidas-terapeuticas","tag-salud-y-envejecimiento-activo"],"yoast_head":"<!-- This site is optimized with the Yoast SEO plugin v26.0 - https:\/\/yoast.com\/wordpress\/plugins\/seo\/ -->\n<title>\u00bfPor qu\u00e9 son importantes los paseos terap\u00e9uticos? - Noticias La Vostra Llar<\/title>\n<meta name=\"description\" content=\"En La Vostra Llar sabemos que los paseos terap\u00e9uticos tienen un impacto muy positivo para la salud f\u00edsica y emocional de las personas mayores\" \/>\n<meta name=\"robots\" content=\"index, follow, max-snippet:-1, max-image-preview:large, max-video-preview:-1\" \/>\n<link rel=\"canonical\" href=\"https:\/\/lavostrallar.com\/noticias\/por-que-son-importantes-los-paseos-terapeuticos\/\" \/>\n<meta property=\"og:locale\" content=\"es_ES\" \/>\n<meta property=\"og:type\" content=\"article\" \/>\n<meta property=\"og:title\" content=\"\u00bfPor qu\u00e9 son importantes los paseos terap\u00e9uticos? - Noticias La Vostra Llar\" \/>\n<meta property=\"og:description\" content=\"En La Vostra Llar sabemos que los paseos terap\u00e9uticos tienen un impacto muy positivo para la salud f\u00edsica y emocional de las personas mayores\" \/>\n<meta property=\"og:url\" content=\"https:\/\/lavostrallar.com\/noticias\/por-que-son-importantes-los-paseos-terapeuticos\/\" \/>\n<meta property=\"og:site_name\" content=\"Noticias La Vostra Llar\" \/>\n<meta property=\"article:publisher\" content=\"https:\/\/www.facebook.com\/lavostra.llar\" \/>\n<meta property=\"article:published_time\" content=\"2024-02-06T14:26:00+00:00\" \/>\n<meta property=\"article:modified_time\" content=\"2025-02-07T09:04:42+00:00\" \/>\n<meta property=\"og:image\" content=\"https:\/\/lavostrallar.com\/noticias\/wp-content\/uploads\/2023\/10\/657924cf-506f-4464-a1df-443b03c47918.jpg\" \/>\n\t<meta property=\"og:image:width\" content=\"1307\" \/>\n\t<meta property=\"og:image:height\" content=\"703\" \/>\n\t<meta property=\"og:image:type\" content=\"image\/jpeg\" \/>\n<meta name=\"author\" content=\"clot\" \/>\n<meta name=\"twitter:card\" content=\"summary_large_image\" \/>\n<meta name=\"twitter:creator\" content=\"@lavostrallar\" \/>\n<meta name=\"twitter:site\" content=\"@lavostrallar\" \/>\n<meta name=\"twitter:label1\" content=\"Escrito por\" \/>\n\t<meta name=\"twitter:data1\" content=\"clot\" \/>\n\t<meta name=\"twitter:label2\" content=\"Tiempo de lectura\" \/>\n\t<meta name=\"twitter:data2\" content=\"3 minutos\" \/>\n<script type=\"application\/ld+json\" class=\"yoast-schema-graph\">{\"@context\":\"https:\/\/schema.org\",\"@graph\":[{\"@type\":\"Article\",\"@id\":\"https:\/\/lavostrallar.com\/noticias\/ca\/por-que-son-importantes-los-paseos-terapeuticos\/#article\",\"isPartOf\":{\"@id\":\"https:\/\/lavostrallar.com\/noticias\/ca\/por-que-son-importantes-los-paseos-terapeuticos\/\"},\"author\":{\"name\":\"clot\",\"@id\":\"https:\/\/lavostrallar.com\/noticias\/#\/schema\/person\/2511dfae685f7be889a50167b3d88a38\"},\"headline\":\"\u00bfPor qu\u00e9 son importantes los paseos terap\u00e9uticos?\",\"datePublished\":\"2024-02-06T14:26:00+00:00\",\"dateModified\":\"2025-02-07T09:04:42+00:00\",\"mainEntityOfPage\":{\"@id\":\"https:\/\/lavostrallar.com\/noticias\/ca\/por-que-son-importantes-los-paseos-terapeuticos\/\"},\"wordCount\":574,\"publisher\":{\"@id\":\"https:\/\/lavostrallar.com\/noticias\/#organization\"},\"image\":{\"@id\":\"https:\/\/lavostrallar.com\/noticias\/ca\/por-que-son-importantes-los-paseos-terapeuticos\/#primaryimage\"},\"thumbnailUrl\":\"https:\/\/lavostrallar.com\/noticias\/wp-content\/uploads\/2023\/10\/657924cf-506f-4464-a1df-443b03c47918.jpg\",\"keywords\":[\"Actividades para mayores\",\"exterior\",\"Paseos terap\u00e9uticos\",\"Residencias de ancianos\",\"salidas terapeuticas\",\"Salud y envejecimiento activo\"],\"articleSection\":[\"Noticias Blanes\",\"Noticias Clot\",\"Noticias Gr\u00e0cia\",\"Noticias La Rambla\",\"Noticias Les D\u00e0lies\",\"Noticias Les Oliveres\",\"Noticias Matar\u00f3\",\"Noticias Parc G\u00fcell\",\"Noticias Reig\",\"Noticias Terrassa\"],\"inLanguage\":\"es\"},{\"@type\":\"WebPage\",\"@id\":\"https:\/\/lavostrallar.com\/noticias\/ca\/por-que-son-importantes-los-paseos-terapeuticos\/\",\"url\":\"https:\/\/lavostrallar.com\/noticias\/ca\/por-que-son-importantes-los-paseos-terapeuticos\/\",\"name\":\"\u00bfPor qu\u00e9 son importantes los paseos terap\u00e9uticos? - Noticias La Vostra Llar\",\"isPartOf\":{\"@id\":\"https:\/\/lavostrallar.com\/noticias\/#website\"},\"primaryImageOfPage\":{\"@id\":\"https:\/\/lavostrallar.com\/noticias\/ca\/por-que-son-importantes-los-paseos-terapeuticos\/#primaryimage\"},\"image\":{\"@id\":\"https:\/\/lavostrallar.com\/noticias\/ca\/por-que-son-importantes-los-paseos-terapeuticos\/#primaryimage\"},\"thumbnailUrl\":\"https:\/\/lavostrallar.com\/noticias\/wp-content\/uploads\/2023\/10\/657924cf-506f-4464-a1df-443b03c47918.jpg\",\"datePublished\":\"2024-02-06T14:26:00+00:00\",\"dateModified\":\"2025-02-07T09:04:42+00:00\",\"description\":\"En La Vostra Llar sabemos que los paseos terap\u00e9uticos tienen un impacto muy positivo para la salud f\u00edsica y emocional de las personas mayores\",\"breadcrumb\":{\"@id\":\"https:\/\/lavostrallar.com\/noticias\/ca\/por-que-son-importantes-los-paseos-terapeuticos\/#breadcrumb\"},\"inLanguage\":\"es\",\"potentialAction\":[{\"@type\":\"ReadAction\",\"target\":[\"https:\/\/lavostrallar.com\/noticias\/ca\/por-que-son-importantes-los-paseos-terapeuticos\/\"]}]},{\"@type\":\"ImageObject\",\"inLanguage\":\"es\",\"@id\":\"https:\/\/lavostrallar.com\/noticias\/ca\/por-que-son-importantes-los-paseos-terapeuticos\/#primaryimage\",\"url\":\"https:\/\/lavostrallar.com\/noticias\/wp-content\/uploads\/2023\/10\/657924cf-506f-4464-a1df-443b03c47918.jpg\",\"contentUrl\":\"https:\/\/lavostrallar.com\/noticias\/wp-content\/uploads\/2023\/10\/657924cf-506f-4464-a1df-443b03c47918.jpg\",\"width\":1307,\"height\":703},{\"@type\":\"BreadcrumbList\",\"@id\":\"https:\/\/lavostrallar.com\/noticias\/ca\/por-que-son-importantes-los-paseos-terapeuticos\/#breadcrumb\",\"itemListElement\":[{\"@type\":\"ListItem\",\"position\":1,\"name\":\"Portada\",\"item\":\"https:\/\/lavostrallar.com\/noticias\/\"},{\"@type\":\"ListItem\",\"position\":2,\"name\":\"\u00bfPor qu\u00e9 son importantes los paseos terap\u00e9uticos?\"}]},{\"@type\":\"WebSite\",\"@id\":\"https:\/\/lavostrallar.com\/noticias\/#website\",\"url\":\"https:\/\/lavostrallar.com\/noticias\/\",\"name\":\"La Vostra Llar\",\"description\":\"La Vostra Llar gestiona resid\u00e8ncies geri\u00e0triques des de 1987 amb la missi\u00f3 d\u2019oferir assist\u00e8ncia personalitzada per estimular, acollir i atendre les persones grans amb qualsevol grau de depend\u00e8ncia.\",\"publisher\":{\"@id\":\"https:\/\/lavostrallar.com\/noticias\/#organization\"},\"potentialAction\":[{\"@type\":\"SearchAction\",\"target\":{\"@type\":\"EntryPoint\",\"urlTemplate\":\"https:\/\/lavostrallar.com\/noticias\/?s={search_term_string}\"},\"query-input\":{\"@type\":\"PropertyValueSpecification\",\"valueRequired\":true,\"valueName\":\"search_term_string\"}}],\"inLanguage\":\"es\"},{\"@type\":\"Organization\",\"@id\":\"https:\/\/lavostrallar.com\/noticias\/#organization\",\"name\":\"La Vostra Llar\",\"url\":\"https:\/\/lavostrallar.com\/noticias\/\",\"logo\":{\"@type\":\"ImageObject\",\"inLanguage\":\"es\",\"@id\":\"https:\/\/lavostrallar.com\/noticias\/#\/schema\/logo\/image\/\",\"url\":\"https:\/\/lavostrallar.com\/noticias\/wp-content\/uploads\/2021\/12\/logo_lavostrallar.png\",\"contentUrl\":\"https:\/\/lavostrallar.com\/noticias\/wp-content\/uploads\/2021\/12\/logo_lavostrallar.png\",\"width\":217,\"height\":109,\"caption\":\"La Vostra Llar\"},\"image\":{\"@id\":\"https:\/\/lavostrallar.com\/noticias\/#\/schema\/logo\/image\/\"},\"sameAs\":[\"https:\/\/www.facebook.com\/lavostra.llar\",\"https:\/\/x.com\/lavostrallar\",\"https:\/\/www.instagram.com\/lavostrallar\/\"]},{\"@type\":\"Person\",\"@id\":\"https:\/\/lavostrallar.com\/noticias\/#\/schema\/person\/2511dfae685f7be889a50167b3d88a38\",\"name\":\"clot\",\"image\":{\"@type\":\"ImageObject\",\"inLanguage\":\"es\",\"@id\":\"https:\/\/lavostrallar.com\/noticias\/#\/schema\/person\/image\/\",\"url\":\"https:\/\/secure.gravatar.com\/avatar\/3c1df0739940f5c4c6ddbf0cbaa0c04d540ea3f04119bc2b24c94557acb1067c?s=96&d=mm&r=g\",\"contentUrl\":\"https:\/\/secure.gravatar.com\/avatar\/3c1df0739940f5c4c6ddbf0cbaa0c04d540ea3f04119bc2b24c94557acb1067c?s=96&d=mm&r=g\",\"caption\":\"clot\"},\"url\":\"https:\/\/lavostrallar.com\/noticias\/author\/lavostrallar-clot\/\"}]}<\/script>\n<!-- \/ Yoast SEO plugin. -->","yoast_head_json":{"title":"\u00bfPor qu\u00e9 son importantes los paseos terap\u00e9uticos? - Noticias La Vostra Llar","description":"En La Vostra Llar sabemos que los paseos terap\u00e9uticos tienen un impacto muy positivo para la salud f\u00edsica y emocional de las personas mayores","robots":{"index":"index","follow":"follow","max-snippet":"max-snippet:-1","max-image-preview":"max-image-preview:large","max-video-preview":"max-video-preview:-1"},"canonical":"https:\/\/lavostrallar.com\/noticias\/por-que-son-importantes-los-paseos-terapeuticos\/","og_locale":"es_ES","og_type":"article","og_title":"\u00bfPor qu\u00e9 son importantes los paseos terap\u00e9uticos? - Noticias La Vostra Llar","og_description":"En La Vostra Llar sabemos que los paseos terap\u00e9uticos tienen un impacto muy positivo para la salud f\u00edsica y emocional de las personas mayores","og_url":"https:\/\/lavostrallar.com\/noticias\/por-que-son-importantes-los-paseos-terapeuticos\/","og_site_name":"Noticias La Vostra Llar","article_publisher":"https:\/\/www.facebook.com\/lavostra.llar","article_published_time":"2024-02-06T14:26:00+00:00","article_modified_time":"2025-02-07T09:04:42+00:00","og_image":[{"width":1307,"height":703,"url":"https:\/\/lavostrallar.com\/noticias\/wp-content\/uploads\/2023\/10\/657924cf-506f-4464-a1df-443b03c47918.jpg","type":"image\/jpeg"}],"author":"clot","twitter_card":"summary_large_image","twitter_creator":"@lavostrallar","twitter_site":"@lavostrallar","twitter_misc":{"Escrito por":"clot","Tiempo de lectura":"3 minutos"},"schema":{"@context":"https:\/\/schema.org","@graph":[{"@type":"Article","@id":"https:\/\/lavostrallar.com\/noticias\/ca\/por-que-son-importantes-los-paseos-terapeuticos\/#article","isPartOf":{"@id":"https:\/\/lavostrallar.com\/noticias\/ca\/por-que-son-importantes-los-paseos-terapeuticos\/"},"author":{"name":"clot","@id":"https:\/\/lavostrallar.com\/noticias\/#\/schema\/person\/2511dfae685f7be889a50167b3d88a38"},"headline":"\u00bfPor qu\u00e9 son importantes los paseos terap\u00e9uticos?","datePublished":"2024-02-06T14:26:00+00:00","dateModified":"2025-02-07T09:04:42+00:00","mainEntityOfPage":{"@id":"https:\/\/lavostrallar.com\/noticias\/ca\/por-que-son-importantes-los-paseos-terapeuticos\/"},"wordCount":574,"publisher":{"@id":"https:\/\/lavostrallar.com\/noticias\/#organization"},"image":{"@id":"https:\/\/lavostrallar.com\/noticias\/ca\/por-que-son-importantes-los-paseos-terapeuticos\/#primaryimage"},"thumbnailUrl":"https:\/\/lavostrallar.com\/noticias\/wp-content\/uploads\/2023\/10\/657924cf-506f-4464-a1df-443b03c47918.jpg","keywords":["Actividades para mayores","exterior","Paseos terap\u00e9uticos","Residencias de ancianos","salidas terapeuticas","Salud y envejecimiento activo"],"articleSection":["Noticias Blanes","Noticias Clot","Noticias Gr\u00e0cia","Noticias La Rambla","Noticias Les D\u00e0lies","Noticias Les Oliveres","Noticias Matar\u00f3","Noticias Parc G\u00fcell","Noticias Reig","Noticias Terrassa"],"inLanguage":"es"},{"@type":"WebPage","@id":"https:\/\/lavostrallar.com\/noticias\/ca\/por-que-son-importantes-los-paseos-terapeuticos\/","url":"https:\/\/lavostrallar.com\/noticias\/ca\/por-que-son-importantes-los-paseos-terapeuticos\/","name":"\u00bfPor qu\u00e9 son importantes los paseos terap\u00e9uticos? - Noticias La Vostra Llar","isPartOf":{"@id":"https:\/\/lavostrallar.com\/noticias\/#website"},"primaryImageOfPage":{"@id":"https:\/\/lavostrallar.com\/noticias\/ca\/por-que-son-importantes-los-paseos-terapeuticos\/#primaryimage"},"image":{"@id":"https:\/\/lavostrallar.com\/noticias\/ca\/por-que-son-importantes-los-paseos-terapeuticos\/#primaryimage"},"thumbnailUrl":"https:\/\/lavostrallar.com\/noticias\/wp-content\/uploads\/2023\/10\/657924cf-506f-4464-a1df-443b03c47918.jpg","datePublished":"2024-02-06T14:26:00+00:00","dateModified":"2025-02-07T09:04:42+00:00","description":"En La Vostra Llar sabemos que los paseos terap\u00e9uticos tienen un impacto muy positivo para la salud f\u00edsica y emocional de las personas mayores","breadcrumb":{"@id":"https:\/\/lavostrallar.com\/noticias\/ca\/por-que-son-importantes-los-paseos-terapeuticos\/#breadcrumb"},"inLanguage":"es","potentialAction":[{"@type":"ReadAction","target":["https:\/\/lavostrallar.com\/noticias\/ca\/por-que-son-importantes-los-paseos-terapeuticos\/"]}]},{"@type":"ImageObject","inLanguage":"es","@id":"https:\/\/lavostrallar.com\/noticias\/ca\/por-que-son-importantes-los-paseos-terapeuticos\/#primaryimage","url":"https:\/\/lavostrallar.com\/noticias\/wp-content\/uploads\/2023\/10\/657924cf-506f-4464-a1df-443b03c47918.jpg","contentUrl":"https:\/\/lavostrallar.com\/noticias\/wp-content\/uploads\/2023\/10\/657924cf-506f-4464-a1df-443b03c47918.jpg","width":1307,"height":703},{"@type":"BreadcrumbList","@id":"https:\/\/lavostrallar.com\/noticias\/ca\/por-que-son-importantes-los-paseos-terapeuticos\/#breadcrumb","itemListElement":[{"@type":"ListItem","position":1,"name":"Portada","item":"https:\/\/lavostrallar.com\/noticias\/"},{"@type":"ListItem","position":2,"name":"\u00bfPor qu\u00e9 son importantes los paseos terap\u00e9uticos?"}]},{"@type":"WebSite","@id":"https:\/\/lavostrallar.com\/noticias\/#website","url":"https:\/\/lavostrallar.com\/noticias\/","name":"La Vostra Llar","description":"La Vostra Llar gestiona resid\u00e8ncies geri\u00e0triques des de 1987 amb la missi\u00f3 d\u2019oferir assist\u00e8ncia personalitzada per estimular, acollir i atendre les persones grans amb qualsevol grau de depend\u00e8ncia.","publisher":{"@id":"https:\/\/lavostrallar.com\/noticias\/#organization"},"potentialAction":[{"@type":"SearchAction","target":{"@type":"EntryPoint","urlTemplate":"https:\/\/lavostrallar.com\/noticias\/?s={search_term_string}"},"query-input":{"@type":"PropertyValueSpecification","valueRequired":true,"valueName":"search_term_string"}}],"inLanguage":"es"},{"@type":"Organization","@id":"https:\/\/lavostrallar.com\/noticias\/#organization","name":"La Vostra Llar","url":"https:\/\/lavostrallar.com\/noticias\/","logo":{"@type":"ImageObject","inLanguage":"es","@id":"https:\/\/lavostrallar.com\/noticias\/#\/schema\/logo\/image\/","url":"https:\/\/lavostrallar.com\/noticias\/wp-content\/uploads\/2021\/12\/logo_lavostrallar.png","contentUrl":"https:\/\/lavostrallar.com\/noticias\/wp-content\/uploads\/2021\/12\/logo_lavostrallar.png","width":217,"height":109,"caption":"La Vostra Llar"},"image":{"@id":"https:\/\/lavostrallar.com\/noticias\/#\/schema\/logo\/image\/"},"sameAs":["https:\/\/www.facebook.com\/lavostra.llar","https:\/\/x.com\/lavostrallar","https:\/\/www.instagram.com\/lavostrallar\/"]},{"@type":"Person","@id":"https:\/\/lavostrallar.com\/noticias\/#\/schema\/person\/2511dfae685f7be889a50167b3d88a38","name":"clot","image":{"@type":"ImageObject","inLanguage":"es","@id":"https:\/\/lavostrallar.com\/noticias\/#\/schema\/person\/image\/","url":"https:\/\/secure.gravatar.com\/avatar\/3c1df0739940f5c4c6ddbf0cbaa0c04d540ea3f04119bc2b24c94557acb1067c?s=96&d=mm&r=g","contentUrl":"https:\/\/secure.gravatar.com\/avatar\/3c1df0739940f5c4c6ddbf0cbaa0c04d540ea3f04119bc2b24c94557acb1067c?s=96&d=mm&r=g","caption":"clot"},"url":"https:\/\/lavostrallar.com\/noticias\/author\/lavostrallar-clot\/"}]}},"_links":{"self":[{"href":"https:\/\/lavostrallar.com\/noticias\/wp-json\/wp\/v2\/posts\/28095","targetHints":{"allow":["GET"]}}],"collection":[{"href":"https:\/\/lavostrallar.com\/noticias\/wp-json\/wp\/v2\/posts"}],"about":[{"href":"https:\/\/lavostrallar.com\/noticias\/wp-json\/wp\/v2\/types\/post"}],"author":[{"embeddable":true,"href":"https:\/\/lavostrallar.com\/noticias\/wp-json\/wp\/v2\/users\/15"}],"replies":[{"embeddable":true,"href":"https:\/\/lavostrallar.com\/noticias\/wp-json\/wp\/v2\/comments?post=28095"}],"version-history":[{"count":5,"href":"https:\/\/lavostrallar.com\/noticias\/wp-json\/wp\/v2\/posts\/28095\/revisions"}],"predecessor-version":[{"id":34300,"href":"https:\/\/lavostrallar.com\/noticias\/wp-json\/wp\/v2\/posts\/28095\/revisions\/34300"}],"wp:featuredmedia":[{"embeddable":true,"href":"https:\/\/lavostrallar.com\/noticias\/wp-json\/wp\/v2\/media\/28096"}],"wp:attachment":[{"href":"https:\/\/lavostrallar.com\/noticias\/wp-json\/wp\/v2\/media?parent=28095"}],"wp:term":[{"taxonomy":"category","embeddable":true,"href":"https:\/\/lavostrallar.com\/noticias\/wp-json\/wp\/v2\/categories?post=28095"},{"taxonomy":"post_tag","embeddable":true,"href":"https:\/\/lavostrallar.com\/noticias\/wp-json\/wp\/v2\/tags?post=28095"}],"curies":[{"name":"wp","href":"https:\/\/api.w.org\/{rel}","templated":true}]}}