	{"id":2848,"date":"2017-11-06T16:34:52","date_gmt":"2017-11-06T15:34:52","guid":{"rendered":"https:\/\/lavostrallar.com\/?p=2848"},"modified":"2022-01-05T15:17:12","modified_gmt":"2022-01-05T15:17:12","slug":"concurs-centre-de-taula-2017-del-grup-geriatric-la-vostra-llar","status":"publish","type":"post","link":"https:\/\/lavostrallar.com\/noticias\/concurs-centre-de-taula-2017-del-grup-geriatric-la-vostra-llar\/","title":{"rendered":"Concurso centro de mesa del grupo geri\u00e1trico La Vostra Llar"},"content":{"rendered":"<p>Las residencias y centros de d\u00eda La Vostra Llar Reig de la Garriga, Dalies de Barcelona, \u200b\u200bLes Oliveres de Girona, Blanes, la Rambla de Hospitalet de Llobregat, Vora Bal\u00eds de Sant Vicen\u00e7 de Montalt y Voramar de Matar\u00f3 han celebrado la tradicional Casta\u00f1ada con un <strong>concurso para elegir al mejor centro de mesa<\/strong>.<\/p>\n<p>Desde estas l\u00edneas s\u00f3lo podemos dar las gracias a nuestros residentes por su participaci\u00f3n y todos y cada uno de los integrantes de la gran familia de La Vostra Llar por hacer posible una velada muy especial en todas nuestras residencias y centros de d\u00eda.<\/p>\n<p>Dif\u00edcil lo ha tenido el jurado encargado de elegir al mejor centro de mesa del grupo La Vostra Llar, la creatividad, originalidad e ingenio de nuestros residentes se lo ha puesto muy dif\u00edcil, pero finalmente se han decantado por la <strong>residencia Les Oliveres de Girona<\/strong>.<\/p>\n<p>A continuaci\u00f3n el <strong>centro de mesa ganador<\/strong>, desde aqu\u00ed nuestra m\u00e1s sincera enhorabuena.<\/p>\n<p><a href=\"https:\/\/lavostrallar.com\/wp-content\/uploads\/2017\/11\/GANADOR-LES-OLIVERES.jpg\"><img fetchpriority=\"high\" decoding=\"async\" class=\"aligncenter wp-image-2849 \" src=\"https:\/\/lavostrallar.com\/wp-content\/uploads\/2017\/11\/GANADOR-LES-OLIVERES.jpg\" alt=\"\" width=\"600\" height=\"450\" srcset=\"https:\/\/lavostrallar.com\/noticias\/wp-content\/uploads\/2017\/11\/GANADOR-LES-OLIVERES.jpg 1024w, https:\/\/lavostrallar.com\/noticias\/wp-content\/uploads\/2017\/11\/GANADOR-LES-OLIVERES-300x225.jpg 300w, https:\/\/lavostrallar.com\/noticias\/wp-content\/uploads\/2017\/11\/GANADOR-LES-OLIVERES-768x576.jpg 768w\" sizes=\"(max-width: 600px) 100vw, 600px\" \/><\/a><\/p>\n","protected":false},"excerpt":{"rendered":"<p>Las residencias y centros de d\u00eda La Vostra Llar Reig de la Garriga, Dalies de Barcelona, \u200b\u200bLes Oliveres de Girona, Blanes, la Rambla de Hospitalet de Llobregat, Vora Bal\u00eds de Sant Vicen\u00e7 de Montalt y Voramar de Matar\u00f3 han celebrado la tradicional Casta\u00f1ada con un concurso para elegir al mejor centro de mesa. Desde estas [&hellip;]<\/p>\n","protected":false},"author":1,"featured_media":2849,"comment_status":"open","ping_status":"closed","sticky":false,"template":"","format":"standard","meta":{"content-type":"","footnotes":""},"categories":[11,12,13,14,15,16],"tags":[9],"class_list":["post-2848","post","type-post","status-publish","format-standard","has-post-thumbnail","hentry","category-noticias-blanes","category-noticias-la-rambla","category-noticias-les-dalies","category-noticias-les-oliveres","category-noticias-mataro","category-noticias-reig","tag-residencias-de-ancianos"],"yoast_head":"<!-- This site is optimized with the Yoast SEO plugin v26.0 - https:\/\/yoast.com\/wordpress\/plugins\/seo\/ -->\n<title>Concurso centro de mesa del grupo geri\u00e1trico La Vostra Llar - Noticias La Vostra Llar<\/title>\n<meta name=\"robots\" content=\"index, follow, max-snippet:-1, max-image-preview:large, max-video-preview:-1\" \/>\n<link rel=\"canonical\" href=\"https:\/\/lavostrallar.com\/noticias\/concurs-centre-de-taula-2017-del-grup-geriatric-la-vostra-llar\/\" \/>\n<meta property=\"og:locale\" content=\"es_ES\" \/>\n<meta property=\"og:type\" content=\"article\" \/>\n<meta property=\"og:title\" content=\"Concurso centro de mesa del grupo geri\u00e1trico La Vostra Llar - Noticias La Vostra Llar\" \/>\n<meta property=\"og:description\" content=\"Las residencias y centros de d\u00eda La Vostra Llar Reig de la Garriga, Dalies de Barcelona, \u200b\u200bLes Oliveres de Girona, Blanes, la Rambla de Hospitalet de Llobregat, Vora Bal\u00eds de Sant Vicen\u00e7 de Montalt y Voramar de Matar\u00f3 han celebrado la tradicional Casta\u00f1ada con un concurso para elegir al mejor centro de mesa. Desde estas [&hellip;]\" \/>\n<meta property=\"og:url\" content=\"https:\/\/lavostrallar.com\/noticias\/concurs-centre-de-taula-2017-del-grup-geriatric-la-vostra-llar\/\" \/>\n<meta property=\"og:site_name\" content=\"Noticias La Vostra Llar\" \/>\n<meta property=\"article:publisher\" content=\"https:\/\/www.facebook.com\/lavostra.llar\" \/>\n<meta property=\"article:published_time\" content=\"2017-11-06T15:34:52+00:00\" \/>\n<meta property=\"article:modified_time\" content=\"2022-01-05T15:17:12+00:00\" \/>\n<meta property=\"og:image\" content=\"https:\/\/lavostrallar.com\/noticias\/wp-content\/uploads\/2017\/11\/GANADOR-LES-OLIVERES.jpg\" \/>\n\t<meta property=\"og:image:width\" content=\"1024\" \/>\n\t<meta property=\"og:image:height\" content=\"768\" \/>\n\t<meta property=\"og:image:type\" content=\"image\/jpeg\" \/>\n<meta name=\"author\" content=\"admin\" \/>\n<meta name=\"twitter:card\" content=\"summary_large_image\" \/>\n<meta name=\"twitter:creator\" content=\"@lavostrallar\" \/>\n<meta name=\"twitter:site\" content=\"@lavostrallar\" \/>\n<meta name=\"twitter:label1\" content=\"Escrito por\" \/>\n\t<meta name=\"twitter:data1\" content=\"admin\" \/>\n\t<meta name=\"twitter:label2\" content=\"Tiempo de lectura\" \/>\n\t<meta name=\"twitter:data2\" content=\"1 minuto\" \/>\n<script type=\"application\/ld+json\" class=\"yoast-schema-graph\">{\"@context\":\"https:\/\/schema.org\",\"@graph\":[{\"@type\":\"Article\",\"@id\":\"https:\/\/lavostrallar.com\/noticias\/ca\/concurs-centre-de-taula-2017-del-grup-geriatric-la-vostra-llar\/#article\",\"isPartOf\":{\"@id\":\"https:\/\/lavostrallar.com\/noticias\/ca\/concurs-centre-de-taula-2017-del-grup-geriatric-la-vostra-llar\/\"},\"author\":{\"name\":\"admin\",\"@id\":\"https:\/\/lavostrallar.com\/noticias\/#\/schema\/person\/39e704b801e0c519c963d9a376e561e5\"},\"headline\":\"Concurso centro de mesa del grupo geri\u00e1trico La Vostra Llar\",\"datePublished\":\"2017-11-06T15:34:52+00:00\",\"dateModified\":\"2022-01-05T15:17:12+00:00\",\"mainEntityOfPage\":{\"@id\":\"https:\/\/lavostrallar.com\/noticias\/ca\/concurs-centre-de-taula-2017-del-grup-geriatric-la-vostra-llar\/\"},\"wordCount\":178,\"commentCount\":0,\"publisher\":{\"@id\":\"https:\/\/lavostrallar.com\/noticias\/#organization\"},\"image\":{\"@id\":\"https:\/\/lavostrallar.com\/noticias\/ca\/concurs-centre-de-taula-2017-del-grup-geriatric-la-vostra-llar\/#primaryimage\"},\"thumbnailUrl\":\"https:\/\/lavostrallar.com\/noticias\/wp-content\/uploads\/2017\/11\/GANADOR-LES-OLIVERES.jpg\",\"keywords\":[\"Residencias de ancianos\"],\"articleSection\":[\"Noticias Blanes\",\"Noticias La Rambla\",\"Noticias Les D\u00e0lies\",\"Noticias Les Oliveres\",\"Noticias Matar\u00f3\",\"Noticias Reig\"],\"inLanguage\":\"es\",\"potentialAction\":[{\"@type\":\"CommentAction\",\"name\":\"Comment\",\"target\":[\"https:\/\/lavostrallar.com\/noticias\/ca\/concurs-centre-de-taula-2017-del-grup-geriatric-la-vostra-llar\/#respond\"]}]},{\"@type\":\"WebPage\",\"@id\":\"https:\/\/lavostrallar.com\/noticias\/ca\/concurs-centre-de-taula-2017-del-grup-geriatric-la-vostra-llar\/\",\"url\":\"https:\/\/lavostrallar.com\/noticias\/ca\/concurs-centre-de-taula-2017-del-grup-geriatric-la-vostra-llar\/\",\"name\":\"Concurso centro de mesa del grupo geri\u00e1trico La Vostra Llar - Noticias La Vostra Llar\",\"isPartOf\":{\"@id\":\"https:\/\/lavostrallar.com\/noticias\/#website\"},\"primaryImageOfPage\":{\"@id\":\"https:\/\/lavostrallar.com\/noticias\/ca\/concurs-centre-de-taula-2017-del-grup-geriatric-la-vostra-llar\/#primaryimage\"},\"image\":{\"@id\":\"https:\/\/lavostrallar.com\/noticias\/ca\/concurs-centre-de-taula-2017-del-grup-geriatric-la-vostra-llar\/#primaryimage\"},\"thumbnailUrl\":\"https:\/\/lavostrallar.com\/noticias\/wp-content\/uploads\/2017\/11\/GANADOR-LES-OLIVERES.jpg\",\"datePublished\":\"2017-11-06T15:34:52+00:00\",\"dateModified\":\"2022-01-05T15:17:12+00:00\",\"breadcrumb\":{\"@id\":\"https:\/\/lavostrallar.com\/noticias\/ca\/concurs-centre-de-taula-2017-del-grup-geriatric-la-vostra-llar\/#breadcrumb\"},\"inLanguage\":\"es\",\"potentialAction\":[{\"@type\":\"ReadAction\",\"target\":[\"https:\/\/lavostrallar.com\/noticias\/ca\/concurs-centre-de-taula-2017-del-grup-geriatric-la-vostra-llar\/\"]}]},{\"@type\":\"ImageObject\",\"inLanguage\":\"es\",\"@id\":\"https:\/\/lavostrallar.com\/noticias\/ca\/concurs-centre-de-taula-2017-del-grup-geriatric-la-vostra-llar\/#primaryimage\",\"url\":\"https:\/\/lavostrallar.com\/noticias\/wp-content\/uploads\/2017\/11\/GANADOR-LES-OLIVERES.jpg\",\"contentUrl\":\"https:\/\/lavostrallar.com\/noticias\/wp-content\/uploads\/2017\/11\/GANADOR-LES-OLIVERES.jpg\",\"width\":1024,\"height\":768},{\"@type\":\"BreadcrumbList\",\"@id\":\"https:\/\/lavostrallar.com\/noticias\/ca\/concurs-centre-de-taula-2017-del-grup-geriatric-la-vostra-llar\/#breadcrumb\",\"itemListElement\":[{\"@type\":\"ListItem\",\"position\":1,\"name\":\"Portada\",\"item\":\"https:\/\/lavostrallar.com\/noticias\/\"},{\"@type\":\"ListItem\",\"position\":2,\"name\":\"Concurso centro de mesa del grupo geri\u00e1trico La Vostra Llar\"}]},{\"@type\":\"WebSite\",\"@id\":\"https:\/\/lavostrallar.com\/noticias\/#website\",\"url\":\"https:\/\/lavostrallar.com\/noticias\/\",\"name\":\"La Vostra Llar\",\"description\":\"La Vostra Llar gestiona resid\u00e8ncies geri\u00e0triques des de 1987 amb la missi\u00f3 d\u2019oferir assist\u00e8ncia personalitzada per estimular, acollir i atendre les persones grans amb qualsevol grau de depend\u00e8ncia.\",\"publisher\":{\"@id\":\"https:\/\/lavostrallar.com\/noticias\/#organization\"},\"potentialAction\":[{\"@type\":\"SearchAction\",\"target\":{\"@type\":\"EntryPoint\",\"urlTemplate\":\"https:\/\/lavostrallar.com\/noticias\/?s={search_term_string}\"},\"query-input\":{\"@type\":\"PropertyValueSpecification\",\"valueRequired\":true,\"valueName\":\"search_term_string\"}}],\"inLanguage\":\"es\"},{\"@type\":\"Organization\",\"@id\":\"https:\/\/lavostrallar.com\/noticias\/#organization\",\"name\":\"La Vostra Llar\",\"url\":\"https:\/\/lavostrallar.com\/noticias\/\",\"logo\":{\"@type\":\"ImageObject\",\"inLanguage\":\"es\",\"@id\":\"https:\/\/lavostrallar.com\/noticias\/#\/schema\/logo\/image\/\",\"url\":\"https:\/\/lavostrallar.com\/noticias\/wp-content\/uploads\/2021\/12\/logo_lavostrallar.png\",\"contentUrl\":\"https:\/\/lavostrallar.com\/noticias\/wp-content\/uploads\/2021\/12\/logo_lavostrallar.png\",\"width\":217,\"height\":109,\"caption\":\"La Vostra Llar\"},\"image\":{\"@id\":\"https:\/\/lavostrallar.com\/noticias\/#\/schema\/logo\/image\/\"},\"sameAs\":[\"https:\/\/www.facebook.com\/lavostra.llar\",\"https:\/\/x.com\/lavostrallar\",\"https:\/\/www.instagram.com\/lavostrallar\/\"]},{\"@type\":\"Person\",\"@id\":\"https:\/\/lavostrallar.com\/noticias\/#\/schema\/person\/39e704b801e0c519c963d9a376e561e5\",\"name\":\"admin\",\"image\":{\"@type\":\"ImageObject\",\"inLanguage\":\"es\",\"@id\":\"https:\/\/lavostrallar.com\/noticias\/#\/schema\/person\/image\/\",\"url\":\"https:\/\/secure.gravatar.com\/avatar\/9d4580a48cd1910cc51e0dfd3fd063c0caadea953e64fb47c872043d240ffeab?s=96&d=mm&r=g\",\"contentUrl\":\"https:\/\/secure.gravatar.com\/avatar\/9d4580a48cd1910cc51e0dfd3fd063c0caadea953e64fb47c872043d240ffeab?s=96&d=mm&r=g\",\"caption\":\"admin\"},\"sameAs\":[\"https:\/\/lavostrallar.com\"],\"url\":\"https:\/\/lavostrallar.com\/noticias\/author\/lavostrallar\/\"}]}<\/script>\n<!-- \/ Yoast SEO plugin. -->","yoast_head_json":{"title":"Concurso centro de mesa del grupo geri\u00e1trico La Vostra Llar - Noticias La Vostra Llar","robots":{"index":"index","follow":"follow","max-snippet":"max-snippet:-1","max-image-preview":"max-image-preview:large","max-video-preview":"max-video-preview:-1"},"canonical":"https:\/\/lavostrallar.com\/noticias\/concurs-centre-de-taula-2017-del-grup-geriatric-la-vostra-llar\/","og_locale":"es_ES","og_type":"article","og_title":"Concurso centro de mesa del grupo geri\u00e1trico La Vostra Llar - Noticias La Vostra Llar","og_description":"Las residencias y centros de d\u00eda La Vostra Llar Reig de la Garriga, Dalies de Barcelona, \u200b\u200bLes Oliveres de Girona, Blanes, la Rambla de Hospitalet de Llobregat, Vora Bal\u00eds de Sant Vicen\u00e7 de Montalt y Voramar de Matar\u00f3 han celebrado la tradicional Casta\u00f1ada con un concurso para elegir al mejor centro de mesa. Desde estas [&hellip;]","og_url":"https:\/\/lavostrallar.com\/noticias\/concurs-centre-de-taula-2017-del-grup-geriatric-la-vostra-llar\/","og_site_name":"Noticias La Vostra Llar","article_publisher":"https:\/\/www.facebook.com\/lavostra.llar","article_published_time":"2017-11-06T15:34:52+00:00","article_modified_time":"2022-01-05T15:17:12+00:00","og_image":[{"width":1024,"height":768,"url":"https:\/\/lavostrallar.com\/noticias\/wp-content\/uploads\/2017\/11\/GANADOR-LES-OLIVERES.jpg","type":"image\/jpeg"}],"author":"admin","twitter_card":"summary_large_image","twitter_creator":"@lavostrallar","twitter_site":"@lavostrallar","twitter_misc":{"Escrito por":"admin","Tiempo de lectura":"1 minuto"},"schema":{"@context":"https:\/\/schema.org","@graph":[{"@type":"Article","@id":"https:\/\/lavostrallar.com\/noticias\/ca\/concurs-centre-de-taula-2017-del-grup-geriatric-la-vostra-llar\/#article","isPartOf":{"@id":"https:\/\/lavostrallar.com\/noticias\/ca\/concurs-centre-de-taula-2017-del-grup-geriatric-la-vostra-llar\/"},"author":{"name":"admin","@id":"https:\/\/lavostrallar.com\/noticias\/#\/schema\/person\/39e704b801e0c519c963d9a376e561e5"},"headline":"Concurso centro de mesa del grupo geri\u00e1trico La Vostra Llar","datePublished":"2017-11-06T15:34:52+00:00","dateModified":"2022-01-05T15:17:12+00:00","mainEntityOfPage":{"@id":"https:\/\/lavostrallar.com\/noticias\/ca\/concurs-centre-de-taula-2017-del-grup-geriatric-la-vostra-llar\/"},"wordCount":178,"commentCount":0,"publisher":{"@id":"https:\/\/lavostrallar.com\/noticias\/#organization"},"image":{"@id":"https:\/\/lavostrallar.com\/noticias\/ca\/concurs-centre-de-taula-2017-del-grup-geriatric-la-vostra-llar\/#primaryimage"},"thumbnailUrl":"https:\/\/lavostrallar.com\/noticias\/wp-content\/uploads\/2017\/11\/GANADOR-LES-OLIVERES.jpg","keywords":["Residencias de ancianos"],"articleSection":["Noticias Blanes","Noticias La Rambla","Noticias Les D\u00e0lies","Noticias Les Oliveres","Noticias Matar\u00f3","Noticias Reig"],"inLanguage":"es","potentialAction":[{"@type":"CommentAction","name":"Comment","target":["https:\/\/lavostrallar.com\/noticias\/ca\/concurs-centre-de-taula-2017-del-grup-geriatric-la-vostra-llar\/#respond"]}]},{"@type":"WebPage","@id":"https:\/\/lavostrallar.com\/noticias\/ca\/concurs-centre-de-taula-2017-del-grup-geriatric-la-vostra-llar\/","url":"https:\/\/lavostrallar.com\/noticias\/ca\/concurs-centre-de-taula-2017-del-grup-geriatric-la-vostra-llar\/","name":"Concurso centro de mesa del grupo geri\u00e1trico La Vostra Llar - Noticias La Vostra Llar","isPartOf":{"@id":"https:\/\/lavostrallar.com\/noticias\/#website"},"primaryImageOfPage":{"@id":"https:\/\/lavostrallar.com\/noticias\/ca\/concurs-centre-de-taula-2017-del-grup-geriatric-la-vostra-llar\/#primaryimage"},"image":{"@id":"https:\/\/lavostrallar.com\/noticias\/ca\/concurs-centre-de-taula-2017-del-grup-geriatric-la-vostra-llar\/#primaryimage"},"thumbnailUrl":"https:\/\/lavostrallar.com\/noticias\/wp-content\/uploads\/2017\/11\/GANADOR-LES-OLIVERES.jpg","datePublished":"2017-11-06T15:34:52+00:00","dateModified":"2022-01-05T15:17:12+00:00","breadcrumb":{"@id":"https:\/\/lavostrallar.com\/noticias\/ca\/concurs-centre-de-taula-2017-del-grup-geriatric-la-vostra-llar\/#breadcrumb"},"inLanguage":"es","potentialAction":[{"@type":"ReadAction","target":["https:\/\/lavostrallar.com\/noticias\/ca\/concurs-centre-de-taula-2017-del-grup-geriatric-la-vostra-llar\/"]}]},{"@type":"ImageObject","inLanguage":"es","@id":"https:\/\/lavostrallar.com\/noticias\/ca\/concurs-centre-de-taula-2017-del-grup-geriatric-la-vostra-llar\/#primaryimage","url":"https:\/\/lavostrallar.com\/noticias\/wp-content\/uploads\/2017\/11\/GANADOR-LES-OLIVERES.jpg","contentUrl":"https:\/\/lavostrallar.com\/noticias\/wp-content\/uploads\/2017\/11\/GANADOR-LES-OLIVERES.jpg","width":1024,"height":768},{"@type":"BreadcrumbList","@id":"https:\/\/lavostrallar.com\/noticias\/ca\/concurs-centre-de-taula-2017-del-grup-geriatric-la-vostra-llar\/#breadcrumb","itemListElement":[{"@type":"ListItem","position":1,"name":"Portada","item":"https:\/\/lavostrallar.com\/noticias\/"},{"@type":"ListItem","position":2,"name":"Concurso centro de mesa del grupo geri\u00e1trico La Vostra Llar"}]},{"@type":"WebSite","@id":"https:\/\/lavostrallar.com\/noticias\/#website","url":"https:\/\/lavostrallar.com\/noticias\/","name":"La Vostra Llar","description":"La Vostra Llar gestiona resid\u00e8ncies geri\u00e0triques des de 1987 amb la missi\u00f3 d\u2019oferir assist\u00e8ncia personalitzada per estimular, acollir i atendre les persones grans amb qualsevol grau de depend\u00e8ncia.","publisher":{"@id":"https:\/\/lavostrallar.com\/noticias\/#organization"},"potentialAction":[{"@type":"SearchAction","target":{"@type":"EntryPoint","urlTemplate":"https:\/\/lavostrallar.com\/noticias\/?s={search_term_string}"},"query-input":{"@type":"PropertyValueSpecification","valueRequired":true,"valueName":"search_term_string"}}],"inLanguage":"es"},{"@type":"Organization","@id":"https:\/\/lavostrallar.com\/noticias\/#organization","name":"La Vostra Llar","url":"https:\/\/lavostrallar.com\/noticias\/","logo":{"@type":"ImageObject","inLanguage":"es","@id":"https:\/\/lavostrallar.com\/noticias\/#\/schema\/logo\/image\/","url":"https:\/\/lavostrallar.com\/noticias\/wp-content\/uploads\/2021\/12\/logo_lavostrallar.png","contentUrl":"https:\/\/lavostrallar.com\/noticias\/wp-content\/uploads\/2021\/12\/logo_lavostrallar.png","width":217,"height":109,"caption":"La Vostra Llar"},"image":{"@id":"https:\/\/lavostrallar.com\/noticias\/#\/schema\/logo\/image\/"},"sameAs":["https:\/\/www.facebook.com\/lavostra.llar","https:\/\/x.com\/lavostrallar","https:\/\/www.instagram.com\/lavostrallar\/"]},{"@type":"Person","@id":"https:\/\/lavostrallar.com\/noticias\/#\/schema\/person\/39e704b801e0c519c963d9a376e561e5","name":"admin","image":{"@type":"ImageObject","inLanguage":"es","@id":"https:\/\/lavostrallar.com\/noticias\/#\/schema\/person\/image\/","url":"https:\/\/secure.gravatar.com\/avatar\/9d4580a48cd1910cc51e0dfd3fd063c0caadea953e64fb47c872043d240ffeab?s=96&d=mm&r=g","contentUrl":"https:\/\/secure.gravatar.com\/avatar\/9d4580a48cd1910cc51e0dfd3fd063c0caadea953e64fb47c872043d240ffeab?s=96&d=mm&r=g","caption":"admin"},"sameAs":["https:\/\/lavostrallar.com"],"url":"https:\/\/lavostrallar.com\/noticias\/author\/lavostrallar\/"}]}},"_links":{"self":[{"href":"https:\/\/lavostrallar.com\/noticias\/wp-json\/wp\/v2\/posts\/2848","targetHints":{"allow":["GET"]}}],"collection":[{"href":"https:\/\/lavostrallar.com\/noticias\/wp-json\/wp\/v2\/posts"}],"about":[{"href":"https:\/\/lavostrallar.com\/noticias\/wp-json\/wp\/v2\/types\/post"}],"author":[{"embeddable":true,"href":"https:\/\/lavostrallar.com\/noticias\/wp-json\/wp\/v2\/users\/1"}],"replies":[{"embeddable":true,"href":"https:\/\/lavostrallar.com\/noticias\/wp-json\/wp\/v2\/comments?post=2848"}],"version-history":[{"count":1,"href":"https:\/\/lavostrallar.com\/noticias\/wp-json\/wp\/v2\/posts\/2848\/revisions"}],"predecessor-version":[{"id":15109,"href":"https:\/\/lavostrallar.com\/noticias\/wp-json\/wp\/v2\/posts\/2848\/revisions\/15109"}],"wp:featuredmedia":[{"embeddable":true,"href":"https:\/\/lavostrallar.com\/noticias\/wp-json\/wp\/v2\/media\/2849"}],"wp:attachment":[{"href":"https:\/\/lavostrallar.com\/noticias\/wp-json\/wp\/v2\/media?parent=2848"}],"wp:term":[{"taxonomy":"category","embeddable":true,"href":"https:\/\/lavostrallar.com\/noticias\/wp-json\/wp\/v2\/categories?post=2848"},{"taxonomy":"post_tag","embeddable":true,"href":"https:\/\/lavostrallar.com\/noticias\/wp-json\/wp\/v2\/tags?post=2848"}],"curies":[{"name":"wp","href":"https:\/\/api.w.org\/{rel}","templated":true}]}}