	{"id":35248,"date":"2026-04-27T15:37:10","date_gmt":"2026-04-27T13:37:10","guid":{"rendered":"https:\/\/lavostrallar.com\/noticias\/?p=35248"},"modified":"2026-04-27T17:00:21","modified_gmt":"2026-04-27T15:00:21","slug":"pintamos-vinculos-arte-comunitario-para-impulsar-inclusion-y-participacion-de-las-personas-mayores","status":"publish","type":"post","link":"https:\/\/lavostrallar.com\/noticias\/pintamos-vinculos-arte-comunitario-para-impulsar-inclusion-y-participacion-de-las-personas-mayores\/","title":{"rendered":"Pintamos V\u00ednculos: arte comunitario para impulsar inclusi\u00f3n y participaci\u00f3n de las personas mayores"},"content":{"rendered":"\t\t<div data-elementor-type=\"wp-post\" data-elementor-id=\"35248\" class=\"elementor elementor-35248\" data-elementor-post-type=\"post\">\n\t\t\t\t\t\t<section class=\"elementor-section elementor-top-section elementor-element elementor-element-3357f843 elementor-section-boxed elementor-section-height-default elementor-section-height-default\" data-id=\"3357f843\" data-element_type=\"section\">\n\t\t\t\t\t\t<div class=\"elementor-container elementor-column-gap-default\">\n\t\t\t\t\t<div class=\"elementor-column elementor-col-100 elementor-top-column elementor-element elementor-element-113ba852\" data-id=\"113ba852\" data-element_type=\"column\">\n\t\t\t<div class=\"elementor-widget-wrap elementor-element-populated\">\n\t\t\t\t\t\t<div class=\"elementor-element elementor-element-194393b6 elementor-widget elementor-widget-text-editor\" data-id=\"194393b6\" data-element_type=\"widget\" data-widget_type=\"text-editor.default\">\n\t\t\t\t<div class=\"elementor-widget-container\">\n\t\t\t\t\t\t\t\t\t<p>Pintamos V\u00ednculos promueve la inclusi\u00f3n y la participaci\u00f3n situando a las personas mayores en el centro. La Vostra Llar pone en marcha este proyecto que utiliza la creatividad como herramienta de transformaci\u00f3n social para <strong>reconocer a las personas mayores<\/strong> y reforzar su papel activo dentro de la comunidad.<\/p>\n<p><!-- \/wp:paragraph --><!-- wp:paragraph --><\/p>\n<p>Esta iniciativa, que cuenta con el apoyo del <strong><a href=\"https:\/\/www.mataro.cat\/?set_language=es\">Ayuntamiento de Matar\u00f3<\/a><\/strong>, culminar\u00e1 con la pintura de un <strong>mural colaborativo<\/strong> en el campo de f\u00fatbol del equipo deportivo <strong><a href=\"https:\/\/www.fcf.cat\/club\/2526\/cerdanyola-mataro-assocespll\">AEiLL Cerdanyola de Matar\u00f3<\/a><\/strong>, resultado de un proceso participativo que implicar\u00e1 a personas mayores residentes de <strong><a href=\"https:\/\/lavostrallar.com\/residencia-mataro\/\">La Vostra Llar Matar\u00f3<\/a><\/strong>, a ni\u00f1os y j\u00f3venes de los centros educativos <strong><a href=\"https:\/\/agora.xtec.cat\/ceipvistaalegre\/\">Escola Vista Alegre<\/a><\/strong> y <strong><a href=\"https:\/\/www.valldemia.maristes.cat\/ca\">Maristes Valldemia<\/a><\/strong>, junto con <strong><a href=\"https:\/\/www.valldemia.maristes.cat\/ca\/pastoral-0-ca\">Maristes Valldemia Pastoral<\/a><\/strong>, y a personas con especiales dificultades y necesidades complejas a trav\u00e9s de la <strong><a href=\"https:\/\/www.fundaciomaresme.cat\/\">Fundaci\u00f3 el Maresme<\/a><\/strong> y los usuarios de la <strong>Llar Resid\u00e8ncia \u2013 Les Sureres<\/strong>.<\/p>\n<p><!-- \/wp:paragraph --><!-- wp:paragraph --><\/p>\n<p>El objetivo es sensibilizar a la sociedad sobre el envejecimiento, romper estereotipos asociados a la edad y promover la participaci\u00f3n y la inclusi\u00f3n, generando espacios de encuentro a trav\u00e9s del arte urbano.<\/p>\n<p><!-- \/wp:paragraph --><!-- wp:heading --><\/p>\n<h4><strong>Inspirado en el A\u00f1o Gaud\u00ed: arte e identidad en Pintamos V\u00ednculos<\/strong><\/h4>\n<p><!-- \/wp:heading --><!-- wp:paragraph --><\/p>\n<p>Coincidiendo con la celebraci\u00f3n del <strong>A\u00f1o Gaud\u00ed<\/strong>, el proceso creativo de Pintamos V\u00ednculos se inspira en la obra, las t\u00e9cnicas de dibujo y los valores del reconocido arquitecto, incorporando elementos que conectan <strong>creatividad, memoria e identidad colectiva<\/strong>. Adem\u00e1s, el proyecto tambi\u00e9n se enmarca en <strong>Barcelona Capital Mundial de la Arquitectura 2026<\/strong> y en el <strong>150 aniversario de la muerte de Ildefons Cerd\u00e0<\/strong>, reforzando la mirada sobre el espacio p\u00fablico como lugar de convivencia, expresi\u00f3n y cohesi\u00f3n social.<\/p>\n<p><!-- \/wp:paragraph --><!-- wp:paragraph --><\/p>\n<p>Desde La Vostra Llar defendemos el <strong>arte como herramienta de transformaci\u00f3n social<\/strong> que humaniza los espacios urbanos y crea v\u00ednculos reales entre personas.<\/p>\n<p><!-- \/wp:paragraph --><!-- wp:heading --><\/p>\n<h4><strong>Equipo creativo y acompa\u00f1amiento profesional<\/strong><\/h4>\n<p><!-- \/wp:heading --><!-- wp:paragraph --><\/p>\n<p>El proceso creativo cuenta con <strong>Carlos Spogo<\/strong>, especialista en arte social y coordinador del equipo de <a href=\"https:\/\/pintamosmucho.es\/que-es\/\"><strong>Pintamos Mucho<\/strong><\/a>, junto al acompa\u00f1amiento de los equipos de educaci\u00f3n social, psicolog\u00eda y terapia ocupacional de La Vostra Llar.<\/p>\n<h4><strong>Contribuci\u00f3n a los Objetivos de Desarrollo Sostenible<\/strong><\/h4>\n<p><!-- \/wp:paragraph --><!-- wp:paragraph --><\/p>\n<p>Adem\u00e1s, Pintamos V\u00ednculos tiene un <strong>impacto social directo<\/strong> y se alinea con varios <strong>Objetivos de Desarrollo Sostenible (ODS)<\/strong>, especialmente el ODS 3 (Salud y bienestar), el ODS 10 (Reducci\u00f3n de las desigualdades) y el ODS 11 (Ciudades y comunidades sostenibles).<\/p>\n<p><!-- \/wp:paragraph --><!-- wp:paragraph --><\/p>\n<p>Mediante intervenciones art\u00edsticas, el proyecto contribuye a dinamizar el espacio p\u00fablico, fomentar la participaci\u00f3n ciudadana y reforzar la vida comunitaria.<\/p>\n<p><!-- \/wp:paragraph --><!-- wp:heading --><\/p>\n<h4><strong>C\u00f3mo se desarrolla Pintamos V\u00ednculos: fases del proyecto participativo<\/strong><\/h4>\n<p><!-- \/wp:heading --><!-- wp:paragraph --><\/p>\n<p>El proyecto se organiza en diversas fases que combinan <strong>planificaci\u00f3n, alianzas, participaci\u00f3n comunitaria e intervenci\u00f3n en el espacio p\u00fablico<\/strong>:<\/p>\n<p><!-- \/wp:paragraph --><!-- wp:list {\"ordered\":true,\"start\":1} --><\/p>\n<ol class=\"wp-block-list\" start=\"1\">\n<li style=\"list-style-type: none;\">\n<ol class=\"wp-block-list\" start=\"1\"><!-- wp:list-item --><\/ol>\n<\/li>\n<\/ol>\n<ol class=\"wp-block-list\" start=\"1\">\n<li style=\"list-style-type: none;\">\n<ul>\n<li><strong>Planificaci\u00f3n:<\/strong> identificaci\u00f3n de agentes del territorio, an\u00e1lisis de viabilidad y selecci\u00f3n de espacios p\u00fablicos.<\/li>\n<\/ul>\n<\/li>\n<\/ol>\n<p><!-- \/wp:list-item --><!-- wp:list-item --><\/p>\n<ol class=\"wp-block-list\" start=\"1\">\n<li style=\"list-style-type: none;\">\n<ul>\n<li><strong>Alianzas comunitarias y difusi\u00f3n:<\/strong> definici\u00f3n de los roles de participaci\u00f3n, organizaci\u00f3n del calendario y la log\u00edstica, e informaci\u00f3n a familias y personas residentes.<\/li>\n<\/ul>\n<\/li>\n<\/ol>\n<p><!-- \/wp:list-item --><!-- wp:list-item --><\/p>\n<ol class=\"wp-block-list\" start=\"1\">\n<li style=\"list-style-type: none;\">\n<ul>\n<li><strong>Creaci\u00f3n colectiva: <\/strong>sesiones participativas con personas mayores para trabajar recuerdos vinculados a Gaud\u00ed, la ciudad, sus espacios y los valores del mural.<\/li>\n<\/ul>\n<\/li>\n<\/ol>\n<p><!-- \/wp:list-item --><!-- wp:list-item --><\/p>\n<ol class=\"wp-block-list\" start=\"1\">\n<li style=\"list-style-type: none;\">\n<ul>\n<li><strong>Ejecuci\u00f3n del mural:<\/strong> pintura del mural mediante sesiones abiertas con participaci\u00f3n comunitaria, intergeneracional e inclusiva de personas con diversidad funcional.<\/li>\n<\/ul>\n<\/li>\n<\/ol>\n<p><!-- \/wp:list-item --><!-- wp:list-item --><\/p>\n<ol class=\"wp-block-list\" start=\"1\">\n<li style=\"list-style-type: none;\">\n<ul>\n<li><strong>Clausura y retorno comunitario:<\/strong> inauguraci\u00f3n del mural, devoluci\u00f3n del proceso a las personas participantes y evaluaci\u00f3n del impacto social del proyecto.<\/li>\n<\/ul>\n<\/li>\n<\/ol>\n<p><!-- \/wp:list-item --><\/p>\n<p><!-- \/wp:list --><!-- wp:heading --><\/p>\n<h4><strong>Objetivos del proyecto de arte comunitario<\/strong><\/h4>\n<p><!-- \/wp:heading --><!-- wp:paragraph --><\/p>\n<p>Los principales objetivos de Pintamos V\u00ednculos son:<\/p>\n<p><!-- \/wp:paragraph --><!-- wp:list --><\/p>\n<ul class=\"wp-block-list\">\n<li style=\"list-style-type: none;\">\n<ul class=\"wp-block-list\"><!-- wp:list-item --><\/ul>\n<\/li>\n<\/ul>\n<ul class=\"wp-block-list\">\n<li style=\"list-style-type: none;\">\n<ul class=\"wp-block-list\">\n<li>Dar <strong>visibilidad y reconocimiento social a las personas mayores<\/strong>.<\/li>\n<\/ul>\n<\/li>\n<\/ul>\n<p><!-- \/wp:list-item --><!-- wp:list-item --><\/p>\n<ul class=\"wp-block-list\">\n<li style=\"list-style-type: none;\">\n<ul class=\"wp-block-list\">\n<li>Fomentar su <strong>participaci\u00f3n activa<\/strong> en la vida comunitaria.<\/li>\n<\/ul>\n<\/li>\n<\/ul>\n<p><!-- \/wp:list-item --><!-- wp:list-item --><\/p>\n<ul class=\"wp-block-list\">\n<li style=\"list-style-type: none;\">\n<ul class=\"wp-block-list\">\n<li>Reforzar el <strong>v\u00ednculo entre las residencias de personas mayores y su entorno<\/strong>.<\/li>\n<\/ul>\n<\/li>\n<\/ul>\n<p><!-- \/wp:list-item --><!-- wp:list-item --><\/p>\n<ul class=\"wp-block-list\">\n<li style=\"list-style-type: none;\">\n<ul class=\"wp-block-list\">\n<li>Impulsar la <strong>relaci\u00f3n intergeneracional <\/strong>y la<strong> inclusi\u00f3n <\/strong>de personas con diversidad funcionala trav\u00e9s del arte.<\/li>\n<\/ul>\n<\/li>\n<\/ul>\n<p><!-- \/wp:list-item --><!-- wp:list-item --><\/p>\n<ul class=\"wp-block-list\">\n<li style=\"list-style-type: none;\">\n<ul class=\"wp-block-list\">\n<li><strong>Sensibilizar a la sociedad<\/strong> sobre el envejecimiento y la realidad de los centros residenciales, combatiendo estereotipos y prejuicios.<\/li>\n<\/ul>\n<\/li>\n<\/ul>\n<p><!-- \/wp:list-item --><!-- wp:list-item --><\/p>\n<ul class=\"wp-block-list\">\n<li style=\"list-style-type: none;\">\n<ul class=\"wp-block-list\">\n<li>Utilizar el arte urbano como <strong>herramienta socioeducativa, de cohesi\u00f3n social y de expresi\u00f3n colectiva<\/strong>.<\/li>\n<\/ul>\n<\/li>\n<\/ul>\n<p><!-- \/wp:list-item --><\/p>\n<p><!-- \/wp:list --><!-- wp:heading --><\/p>\n<h4><strong>Beneficios para las personas mayores y la comunidad<\/strong><\/h4>\n<p><!-- \/wp:heading --><!-- wp:paragraph --><\/p>\n<p><strong>Personas residentes:<\/strong> aumento del sentimiento de pertenencia, estimulaci\u00f3n cognitiva y emocional, mejora del bienestar y de las relaciones sociales.<\/p>\n<p><!-- \/wp:paragraph --><!-- wp:paragraph --><\/p>\n<p><strong>Entidades y centros educativos:<\/strong> participaci\u00f3n en un proyecto con impacto comunitario, aprendizaje en valores como la empat\u00eda y la inclusi\u00f3n, y establecimiento de futuras colaboraciones.<\/p>\n<p><!-- \/wp:paragraph --><!-- wp:paragraph --><\/p>\n<p><strong>Familias:<\/strong> implicaci\u00f3n en un proyecto compartido y refuerzo del v\u00ednculo con las personas residentes y los centros residenciales.<\/p>\n<p><!-- \/wp:paragraph --><!-- wp:paragraph --><\/p>\n<p><strong>Territorio:<\/strong> mejora del espacio p\u00fablico, creaci\u00f3n de un elemento art\u00edstico identitario y fomento de una comunidad m\u00e1s cohesionada e intergeneracional.<\/p>\n<p><!-- \/wp:paragraph --><!-- wp:paragraph --><\/p>\n<p>Como resultado, el proyecto reafirma el compromiso de La Vostra Llar con la inclusi\u00f3n y la participaci\u00f3n, situando a las personas mayores en el centro de la comunidad.<\/p>\n<p><!-- \/wp:paragraph --><!-- wp:paragraph --><\/p>\n<p><!-- \/wp:paragraph --><\/p>\t\t\t\t\t\t\t\t<\/div>\n\t\t\t\t<\/div>\n\t\t\t\t\t<\/div>\n\t\t<\/div>\n\t\t\t\t\t<\/div>\n\t\t<\/section>\n\t\t\t\t<\/div>\n\t\t","protected":false},"excerpt":{"rendered":"<p>Pintamos V\u00ednculos promueve la inclusi\u00f3n y la participaci\u00f3n situando a las personas mayores en el centro. La Vostra Llar pone en marcha este proyecto que utiliza la creatividad como herramienta de transformaci\u00f3n social para reconocer a las personas mayores y reforzar su papel activo dentro de la comunidad. Esta iniciativa, que cuenta con el apoyo [&hellip;]<\/p>\n","protected":false},"author":12,"featured_media":35253,"comment_status":"closed","ping_status":"closed","sticky":false,"template":"","format":"standard","meta":{"content-type":"","footnotes":""},"categories":[11,47,256,18,245,12,13,14,15,27,16,19,459],"tags":[69,21,7,58,488,311,20],"class_list":["post-35248","post","type-post","status-publish","format-standard","has-post-thumbnail","hentry","category-noticias-blanes","category-noticias-clot","category-noticias-esplugues","category-noticias-gracia","category-noticias-la-marina","category-noticias-la-rambla","category-noticias-les-dalies","category-noticias-les-oliveres","category-noticias-mataro","category-noticias-guell","category-noticias-reig","category-noticias-terrassa","category-residencia-ancianos","tag-actividades-para-mayores","tag-atencion-centrada-en-la-persona","tag-compromiso-social","tag-educacion-artistica","tag-pintamos-vinculos","tag-proyecto-intergeneracional","tag-salud-y-envejecimiento-activo"],"yoast_head":"<!-- This site is optimized with the Yoast SEO plugin v26.0 - https:\/\/yoast.com\/wordpress\/plugins\/seo\/ -->\n<title>Pintamos V\u00ednculos: arte comunitario para impulsar inclusi\u00f3n y participaci\u00f3n de las personas mayores - Noticias La Vostra Llar<\/title>\n<meta name=\"description\" content=\"Un proyecto que utiliza el arte para promover inclusi\u00f3n, participaci\u00f3n y comunidad, situando a las personas mayores en el centro.\" \/>\n<meta name=\"robots\" content=\"index, follow, max-snippet:-1, max-image-preview:large, max-video-preview:-1\" \/>\n<link rel=\"canonical\" href=\"https:\/\/lavostrallar.com\/noticias\/pintamos-vinculos-arte-comunitario-para-impulsar-inclusion-y-participacion-de-las-personas-mayores\/\" \/>\n<meta property=\"og:locale\" content=\"es_ES\" \/>\n<meta property=\"og:type\" content=\"article\" \/>\n<meta property=\"og:title\" content=\"Pintamos V\u00ednculos: arte comunitario para impulsar inclusi\u00f3n y participaci\u00f3n de las personas mayores - Noticias La Vostra Llar\" \/>\n<meta property=\"og:description\" content=\"Un proyecto que utiliza el arte para promover inclusi\u00f3n, participaci\u00f3n y comunidad, situando a las personas mayores en el centro.\" \/>\n<meta property=\"og:url\" content=\"https:\/\/lavostrallar.com\/noticias\/pintamos-vinculos-arte-comunitario-para-impulsar-inclusion-y-participacion-de-las-personas-mayores\/\" \/>\n<meta property=\"og:site_name\" content=\"Noticias La Vostra Llar\" \/>\n<meta property=\"article:publisher\" content=\"https:\/\/www.facebook.com\/lavostra.llar\" \/>\n<meta property=\"article:published_time\" content=\"2026-04-27T13:37:10+00:00\" \/>\n<meta property=\"article:modified_time\" content=\"2026-04-27T15:00:21+00:00\" \/>\n<meta property=\"og:image\" content=\"https:\/\/lavostrallar.com\/noticias\/wp-content\/uploads\/2026\/04\/670262094_1581353637330750_6849459324650639503_n.jpg\" \/>\n\t<meta property=\"og:image:width\" content=\"2000\" \/>\n\t<meta property=\"og:image:height\" content=\"1500\" \/>\n\t<meta property=\"og:image:type\" content=\"image\/jpeg\" \/>\n<meta name=\"author\" content=\"lavostrallar Comunicacio\" \/>\n<meta name=\"twitter:card\" content=\"summary_large_image\" \/>\n<meta name=\"twitter:creator\" content=\"@lavostrallar\" \/>\n<meta name=\"twitter:site\" content=\"@lavostrallar\" \/>\n<meta name=\"twitter:label1\" content=\"Escrito por\" \/>\n\t<meta name=\"twitter:data1\" content=\"lavostrallar Comunicacio\" \/>\n\t<meta name=\"twitter:label2\" content=\"Tiempo de lectura\" \/>\n\t<meta name=\"twitter:data2\" content=\"4 minutos\" \/>\n<script type=\"application\/ld+json\" class=\"yoast-schema-graph\">{\"@context\":\"https:\/\/schema.org\",\"@graph\":[{\"@type\":\"Article\",\"@id\":\"https:\/\/lavostrallar.com\/noticias\/pintamos-vinculos-arte-comunitario-para-impulsar-inclusion-y-participacion-de-las-personas-mayores\/#article\",\"isPartOf\":{\"@id\":\"https:\/\/lavostrallar.com\/noticias\/pintamos-vinculos-arte-comunitario-para-impulsar-inclusion-y-participacion-de-las-personas-mayores\/\"},\"author\":{\"name\":\"lavostrallar Comunicacio\",\"@id\":\"https:\/\/lavostrallar.com\/noticias\/#\/schema\/person\/321f189af5ebbd679ae095028db43fdd\"},\"headline\":\"Pintamos V\u00ednculos: arte comunitario para impulsar inclusi\u00f3n y participaci\u00f3n de las personas mayores\",\"datePublished\":\"2026-04-27T13:37:10+00:00\",\"dateModified\":\"2026-04-27T15:00:21+00:00\",\"mainEntityOfPage\":{\"@id\":\"https:\/\/lavostrallar.com\/noticias\/pintamos-vinculos-arte-comunitario-para-impulsar-inclusion-y-participacion-de-las-personas-mayores\/\"},\"wordCount\":814,\"publisher\":{\"@id\":\"https:\/\/lavostrallar.com\/noticias\/#organization\"},\"image\":{\"@id\":\"https:\/\/lavostrallar.com\/noticias\/pintamos-vinculos-arte-comunitario-para-impulsar-inclusion-y-participacion-de-las-personas-mayores\/#primaryimage\"},\"thumbnailUrl\":\"https:\/\/lavostrallar.com\/noticias\/wp-content\/uploads\/2026\/04\/670262094_1581353637330750_6849459324650639503_n.jpg\",\"keywords\":[\"Actividades para mayores\",\"Atenci\u00f3n centrada en la persona\",\"Compromiso social\",\"Educaci\u00f3n art\u00edstica\",\"Pintamos V\u00ednculos\",\"Proyecto intergeneracional\",\"Salud y envejecimiento activo\"],\"articleSection\":[\"Noticias Blanes\",\"Noticias Clot\",\"Noticias Esplugues\",\"Noticias Gr\u00e0cia\",\"Noticias La Marina\",\"Noticias La Rambla\",\"Noticias Les D\u00e0lies\",\"Noticias Les Oliveres\",\"Noticias Matar\u00f3\",\"Noticias Parc G\u00fcell\",\"Noticias Reig\",\"Noticias Terrassa\",\"Residencia ancianos\"],\"inLanguage\":\"es\"},{\"@type\":\"WebPage\",\"@id\":\"https:\/\/lavostrallar.com\/noticias\/pintamos-vinculos-arte-comunitario-para-impulsar-inclusion-y-participacion-de-las-personas-mayores\/\",\"url\":\"https:\/\/lavostrallar.com\/noticias\/pintamos-vinculos-arte-comunitario-para-impulsar-inclusion-y-participacion-de-las-personas-mayores\/\",\"name\":\"Pintamos V\u00ednculos: arte comunitario para impulsar inclusi\u00f3n y participaci\u00f3n de las personas mayores - Noticias La Vostra Llar\",\"isPartOf\":{\"@id\":\"https:\/\/lavostrallar.com\/noticias\/#website\"},\"primaryImageOfPage\":{\"@id\":\"https:\/\/lavostrallar.com\/noticias\/pintamos-vinculos-arte-comunitario-para-impulsar-inclusion-y-participacion-de-las-personas-mayores\/#primaryimage\"},\"image\":{\"@id\":\"https:\/\/lavostrallar.com\/noticias\/pintamos-vinculos-arte-comunitario-para-impulsar-inclusion-y-participacion-de-las-personas-mayores\/#primaryimage\"},\"thumbnailUrl\":\"https:\/\/lavostrallar.com\/noticias\/wp-content\/uploads\/2026\/04\/670262094_1581353637330750_6849459324650639503_n.jpg\",\"datePublished\":\"2026-04-27T13:37:10+00:00\",\"dateModified\":\"2026-04-27T15:00:21+00:00\",\"description\":\"Un proyecto que utiliza el arte para promover inclusi\u00f3n, participaci\u00f3n y comunidad, situando a las personas mayores en el centro.\",\"breadcrumb\":{\"@id\":\"https:\/\/lavostrallar.com\/noticias\/pintamos-vinculos-arte-comunitario-para-impulsar-inclusion-y-participacion-de-las-personas-mayores\/#breadcrumb\"},\"inLanguage\":\"es\",\"potentialAction\":[{\"@type\":\"ReadAction\",\"target\":[\"https:\/\/lavostrallar.com\/noticias\/pintamos-vinculos-arte-comunitario-para-impulsar-inclusion-y-participacion-de-las-personas-mayores\/\"]}]},{\"@type\":\"ImageObject\",\"inLanguage\":\"es\",\"@id\":\"https:\/\/lavostrallar.com\/noticias\/pintamos-vinculos-arte-comunitario-para-impulsar-inclusion-y-participacion-de-las-personas-mayores\/#primaryimage\",\"url\":\"https:\/\/lavostrallar.com\/noticias\/wp-content\/uploads\/2026\/04\/670262094_1581353637330750_6849459324650639503_n.jpg\",\"contentUrl\":\"https:\/\/lavostrallar.com\/noticias\/wp-content\/uploads\/2026\/04\/670262094_1581353637330750_6849459324650639503_n.jpg\",\"width\":2000,\"height\":1500},{\"@type\":\"BreadcrumbList\",\"@id\":\"https:\/\/lavostrallar.com\/noticias\/pintamos-vinculos-arte-comunitario-para-impulsar-inclusion-y-participacion-de-las-personas-mayores\/#breadcrumb\",\"itemListElement\":[{\"@type\":\"ListItem\",\"position\":1,\"name\":\"Portada\",\"item\":\"https:\/\/lavostrallar.com\/noticias\/\"},{\"@type\":\"ListItem\",\"position\":2,\"name\":\"Pintamos V\u00ednculos: arte comunitario para impulsar inclusi\u00f3n y participaci\u00f3n de las personas mayores\"}]},{\"@type\":\"WebSite\",\"@id\":\"https:\/\/lavostrallar.com\/noticias\/#website\",\"url\":\"https:\/\/lavostrallar.com\/noticias\/\",\"name\":\"La Vostra Llar\",\"description\":\"La Vostra Llar gestiona resid\u00e8ncies geri\u00e0triques des de 1987 amb la missi\u00f3 d\u2019oferir assist\u00e8ncia personalitzada per estimular, acollir i atendre les persones grans amb qualsevol grau de depend\u00e8ncia.\",\"publisher\":{\"@id\":\"https:\/\/lavostrallar.com\/noticias\/#organization\"},\"potentialAction\":[{\"@type\":\"SearchAction\",\"target\":{\"@type\":\"EntryPoint\",\"urlTemplate\":\"https:\/\/lavostrallar.com\/noticias\/?s={search_term_string}\"},\"query-input\":{\"@type\":\"PropertyValueSpecification\",\"valueRequired\":true,\"valueName\":\"search_term_string\"}}],\"inLanguage\":\"es\"},{\"@type\":\"Organization\",\"@id\":\"https:\/\/lavostrallar.com\/noticias\/#organization\",\"name\":\"La Vostra Llar\",\"url\":\"https:\/\/lavostrallar.com\/noticias\/\",\"logo\":{\"@type\":\"ImageObject\",\"inLanguage\":\"es\",\"@id\":\"https:\/\/lavostrallar.com\/noticias\/#\/schema\/logo\/image\/\",\"url\":\"https:\/\/lavostrallar.com\/noticias\/wp-content\/uploads\/2021\/12\/logo_lavostrallar.png\",\"contentUrl\":\"https:\/\/lavostrallar.com\/noticias\/wp-content\/uploads\/2021\/12\/logo_lavostrallar.png\",\"width\":217,\"height\":109,\"caption\":\"La Vostra Llar\"},\"image\":{\"@id\":\"https:\/\/lavostrallar.com\/noticias\/#\/schema\/logo\/image\/\"},\"sameAs\":[\"https:\/\/www.facebook.com\/lavostra.llar\",\"https:\/\/x.com\/lavostrallar\",\"https:\/\/www.instagram.com\/lavostrallar\/\"]},{\"@type\":\"Person\",\"@id\":\"https:\/\/lavostrallar.com\/noticias\/#\/schema\/person\/321f189af5ebbd679ae095028db43fdd\",\"name\":\"lavostrallar Comunicacio\",\"image\":{\"@type\":\"ImageObject\",\"inLanguage\":\"es\",\"@id\":\"https:\/\/lavostrallar.com\/noticias\/#\/schema\/person\/image\/\",\"url\":\"https:\/\/secure.gravatar.com\/avatar\/69a4b73b52c8eedccce42e542861709a5afc2b40e0a43d691da018458db2d41b?s=96&d=mm&r=g\",\"contentUrl\":\"https:\/\/secure.gravatar.com\/avatar\/69a4b73b52c8eedccce42e542861709a5afc2b40e0a43d691da018458db2d41b?s=96&d=mm&r=g\",\"caption\":\"lavostrallar Comunicacio\"},\"url\":\"https:\/\/lavostrallar.com\/noticias\/author\/lavostrallar-comunicacio\/\"}]}<\/script>\n<!-- \/ Yoast SEO plugin. -->","yoast_head_json":{"title":"Pintamos V\u00ednculos: arte comunitario para impulsar inclusi\u00f3n y participaci\u00f3n de las personas mayores - Noticias La Vostra Llar","description":"Un proyecto que utiliza el arte para promover inclusi\u00f3n, participaci\u00f3n y comunidad, situando a las personas mayores en el centro.","robots":{"index":"index","follow":"follow","max-snippet":"max-snippet:-1","max-image-preview":"max-image-preview:large","max-video-preview":"max-video-preview:-1"},"canonical":"https:\/\/lavostrallar.com\/noticias\/pintamos-vinculos-arte-comunitario-para-impulsar-inclusion-y-participacion-de-las-personas-mayores\/","og_locale":"es_ES","og_type":"article","og_title":"Pintamos V\u00ednculos: arte comunitario para impulsar inclusi\u00f3n y participaci\u00f3n de las personas mayores - Noticias La Vostra Llar","og_description":"Un proyecto que utiliza el arte para promover inclusi\u00f3n, participaci\u00f3n y comunidad, situando a las personas mayores en el centro.","og_url":"https:\/\/lavostrallar.com\/noticias\/pintamos-vinculos-arte-comunitario-para-impulsar-inclusion-y-participacion-de-las-personas-mayores\/","og_site_name":"Noticias La Vostra Llar","article_publisher":"https:\/\/www.facebook.com\/lavostra.llar","article_published_time":"2026-04-27T13:37:10+00:00","article_modified_time":"2026-04-27T15:00:21+00:00","og_image":[{"width":2000,"height":1500,"url":"https:\/\/lavostrallar.com\/noticias\/wp-content\/uploads\/2026\/04\/670262094_1581353637330750_6849459324650639503_n.jpg","type":"image\/jpeg"}],"author":"lavostrallar Comunicacio","twitter_card":"summary_large_image","twitter_creator":"@lavostrallar","twitter_site":"@lavostrallar","twitter_misc":{"Escrito por":"lavostrallar Comunicacio","Tiempo de lectura":"4 minutos"},"schema":{"@context":"https:\/\/schema.org","@graph":[{"@type":"Article","@id":"https:\/\/lavostrallar.com\/noticias\/pintamos-vinculos-arte-comunitario-para-impulsar-inclusion-y-participacion-de-las-personas-mayores\/#article","isPartOf":{"@id":"https:\/\/lavostrallar.com\/noticias\/pintamos-vinculos-arte-comunitario-para-impulsar-inclusion-y-participacion-de-las-personas-mayores\/"},"author":{"name":"lavostrallar Comunicacio","@id":"https:\/\/lavostrallar.com\/noticias\/#\/schema\/person\/321f189af5ebbd679ae095028db43fdd"},"headline":"Pintamos V\u00ednculos: arte comunitario para impulsar inclusi\u00f3n y participaci\u00f3n de las personas mayores","datePublished":"2026-04-27T13:37:10+00:00","dateModified":"2026-04-27T15:00:21+00:00","mainEntityOfPage":{"@id":"https:\/\/lavostrallar.com\/noticias\/pintamos-vinculos-arte-comunitario-para-impulsar-inclusion-y-participacion-de-las-personas-mayores\/"},"wordCount":814,"publisher":{"@id":"https:\/\/lavostrallar.com\/noticias\/#organization"},"image":{"@id":"https:\/\/lavostrallar.com\/noticias\/pintamos-vinculos-arte-comunitario-para-impulsar-inclusion-y-participacion-de-las-personas-mayores\/#primaryimage"},"thumbnailUrl":"https:\/\/lavostrallar.com\/noticias\/wp-content\/uploads\/2026\/04\/670262094_1581353637330750_6849459324650639503_n.jpg","keywords":["Actividades para mayores","Atenci\u00f3n centrada en la persona","Compromiso social","Educaci\u00f3n art\u00edstica","Pintamos V\u00ednculos","Proyecto intergeneracional","Salud y envejecimiento activo"],"articleSection":["Noticias Blanes","Noticias Clot","Noticias Esplugues","Noticias Gr\u00e0cia","Noticias La Marina","Noticias La Rambla","Noticias Les D\u00e0lies","Noticias Les Oliveres","Noticias Matar\u00f3","Noticias Parc G\u00fcell","Noticias Reig","Noticias Terrassa","Residencia ancianos"],"inLanguage":"es"},{"@type":"WebPage","@id":"https:\/\/lavostrallar.com\/noticias\/pintamos-vinculos-arte-comunitario-para-impulsar-inclusion-y-participacion-de-las-personas-mayores\/","url":"https:\/\/lavostrallar.com\/noticias\/pintamos-vinculos-arte-comunitario-para-impulsar-inclusion-y-participacion-de-las-personas-mayores\/","name":"Pintamos V\u00ednculos: arte comunitario para impulsar inclusi\u00f3n y participaci\u00f3n de las personas mayores - Noticias La Vostra Llar","isPartOf":{"@id":"https:\/\/lavostrallar.com\/noticias\/#website"},"primaryImageOfPage":{"@id":"https:\/\/lavostrallar.com\/noticias\/pintamos-vinculos-arte-comunitario-para-impulsar-inclusion-y-participacion-de-las-personas-mayores\/#primaryimage"},"image":{"@id":"https:\/\/lavostrallar.com\/noticias\/pintamos-vinculos-arte-comunitario-para-impulsar-inclusion-y-participacion-de-las-personas-mayores\/#primaryimage"},"thumbnailUrl":"https:\/\/lavostrallar.com\/noticias\/wp-content\/uploads\/2026\/04\/670262094_1581353637330750_6849459324650639503_n.jpg","datePublished":"2026-04-27T13:37:10+00:00","dateModified":"2026-04-27T15:00:21+00:00","description":"Un proyecto que utiliza el arte para promover inclusi\u00f3n, participaci\u00f3n y comunidad, situando a las personas mayores en el centro.","breadcrumb":{"@id":"https:\/\/lavostrallar.com\/noticias\/pintamos-vinculos-arte-comunitario-para-impulsar-inclusion-y-participacion-de-las-personas-mayores\/#breadcrumb"},"inLanguage":"es","potentialAction":[{"@type":"ReadAction","target":["https:\/\/lavostrallar.com\/noticias\/pintamos-vinculos-arte-comunitario-para-impulsar-inclusion-y-participacion-de-las-personas-mayores\/"]}]},{"@type":"ImageObject","inLanguage":"es","@id":"https:\/\/lavostrallar.com\/noticias\/pintamos-vinculos-arte-comunitario-para-impulsar-inclusion-y-participacion-de-las-personas-mayores\/#primaryimage","url":"https:\/\/lavostrallar.com\/noticias\/wp-content\/uploads\/2026\/04\/670262094_1581353637330750_6849459324650639503_n.jpg","contentUrl":"https:\/\/lavostrallar.com\/noticias\/wp-content\/uploads\/2026\/04\/670262094_1581353637330750_6849459324650639503_n.jpg","width":2000,"height":1500},{"@type":"BreadcrumbList","@id":"https:\/\/lavostrallar.com\/noticias\/pintamos-vinculos-arte-comunitario-para-impulsar-inclusion-y-participacion-de-las-personas-mayores\/#breadcrumb","itemListElement":[{"@type":"ListItem","position":1,"name":"Portada","item":"https:\/\/lavostrallar.com\/noticias\/"},{"@type":"ListItem","position":2,"name":"Pintamos V\u00ednculos: arte comunitario para impulsar inclusi\u00f3n y participaci\u00f3n de las personas mayores"}]},{"@type":"WebSite","@id":"https:\/\/lavostrallar.com\/noticias\/#website","url":"https:\/\/lavostrallar.com\/noticias\/","name":"La Vostra Llar","description":"La Vostra Llar gestiona resid\u00e8ncies geri\u00e0triques des de 1987 amb la missi\u00f3 d\u2019oferir assist\u00e8ncia personalitzada per estimular, acollir i atendre les persones grans amb qualsevol grau de depend\u00e8ncia.","publisher":{"@id":"https:\/\/lavostrallar.com\/noticias\/#organization"},"potentialAction":[{"@type":"SearchAction","target":{"@type":"EntryPoint","urlTemplate":"https:\/\/lavostrallar.com\/noticias\/?s={search_term_string}"},"query-input":{"@type":"PropertyValueSpecification","valueRequired":true,"valueName":"search_term_string"}}],"inLanguage":"es"},{"@type":"Organization","@id":"https:\/\/lavostrallar.com\/noticias\/#organization","name":"La Vostra Llar","url":"https:\/\/lavostrallar.com\/noticias\/","logo":{"@type":"ImageObject","inLanguage":"es","@id":"https:\/\/lavostrallar.com\/noticias\/#\/schema\/logo\/image\/","url":"https:\/\/lavostrallar.com\/noticias\/wp-content\/uploads\/2021\/12\/logo_lavostrallar.png","contentUrl":"https:\/\/lavostrallar.com\/noticias\/wp-content\/uploads\/2021\/12\/logo_lavostrallar.png","width":217,"height":109,"caption":"La Vostra Llar"},"image":{"@id":"https:\/\/lavostrallar.com\/noticias\/#\/schema\/logo\/image\/"},"sameAs":["https:\/\/www.facebook.com\/lavostra.llar","https:\/\/x.com\/lavostrallar","https:\/\/www.instagram.com\/lavostrallar\/"]},{"@type":"Person","@id":"https:\/\/lavostrallar.com\/noticias\/#\/schema\/person\/321f189af5ebbd679ae095028db43fdd","name":"lavostrallar Comunicacio","image":{"@type":"ImageObject","inLanguage":"es","@id":"https:\/\/lavostrallar.com\/noticias\/#\/schema\/person\/image\/","url":"https:\/\/secure.gravatar.com\/avatar\/69a4b73b52c8eedccce42e542861709a5afc2b40e0a43d691da018458db2d41b?s=96&d=mm&r=g","contentUrl":"https:\/\/secure.gravatar.com\/avatar\/69a4b73b52c8eedccce42e542861709a5afc2b40e0a43d691da018458db2d41b?s=96&d=mm&r=g","caption":"lavostrallar Comunicacio"},"url":"https:\/\/lavostrallar.com\/noticias\/author\/lavostrallar-comunicacio\/"}]}},"_links":{"self":[{"href":"https:\/\/lavostrallar.com\/noticias\/wp-json\/wp\/v2\/posts\/35248","targetHints":{"allow":["GET"]}}],"collection":[{"href":"https:\/\/lavostrallar.com\/noticias\/wp-json\/wp\/v2\/posts"}],"about":[{"href":"https:\/\/lavostrallar.com\/noticias\/wp-json\/wp\/v2\/types\/post"}],"author":[{"embeddable":true,"href":"https:\/\/lavostrallar.com\/noticias\/wp-json\/wp\/v2\/users\/12"}],"replies":[{"embeddable":true,"href":"https:\/\/lavostrallar.com\/noticias\/wp-json\/wp\/v2\/comments?post=35248"}],"version-history":[{"count":44,"href":"https:\/\/lavostrallar.com\/noticias\/wp-json\/wp\/v2\/posts\/35248\/revisions"}],"predecessor-version":[{"id":35295,"href":"https:\/\/lavostrallar.com\/noticias\/wp-json\/wp\/v2\/posts\/35248\/revisions\/35295"}],"wp:featuredmedia":[{"embeddable":true,"href":"https:\/\/lavostrallar.com\/noticias\/wp-json\/wp\/v2\/media\/35253"}],"wp:attachment":[{"href":"https:\/\/lavostrallar.com\/noticias\/wp-json\/wp\/v2\/media?parent=35248"}],"wp:term":[{"taxonomy":"category","embeddable":true,"href":"https:\/\/lavostrallar.com\/noticias\/wp-json\/wp\/v2\/categories?post=35248"},{"taxonomy":"post_tag","embeddable":true,"href":"https:\/\/lavostrallar.com\/noticias\/wp-json\/wp\/v2\/tags?post=35248"}],"curies":[{"name":"wp","href":"https:\/\/api.w.org\/{rel}","templated":true}]}}