	{"id":9908,"date":"2023-03-07T08:37:35","date_gmt":"2023-03-07T08:37:35","guid":{"rendered":"https:\/\/lavostrallar.com\/?p=3944"},"modified":"2025-08-28T18:43:23","modified_gmt":"2025-08-28T16:43:23","slug":"preguntas-frecuentes-sobre-la-ley-de-dependencia-lapad","status":"publish","type":"post","link":"https:\/\/lavostrallar.com\/noticias\/preguntas-frecuentes-sobre-la-ley-de-dependencia-lapad\/","title":{"rendered":"Preguntas frecuentes en las residencias La Vostra Llar sobre la Ley de Dependencia (LAPAD)."},"content":{"rendered":"\t\t<div data-elementor-type=\"wp-post\" data-elementor-id=\"9908\" class=\"elementor elementor-9908\" data-elementor-post-type=\"post\">\n\t\t\t\t\t\t<section class=\"elementor-section elementor-top-section elementor-element elementor-element-144498ce elementor-section-boxed elementor-section-height-default elementor-section-height-default\" data-id=\"144498ce\" data-element_type=\"section\">\n\t\t\t\t\t\t<div class=\"elementor-container elementor-column-gap-default\">\n\t\t\t\t\t<div class=\"elementor-column elementor-col-100 elementor-top-column elementor-element elementor-element-62f9143f\" data-id=\"62f9143f\" data-element_type=\"column\">\n\t\t\t<div class=\"elementor-widget-wrap elementor-element-populated\">\n\t\t\t\t\t\t<div class=\"elementor-element elementor-element-1e1bbd6e elementor-widget elementor-widget-text-editor\" data-id=\"1e1bbd6e\" data-element_type=\"widget\" data-widget_type=\"text-editor.default\">\n\t\t\t\t<div class=\"elementor-widget-container\">\n\t\t\t\t\t\t\t\t\t<p>La <a href=\"https:\/\/www.boe.es\/buscar\/act.php?id=BOE-A-2006-21990\"><strong>Ley de Promoci\u00f3n de la Autonom\u00eda Personal y Atenci\u00f3n a las personas en Situaci\u00f3n de Dependencia<\/strong> (<strong>LAPAD<\/strong>)<\/a> genera bastantes dudas a la hora de conocer los tr\u00e1mites necesarios para optar a recibir ayudas (en servicios o econ\u00f3micas) destinadas a mejorar la calidad de vida de las personas dependientes.<\/p><h2>Preguntas frecuentes de las residencias de ancianos La Vostra Llar sobre la LAPAD.<\/h2><p>A diario, nos hacen llegar a los centros <a href=\"https:\/\/lavostrallar.com\/\"><strong>La Vostra Llar<\/strong><\/a> aquellas personas que est\u00e1n interesadas en que a sus familiares dependientes se les reconozca el derecho a recibir una prestaci\u00f3n para atender sus necesidades.<\/p><p>La dependencia se define como un estado de car\u00e1cter permanente derivado de la edad, la enfermedad o la discapacidad, ligado a la falta o p\u00e9rdida de autonom\u00eda f\u00edsica, mental, intelectual o sensorial.<\/p><h3>Requisitos reconocimiento de la situaci\u00f3n de dependencia:<\/h3><p>&#8211; Residir en Espa\u00f1a desde hace cinco a\u00f1os.<\/p><p>&#8211; En caso de no tener la nacionalidad espa\u00f1ola, adem\u00e1s de cumplir el requisito anterior, se regir\u00e1n por la ley org\u00e1nica sobre leyes y libertades de los extranjeros en Espa\u00f1a y su integraci\u00f3n social.<\/p><p>&#8211; Solicitar el reconocimiento de la dependencia (mediante el trabajador social de servicios sociales del municipio pertinente de la persona interesada o bien mediante el profesional perteneciente al centro residencial o de d\u00eda donde la persona est\u00e9 ingresada. Tambi\u00e9n de forma aut\u00f3noma se puede requerir un impreso de solicitud y rellenarlo).<\/p><p>&#8211; Tener diagnosticado uno de los grados establecidos como situaci\u00f3n de dependencia.<\/p><h5><strong>&#8211; Grado I. Dependencia moderada: <\/strong><\/h5><p>Cuando la persona necesita ayuda para realizar diversas actividades b\u00e1sicas de la vida diaria, por lo menos una vez al d\u00eda. Tambi\u00e9n si tiene necesidades de ayuda intermitente o limitada para su autonom\u00eda personal.<\/p><h5><strong>&#8211; Grado II. Dependencia severa: <\/strong><\/h5><p>Cuando la persona necesita ayuda para realizar diferentes actividades b\u00e1sicas de la vida diaria dos o tres veces al d\u00eda, pero no requiere el soporte permanente de un cuidador.<\/p><h5><strong>&#8211; Grado III. Gran dependencia: <\/strong><\/h5><p>Cuando la persona necesita ayuda para realizar diferentes actividades b\u00e1sicas de la vida diaria varias veces al d\u00eda y, debido a la p\u00e9rdida total de autonom\u00eda f\u00edsica, mental, intelectual o sensorial, necesita el apoyo indispensable y continuo de otra persona o tiene necesidades de apoyo generalizado para su autonom\u00eda personal.<\/p><h3>Informaci\u00f3n para el reconocimiento de grado:<\/h3><ol><li>Informe de salud emitido por un m\u00e9dico de la sanidad p\u00fablica o privada que est\u00e9 colegiado.<\/li><li>Fotocopia del DNI, NIE o pasaporte en vigor.<\/li><li>Certificado de empadronamiento que justifique el domicilio actual y la residencia en Espa\u00f1a durante los \u00faltimos cinco a\u00f1os.<\/li><li>Las personas que no tengan nacionalidad espa\u00f1ola tienen que presentar el certificado de residencia legal.<\/li><li>Si la persona solicitante es pensionista o ya tiene un grado reconocido, tiene que presentar los documentos que lo certifican.<\/li><li>Si la solicitud la realiza un representante legal o un guarda de hecho, \u00e9ste tiene que presentar :<\/li><\/ol><ul><li>Fotocopia del DNI, NIE o pasaporte en vigor.<\/li><li>Tiene que presentar la sentencia judicial donde se le reconoce como tal.<\/li><li>Declaraci\u00f3n de la guarda de hecho.<\/li><\/ul><h3>Tramitaci\u00f3n del grado:<\/h3><p>En los servicios sociales de la Comunidad m\u00e1s pr\u00f3xima al n\u00facleo de convivencia, en las oficinas de la Direcci\u00f3n General de Dependencia o bien a trav\u00e9s de la p\u00e1gina web de la Comunidad Aut\u00f3noma donde resida la persona solicitante, se puede requerir un <strong>impreso de solicitud<\/strong> para tramitar el reconocimiento de grado, que, una vez cumplimentado, se entregar\u00e1 en los registros oficiales, tales como los Servicios Sociales del municipio.<\/p><p>Ser\u00e1 un funcionario <strong>quien valore la situaci\u00f3n de dependencia<\/strong> en el domicilio de la persona (vivienda o residencia en la que se encuentre) mediante BDV (Baremo de Valoraci\u00f3n de los Grados y niveles de dependencia) o EVE (Escala de Valoraci\u00f3n Espec\u00edfica de dependencia), unos test de valoraci\u00f3n de las ABVD (Actividades B\u00e1sicas de la Vida Diaria).<\/p><p>Una vez dictaminada la resoluci\u00f3n (en un m\u00e1ximo de tres meses), la persona tiene que esperar a que el trabajador de servicios sociales o de su centro residencial se ponga en contacto, con el fin de realizar el <strong>programa individual de atenci\u00f3n (PIA)<\/strong>. El PIA es un informe elaborado por los Servicios Sociales del municipio de residencia de la persona solicitante que recoge las modalidades de intervenci\u00f3n m\u00e1s adecuadas para la persona en funci\u00f3n de los recursos previstos en la resoluci\u00f3n para su grado y nivel.<\/p><p>Las prestaciones de atenci\u00f3n a la dependencia pueden tener la naturaleza de un servicio o de una prestaci\u00f3n econ\u00f3mica. La prioridad en el acceso a los servicios la determina el grado y nivel de dependencia.<\/p><h3>Servicios que ofrece la ley de dependencia:<\/h3><ul><li>Servicio de ayuda a domicilio<\/li><li>Servicio de centro de d\u00eda y noche<\/li><li>Servicio de teleasistencia<\/li><li>Prestaci\u00f3n econ\u00f3mica de asistencia personal<\/li><li>Prestaci\u00f3n econ\u00f3mica para atenciones al entorno familiar y apoyo a cuidadores no profesionales<\/li><li>Prestaci\u00f3n vinculada al servicio<\/li><li>Servicio de atenci\u00f3n residencial<\/li><\/ul><p>Hay que tener en cuenta que con una resoluci\u00f3n de grado I no se puede ocupar una plaza p\u00fablica en un centro residencial. Con un grado III la persona percibe una cuant\u00eda de 747,25 euros. Y con un grado II, la persona percibe una cuant\u00eda tambi\u00e9n de 445,3 euros.<\/p><p>En el caso de que la persona mejore o empeore su estado de salud, se puede solicitar una <strong>revisi\u00f3n de grado. <\/strong>Puede solicitarse como m\u00ednimo a los seis meses, por los trabadores sociales, la familia o el propio interesado.<\/p><p>En el supuesto de que la valoraci\u00f3n de grado dicte que la persona ha mejorado, puede producirse un cambio de grado. Por lo tanto, la cuant\u00eda econ\u00f3mica que percibe puede variar. Del mismo modo, si se considera que el servicio que recibe no es necesario o no es equivalente a su necesidad, tambi\u00e9n puede ser substituido por otro.<\/p><p>Esperamos que este art\u00edculo pueda resultar de utilidad a todas aquellas personas interesadas en <strong>solicitar tanto el reconocimiento y valoraci\u00f3n de situaciones de dependencia<\/strong> como el derecho a las distintas prestaciones y servicios contempladas por el Sistema.<\/p><p>\u00a1En residencias de ancianos La Vostra Llar estamos aqu\u00ed para informarte y ayudarte! Cont\u00e1ctanos<\/p>\t\t\t\t\t\t\t\t<\/div>\n\t\t\t\t<\/div>\n\t\t\t\t\t<\/div>\n\t\t<\/div>\n\t\t\t\t\t<\/div>\n\t\t<\/section>\n\t\t\t\t<\/div>\n\t\t","protected":false},"excerpt":{"rendered":"<p>La Ley de Promoci\u00f3n de la Autonom\u00eda Personal y Atenci\u00f3n a las personas en Situaci\u00f3n de Dependencia (LAPAD) genera bastantes dudas a la hora de conocer los tr\u00e1mites necesarios para optar a recibir ayudas (en servicios o econ\u00f3micas) destinadas a mejorar la calidad de vida de las personas dependientes. Preguntas frecuentes de las residencias de [&hellip;]<\/p>\n","protected":false},"author":1,"featured_media":27719,"comment_status":"closed","ping_status":"closed","sticky":false,"template":"","format":"standard","meta":{"content-type":"","footnotes":""},"categories":[124,11,47,18,245,12,13,14,15,27,16,19],"tags":[23,9],"class_list":["post-9908","post","type-post","status-publish","format-standard","has-post-thumbnail","hentry","category-destacado","category-noticias-blanes","category-noticias-clot","category-noticias-gracia","category-noticias-la-marina","category-noticias-la-rambla","category-noticias-les-dalies","category-noticias-les-oliveres","category-noticias-mataro","category-noticias-guell","category-noticias-reig","category-noticias-terrassa","tag-ley-de-dependencia","tag-residencias-de-ancianos"],"yoast_head":"<!-- This site is optimized with the Yoast SEO plugin v26.0 - https:\/\/yoast.com\/wordpress\/plugins\/seo\/ -->\n<title>Preguntas frecuentes sobre la Ley de Dependencia (LAPAD)<\/title>\n<meta name=\"description\" content=\"\u00bfConoces todas las ayudas que se brindan a las personas con Ley de Dependencia? \u00bfTienes preguntas sin resolver? Resuelve aqu\u00ed tus dudas.\" \/>\n<meta name=\"robots\" content=\"index, follow, max-snippet:-1, max-image-preview:large, max-video-preview:-1\" \/>\n<link rel=\"canonical\" href=\"https:\/\/lavostrallar.com\/noticias\/preguntas-frecuentes-sobre-la-ley-de-dependencia-lapad\/\" \/>\n<meta property=\"og:locale\" content=\"es_ES\" \/>\n<meta property=\"og:type\" content=\"article\" \/>\n<meta property=\"og:title\" content=\"Preguntas frecuentes sobre la Ley de Dependencia (LAPAD)\" \/>\n<meta property=\"og:description\" content=\"\u00bfConoces todas las ayudas que se brindan a las personas con Ley de Dependencia? \u00bfTienes preguntas sin resolver? Resuelve aqu\u00ed tus dudas.\" \/>\n<meta property=\"og:url\" content=\"https:\/\/lavostrallar.com\/noticias\/preguntas-frecuentes-sobre-la-ley-de-dependencia-lapad\/\" \/>\n<meta property=\"og:site_name\" content=\"Noticias La Vostra Llar\" \/>\n<meta property=\"article:publisher\" content=\"https:\/\/www.facebook.com\/lavostra.llar\" \/>\n<meta property=\"article:published_time\" content=\"2023-03-07T08:37:35+00:00\" \/>\n<meta property=\"article:modified_time\" content=\"2025-08-28T16:43:23+00:00\" \/>\n<meta property=\"og:image\" content=\"https:\/\/lavostrallar.com\/noticias\/wp-content\/uploads\/2023\/09\/377564122_831848385607362_5561347839932098123_n.jpg\" \/>\n\t<meta property=\"og:image:width\" content=\"1536\" \/>\n\t<meta property=\"og:image:height\" content=\"1386\" \/>\n\t<meta property=\"og:image:type\" content=\"image\/jpeg\" \/>\n<meta name=\"author\" content=\"admin\" \/>\n<meta name=\"twitter:card\" content=\"summary_large_image\" \/>\n<meta name=\"twitter:creator\" content=\"@lavostrallar\" \/>\n<meta name=\"twitter:site\" content=\"@lavostrallar\" \/>\n<meta name=\"twitter:label1\" content=\"Escrito por\" \/>\n\t<meta name=\"twitter:data1\" content=\"admin\" \/>\n\t<meta name=\"twitter:label2\" content=\"Tiempo de lectura\" \/>\n\t<meta name=\"twitter:data2\" content=\"5 minutos\" \/>\n<script type=\"application\/ld+json\" class=\"yoast-schema-graph\">{\"@context\":\"https:\/\/schema.org\",\"@graph\":[{\"@type\":\"Article\",\"@id\":\"https:\/\/lavostrallar.com\/noticias\/preguntas-frecuentes-sobre-la-ley-de-dependencia-lapad\/#article\",\"isPartOf\":{\"@id\":\"https:\/\/lavostrallar.com\/noticias\/preguntas-frecuentes-sobre-la-ley-de-dependencia-lapad\/\"},\"author\":{\"name\":\"admin\",\"@id\":\"https:\/\/lavostrallar.com\/noticias\/#\/schema\/person\/39e704b801e0c519c963d9a376e561e5\"},\"headline\":\"Preguntas frecuentes en las residencias La Vostra Llar sobre la Ley de Dependencia (LAPAD).\",\"datePublished\":\"2023-03-07T08:37:35+00:00\",\"dateModified\":\"2025-08-28T16:43:23+00:00\",\"mainEntityOfPage\":{\"@id\":\"https:\/\/lavostrallar.com\/noticias\/preguntas-frecuentes-sobre-la-ley-de-dependencia-lapad\/\"},\"wordCount\":1090,\"publisher\":{\"@id\":\"https:\/\/lavostrallar.com\/noticias\/#organization\"},\"image\":{\"@id\":\"https:\/\/lavostrallar.com\/noticias\/preguntas-frecuentes-sobre-la-ley-de-dependencia-lapad\/#primaryimage\"},\"thumbnailUrl\":\"https:\/\/lavostrallar.com\/noticias\/wp-content\/uploads\/2023\/09\/377564122_831848385607362_5561347839932098123_n.jpg\",\"keywords\":[\"Ley de dependencia\",\"Residencias de ancianos\"],\"articleSection\":[\"Destacado\",\"Noticias Blanes\",\"Noticias Clot\",\"Noticias Gr\u00e0cia\",\"Noticias La Marina\",\"Noticias La Rambla\",\"Noticias Les D\u00e0lies\",\"Noticias Les Oliveres\",\"Noticias Matar\u00f3\",\"Noticias Parc G\u00fcell\",\"Noticias Reig\",\"Noticias Terrassa\"],\"inLanguage\":\"es\"},{\"@type\":\"WebPage\",\"@id\":\"https:\/\/lavostrallar.com\/noticias\/preguntas-frecuentes-sobre-la-ley-de-dependencia-lapad\/\",\"url\":\"https:\/\/lavostrallar.com\/noticias\/preguntas-frecuentes-sobre-la-ley-de-dependencia-lapad\/\",\"name\":\"Preguntas frecuentes sobre la Ley de Dependencia (LAPAD)\",\"isPartOf\":{\"@id\":\"https:\/\/lavostrallar.com\/noticias\/#website\"},\"primaryImageOfPage\":{\"@id\":\"https:\/\/lavostrallar.com\/noticias\/preguntas-frecuentes-sobre-la-ley-de-dependencia-lapad\/#primaryimage\"},\"image\":{\"@id\":\"https:\/\/lavostrallar.com\/noticias\/preguntas-frecuentes-sobre-la-ley-de-dependencia-lapad\/#primaryimage\"},\"thumbnailUrl\":\"https:\/\/lavostrallar.com\/noticias\/wp-content\/uploads\/2023\/09\/377564122_831848385607362_5561347839932098123_n.jpg\",\"datePublished\":\"2023-03-07T08:37:35+00:00\",\"dateModified\":\"2025-08-28T16:43:23+00:00\",\"description\":\"\u00bfConoces todas las ayudas que se brindan a las personas con Ley de Dependencia? \u00bfTienes preguntas sin resolver? Resuelve aqu\u00ed tus dudas.\",\"breadcrumb\":{\"@id\":\"https:\/\/lavostrallar.com\/noticias\/preguntas-frecuentes-sobre-la-ley-de-dependencia-lapad\/#breadcrumb\"},\"inLanguage\":\"es\",\"potentialAction\":[{\"@type\":\"ReadAction\",\"target\":[\"https:\/\/lavostrallar.com\/noticias\/preguntas-frecuentes-sobre-la-ley-de-dependencia-lapad\/\"]}]},{\"@type\":\"ImageObject\",\"inLanguage\":\"es\",\"@id\":\"https:\/\/lavostrallar.com\/noticias\/preguntas-frecuentes-sobre-la-ley-de-dependencia-lapad\/#primaryimage\",\"url\":\"https:\/\/lavostrallar.com\/noticias\/wp-content\/uploads\/2023\/09\/377564122_831848385607362_5561347839932098123_n.jpg\",\"contentUrl\":\"https:\/\/lavostrallar.com\/noticias\/wp-content\/uploads\/2023\/09\/377564122_831848385607362_5561347839932098123_n.jpg\",\"width\":1536,\"height\":1386},{\"@type\":\"BreadcrumbList\",\"@id\":\"https:\/\/lavostrallar.com\/noticias\/preguntas-frecuentes-sobre-la-ley-de-dependencia-lapad\/#breadcrumb\",\"itemListElement\":[{\"@type\":\"ListItem\",\"position\":1,\"name\":\"Portada\",\"item\":\"https:\/\/lavostrallar.com\/noticias\/\"},{\"@type\":\"ListItem\",\"position\":2,\"name\":\"Preguntas frecuentes en las residencias La Vostra Llar sobre la Ley de Dependencia (LAPAD).\"}]},{\"@type\":\"WebSite\",\"@id\":\"https:\/\/lavostrallar.com\/noticias\/#website\",\"url\":\"https:\/\/lavostrallar.com\/noticias\/\",\"name\":\"La Vostra Llar\",\"description\":\"La Vostra Llar gestiona resid\u00e8ncies geri\u00e0triques des de 1987 amb la missi\u00f3 d\u2019oferir assist\u00e8ncia personalitzada per estimular, acollir i atendre les persones grans amb qualsevol grau de depend\u00e8ncia.\",\"publisher\":{\"@id\":\"https:\/\/lavostrallar.com\/noticias\/#organization\"},\"potentialAction\":[{\"@type\":\"SearchAction\",\"target\":{\"@type\":\"EntryPoint\",\"urlTemplate\":\"https:\/\/lavostrallar.com\/noticias\/?s={search_term_string}\"},\"query-input\":{\"@type\":\"PropertyValueSpecification\",\"valueRequired\":true,\"valueName\":\"search_term_string\"}}],\"inLanguage\":\"es\"},{\"@type\":\"Organization\",\"@id\":\"https:\/\/lavostrallar.com\/noticias\/#organization\",\"name\":\"La Vostra Llar\",\"url\":\"https:\/\/lavostrallar.com\/noticias\/\",\"logo\":{\"@type\":\"ImageObject\",\"inLanguage\":\"es\",\"@id\":\"https:\/\/lavostrallar.com\/noticias\/#\/schema\/logo\/image\/\",\"url\":\"https:\/\/lavostrallar.com\/noticias\/wp-content\/uploads\/2021\/12\/logo_lavostrallar.png\",\"contentUrl\":\"https:\/\/lavostrallar.com\/noticias\/wp-content\/uploads\/2021\/12\/logo_lavostrallar.png\",\"width\":217,\"height\":109,\"caption\":\"La Vostra Llar\"},\"image\":{\"@id\":\"https:\/\/lavostrallar.com\/noticias\/#\/schema\/logo\/image\/\"},\"sameAs\":[\"https:\/\/www.facebook.com\/lavostra.llar\",\"https:\/\/x.com\/lavostrallar\",\"https:\/\/www.instagram.com\/lavostrallar\/\"]},{\"@type\":\"Person\",\"@id\":\"https:\/\/lavostrallar.com\/noticias\/#\/schema\/person\/39e704b801e0c519c963d9a376e561e5\",\"name\":\"admin\",\"image\":{\"@type\":\"ImageObject\",\"inLanguage\":\"es\",\"@id\":\"https:\/\/lavostrallar.com\/noticias\/#\/schema\/person\/image\/\",\"url\":\"https:\/\/secure.gravatar.com\/avatar\/9d4580a48cd1910cc51e0dfd3fd063c0caadea953e64fb47c872043d240ffeab?s=96&d=mm&r=g\",\"contentUrl\":\"https:\/\/secure.gravatar.com\/avatar\/9d4580a48cd1910cc51e0dfd3fd063c0caadea953e64fb47c872043d240ffeab?s=96&d=mm&r=g\",\"caption\":\"admin\"},\"sameAs\":[\"https:\/\/lavostrallar.com\"],\"url\":\"https:\/\/lavostrallar.com\/noticias\/author\/lavostrallar\/\"}]}<\/script>\n<!-- \/ Yoast SEO plugin. -->","yoast_head_json":{"title":"Preguntas frecuentes sobre la Ley de Dependencia (LAPAD)","description":"\u00bfConoces todas las ayudas que se brindan a las personas con Ley de Dependencia? \u00bfTienes preguntas sin resolver? Resuelve aqu\u00ed tus dudas.","robots":{"index":"index","follow":"follow","max-snippet":"max-snippet:-1","max-image-preview":"max-image-preview:large","max-video-preview":"max-video-preview:-1"},"canonical":"https:\/\/lavostrallar.com\/noticias\/preguntas-frecuentes-sobre-la-ley-de-dependencia-lapad\/","og_locale":"es_ES","og_type":"article","og_title":"Preguntas frecuentes sobre la Ley de Dependencia (LAPAD)","og_description":"\u00bfConoces todas las ayudas que se brindan a las personas con Ley de Dependencia? \u00bfTienes preguntas sin resolver? Resuelve aqu\u00ed tus dudas.","og_url":"https:\/\/lavostrallar.com\/noticias\/preguntas-frecuentes-sobre-la-ley-de-dependencia-lapad\/","og_site_name":"Noticias La Vostra Llar","article_publisher":"https:\/\/www.facebook.com\/lavostra.llar","article_published_time":"2023-03-07T08:37:35+00:00","article_modified_time":"2025-08-28T16:43:23+00:00","og_image":[{"width":1536,"height":1386,"url":"https:\/\/lavostrallar.com\/noticias\/wp-content\/uploads\/2023\/09\/377564122_831848385607362_5561347839932098123_n.jpg","type":"image\/jpeg"}],"author":"admin","twitter_card":"summary_large_image","twitter_creator":"@lavostrallar","twitter_site":"@lavostrallar","twitter_misc":{"Escrito por":"admin","Tiempo de lectura":"5 minutos"},"schema":{"@context":"https:\/\/schema.org","@graph":[{"@type":"Article","@id":"https:\/\/lavostrallar.com\/noticias\/preguntas-frecuentes-sobre-la-ley-de-dependencia-lapad\/#article","isPartOf":{"@id":"https:\/\/lavostrallar.com\/noticias\/preguntas-frecuentes-sobre-la-ley-de-dependencia-lapad\/"},"author":{"name":"admin","@id":"https:\/\/lavostrallar.com\/noticias\/#\/schema\/person\/39e704b801e0c519c963d9a376e561e5"},"headline":"Preguntas frecuentes en las residencias La Vostra Llar sobre la Ley de Dependencia (LAPAD).","datePublished":"2023-03-07T08:37:35+00:00","dateModified":"2025-08-28T16:43:23+00:00","mainEntityOfPage":{"@id":"https:\/\/lavostrallar.com\/noticias\/preguntas-frecuentes-sobre-la-ley-de-dependencia-lapad\/"},"wordCount":1090,"publisher":{"@id":"https:\/\/lavostrallar.com\/noticias\/#organization"},"image":{"@id":"https:\/\/lavostrallar.com\/noticias\/preguntas-frecuentes-sobre-la-ley-de-dependencia-lapad\/#primaryimage"},"thumbnailUrl":"https:\/\/lavostrallar.com\/noticias\/wp-content\/uploads\/2023\/09\/377564122_831848385607362_5561347839932098123_n.jpg","keywords":["Ley de dependencia","Residencias de ancianos"],"articleSection":["Destacado","Noticias Blanes","Noticias Clot","Noticias Gr\u00e0cia","Noticias La Marina","Noticias La Rambla","Noticias Les D\u00e0lies","Noticias Les Oliveres","Noticias Matar\u00f3","Noticias Parc G\u00fcell","Noticias Reig","Noticias Terrassa"],"inLanguage":"es"},{"@type":"WebPage","@id":"https:\/\/lavostrallar.com\/noticias\/preguntas-frecuentes-sobre-la-ley-de-dependencia-lapad\/","url":"https:\/\/lavostrallar.com\/noticias\/preguntas-frecuentes-sobre-la-ley-de-dependencia-lapad\/","name":"Preguntas frecuentes sobre la Ley de Dependencia (LAPAD)","isPartOf":{"@id":"https:\/\/lavostrallar.com\/noticias\/#website"},"primaryImageOfPage":{"@id":"https:\/\/lavostrallar.com\/noticias\/preguntas-frecuentes-sobre-la-ley-de-dependencia-lapad\/#primaryimage"},"image":{"@id":"https:\/\/lavostrallar.com\/noticias\/preguntas-frecuentes-sobre-la-ley-de-dependencia-lapad\/#primaryimage"},"thumbnailUrl":"https:\/\/lavostrallar.com\/noticias\/wp-content\/uploads\/2023\/09\/377564122_831848385607362_5561347839932098123_n.jpg","datePublished":"2023-03-07T08:37:35+00:00","dateModified":"2025-08-28T16:43:23+00:00","description":"\u00bfConoces todas las ayudas que se brindan a las personas con Ley de Dependencia? \u00bfTienes preguntas sin resolver? Resuelve aqu\u00ed tus dudas.","breadcrumb":{"@id":"https:\/\/lavostrallar.com\/noticias\/preguntas-frecuentes-sobre-la-ley-de-dependencia-lapad\/#breadcrumb"},"inLanguage":"es","potentialAction":[{"@type":"ReadAction","target":["https:\/\/lavostrallar.com\/noticias\/preguntas-frecuentes-sobre-la-ley-de-dependencia-lapad\/"]}]},{"@type":"ImageObject","inLanguage":"es","@id":"https:\/\/lavostrallar.com\/noticias\/preguntas-frecuentes-sobre-la-ley-de-dependencia-lapad\/#primaryimage","url":"https:\/\/lavostrallar.com\/noticias\/wp-content\/uploads\/2023\/09\/377564122_831848385607362_5561347839932098123_n.jpg","contentUrl":"https:\/\/lavostrallar.com\/noticias\/wp-content\/uploads\/2023\/09\/377564122_831848385607362_5561347839932098123_n.jpg","width":1536,"height":1386},{"@type":"BreadcrumbList","@id":"https:\/\/lavostrallar.com\/noticias\/preguntas-frecuentes-sobre-la-ley-de-dependencia-lapad\/#breadcrumb","itemListElement":[{"@type":"ListItem","position":1,"name":"Portada","item":"https:\/\/lavostrallar.com\/noticias\/"},{"@type":"ListItem","position":2,"name":"Preguntas frecuentes en las residencias La Vostra Llar sobre la Ley de Dependencia (LAPAD)."}]},{"@type":"WebSite","@id":"https:\/\/lavostrallar.com\/noticias\/#website","url":"https:\/\/lavostrallar.com\/noticias\/","name":"La Vostra Llar","description":"La Vostra Llar gestiona resid\u00e8ncies geri\u00e0triques des de 1987 amb la missi\u00f3 d\u2019oferir assist\u00e8ncia personalitzada per estimular, acollir i atendre les persones grans amb qualsevol grau de depend\u00e8ncia.","publisher":{"@id":"https:\/\/lavostrallar.com\/noticias\/#organization"},"potentialAction":[{"@type":"SearchAction","target":{"@type":"EntryPoint","urlTemplate":"https:\/\/lavostrallar.com\/noticias\/?s={search_term_string}"},"query-input":{"@type":"PropertyValueSpecification","valueRequired":true,"valueName":"search_term_string"}}],"inLanguage":"es"},{"@type":"Organization","@id":"https:\/\/lavostrallar.com\/noticias\/#organization","name":"La Vostra Llar","url":"https:\/\/lavostrallar.com\/noticias\/","logo":{"@type":"ImageObject","inLanguage":"es","@id":"https:\/\/lavostrallar.com\/noticias\/#\/schema\/logo\/image\/","url":"https:\/\/lavostrallar.com\/noticias\/wp-content\/uploads\/2021\/12\/logo_lavostrallar.png","contentUrl":"https:\/\/lavostrallar.com\/noticias\/wp-content\/uploads\/2021\/12\/logo_lavostrallar.png","width":217,"height":109,"caption":"La Vostra Llar"},"image":{"@id":"https:\/\/lavostrallar.com\/noticias\/#\/schema\/logo\/image\/"},"sameAs":["https:\/\/www.facebook.com\/lavostra.llar","https:\/\/x.com\/lavostrallar","https:\/\/www.instagram.com\/lavostrallar\/"]},{"@type":"Person","@id":"https:\/\/lavostrallar.com\/noticias\/#\/schema\/person\/39e704b801e0c519c963d9a376e561e5","name":"admin","image":{"@type":"ImageObject","inLanguage":"es","@id":"https:\/\/lavostrallar.com\/noticias\/#\/schema\/person\/image\/","url":"https:\/\/secure.gravatar.com\/avatar\/9d4580a48cd1910cc51e0dfd3fd063c0caadea953e64fb47c872043d240ffeab?s=96&d=mm&r=g","contentUrl":"https:\/\/secure.gravatar.com\/avatar\/9d4580a48cd1910cc51e0dfd3fd063c0caadea953e64fb47c872043d240ffeab?s=96&d=mm&r=g","caption":"admin"},"sameAs":["https:\/\/lavostrallar.com"],"url":"https:\/\/lavostrallar.com\/noticias\/author\/lavostrallar\/"}]}},"_links":{"self":[{"href":"https:\/\/lavostrallar.com\/noticias\/wp-json\/wp\/v2\/posts\/9908","targetHints":{"allow":["GET"]}}],"collection":[{"href":"https:\/\/lavostrallar.com\/noticias\/wp-json\/wp\/v2\/posts"}],"about":[{"href":"https:\/\/lavostrallar.com\/noticias\/wp-json\/wp\/v2\/types\/post"}],"author":[{"embeddable":true,"href":"https:\/\/lavostrallar.com\/noticias\/wp-json\/wp\/v2\/users\/1"}],"replies":[{"embeddable":true,"href":"https:\/\/lavostrallar.com\/noticias\/wp-json\/wp\/v2\/comments?post=9908"}],"version-history":[{"count":16,"href":"https:\/\/lavostrallar.com\/noticias\/wp-json\/wp\/v2\/posts\/9908\/revisions"}],"predecessor-version":[{"id":34840,"href":"https:\/\/lavostrallar.com\/noticias\/wp-json\/wp\/v2\/posts\/9908\/revisions\/34840"}],"wp:featuredmedia":[{"embeddable":true,"href":"https:\/\/lavostrallar.com\/noticias\/wp-json\/wp\/v2\/media\/27719"}],"wp:attachment":[{"href":"https:\/\/lavostrallar.com\/noticias\/wp-json\/wp\/v2\/media?parent=9908"}],"wp:term":[{"taxonomy":"category","embeddable":true,"href":"https:\/\/lavostrallar.com\/noticias\/wp-json\/wp\/v2\/categories?post=9908"},{"taxonomy":"post_tag","embeddable":true,"href":"https:\/\/lavostrallar.com\/noticias\/wp-json\/wp\/v2\/tags?post=9908"}],"curies":[{"name":"wp","href":"https:\/\/api.w.org\/{rel}","templated":true}]}}